{"id":9630,"date":"2022-12-15T10:15:02","date_gmt":"2022-12-15T09:15:02","guid":{"rendered":"https:\/\/serveiseducatius.xtec.cat\/catalunyacentral\/?p=9630"},"modified":"2022-12-13T17:04:27","modified_gmt":"2022-12-13T16:04:27","slug":"1r-congres-internacional-de-la-societat-catalana-de-pedagogia","status":"publish","type":"post","link":"https:\/\/serveiseducatius.xtec.cat\/catalunyacentral\/portada\/1r-congres-internacional-de-la-societat-catalana-de-pedagogia\/","title":{"rendered":"1r Congr\u00e9s Internacional de la Societat Catalana de Pedagogia"},"content":{"rendered":"<p style=\"text-align: center;\">\r\n\t<div class=\"slideshow_container slideshow_container_style-light\" style=\"height: 300px; \" data-slideshow-id=\"9618\" data-style-name=\"style-light\" data-style-version=\"2.3.1\" >\r\n\r\n\t\t\t\t\t<div class=\"slideshow_loading_icon\"><\/div>\r\n\t\t\r\n\t\t<div class=\"slideshow_content\" style=\"display: none;\">\r\n\r\n\t\t\t<div class=\"slideshow_view\">\r\n\t\t\t\t<div class=\"slideshow_slide slideshow_slide_image\">\r\n\t\t\t\t\t\t\t\t\t\t\t<img src=\"https:\/\/serveiseducatius.xtec.cat\/catalunyacentral\/wp-content\/uploads\/usu2513\/2022\/12\/PHOTO-2022-12-02-17-03-39.jpg\" alt=\"PHOTO-2022-12-02-17-03-39\" width=\"2048\" height=\"1536\" \/>\r\n\t\t\t\t\t\t\t\t\t\t<div class=\"slideshow_description_box slideshow_transparent\">\r\n\t\t\t\t\t\t\t\t\t\t\t\t\t\t\t\t\t<\/div>\r\n\t\t\t\t<\/div>\r\n\r\n\t\t\t\t\t\t<div style=\"clear: both;\"><\/div><\/div><div class=\"slideshow_view\">\r\n\t\t\t\t<div class=\"slideshow_slide slideshow_slide_image\">\r\n\t\t\t\t\t\t\t\t\t\t\t<img src=\"https:\/\/serveiseducatius.xtec.cat\/catalunyacentral\/wp-content\/uploads\/usu2513\/2022\/12\/IMG_6286.jpg\" alt=\"IMG_6286\" width=\"640\" height=\"480\" \/>\r\n\t\t\t\t\t\t\t\t\t\t<div class=\"slideshow_description_box slideshow_transparent\">\r\n\t\t\t\t\t\t\t\t\t\t\t\t\t\t\t\t\t<\/div>\r\n\t\t\t\t<\/div>\r\n\r\n\t\t\t\t\t\t<div style=\"clear: both;\"><\/div><\/div><div class=\"slideshow_view\">\r\n\t\t\t\t<div class=\"slideshow_slide slideshow_slide_image\">\r\n\t\t\t\t\t\t\t\t\t\t\t<img src=\"https:\/\/serveiseducatius.xtec.cat\/catalunyacentral\/wp-content\/uploads\/usu2513\/2022\/12\/IMG_6284.jpg\" alt=\"IMG_6284\" width=\"640\" height=\"480\" \/>\r\n\t\t\t\t\t\t\t\t\t\t<div class=\"slideshow_description_box slideshow_transparent\">\r\n\t\t\t\t\t\t\t\t\t\t\t\t\t\t\t\t\t<\/div>\r\n\t\t\t\t<\/div>\r\n\r\n\t\t\t\t\t\t<div style=\"clear: both;\"><\/div><\/div>\r\n\t\t<\/div>\r\n\r\n\t\t<div class=\"slideshow_controlPanel slideshow_transparent\" style=\"display: none;\"><ul><li class=\"slideshow_togglePlay\" data-play-text=\"Visualitza\" data-pause-text=\"Pausa\"><\/li><\/ul><\/div>\r\n\r\n\t\t<div class=\"slideshow_button slideshow_previous slideshow_transparent\" role=\"button\" data-previous-text=\"Anterior\" style=\"display: none;\"><\/div>\r\n\t\t<div class=\"slideshow_button slideshow_next slideshow_transparent\" role=\"button\" data-next-text=\"Seg\u00fcent\" style=\"display: none;\"><\/div>\r\n\r\n\t\t<div class=\"slideshow_pagination\" style=\"display: none;\" data-go-to-text=\"V\u00e9s a la diapositiva\"><div class=\"slideshow_pagination_center\"><\/div><\/div>\r\n\r\n\t\t<!-- WordPress Slideshow Version 2.3.1 -->\r\n\r\n\t\t\t<\/div>\r\n\r\n<\/p>\n<p><span style=\"font-weight: 400;\">Els passats 1, 2 i 3 de desembre es va celebrar el 1r Congr\u00e9s Internacional de la Societat Catalana de Pedagogia a Lleida.\u00a0<\/span><\/p>\n<p><span style=\"font-weight: 400;\">El congr\u00e9s portava per t\u00edtol \u201cLa qualitat educativa en els processos de transformaci\u00f3: per a la inclusi\u00f3, la sostenibilitat i l\u2019\u00e8tica formativa\u201d i va aplegar m\u00e9s de 300 professionals d\u2019educaci\u00f3.\u00a0<\/span><\/p>\n<p><span style=\"font-weight: 400;\">Els temps que vivim exigeixen reflexi\u00f3 i acci\u00f3 compromesa de tots els i les docents per a promoure canvis i millores en la doc\u00e8ncia amb un objectiu clar: identificar qu\u00e8 i com ensenyar al segle XXI, qu\u00e8 caracteritza l\u2019escola en els territoris de parla catalana i quines han de ser les bases per a una transformaci\u00f3 educativa \u00e8tica i sostenible.<\/span><\/p>\n<p><span style=\"font-weight: 400;\">En aquest sentit, es van portar a terme diverses taules rodones, confer\u00e8ncies, pon\u00e8ncies i panells de comunicaci\u00f3 <\/span><span style=\"font-weight: 400;\">sobre les tem\u00e0tiques proposades amb conferenciants de refer\u00e8ncia.<\/span><\/p>\n<p><span style=\"font-weight: 400;\">Per primera vegada es reunien docents des de les primeres edats fins a la universitat, amb la qual cosa es va recollir la mirada tant de l\u2019ensenyament no universitari com de l\u2019universitari, en un context on les persones que hi participaven van tenir tamb\u00e9 l\u2019oportunitat d\u2019establir sinergies i teixir vincles que de ben segur aniran molt m\u00e9s enll\u00e0 del congr\u00e9s tot posant en marxa iniciatives d\u2019intercanvis d\u2019experi\u00e8ncies, visites i treball conjunt.\u00a0<\/span><\/p>\n<p><span style=\"font-weight: 400;\">Del nostre territori (Catalunya Central) hi van participar:<\/span><\/p>\n<ul>\n<li aria-level=\"1\"><b>T\u00e0nia Barbero i M\u00aa Josep Ar\u00e9valo L\u00f3pez (Escoles FEDAC Manresa) <\/b><b>Presentaci\u00f3 per part de l\u2019alumnat. <\/b>ODSs per canviar el m\u00f3n (Cooperativa del B\u00e9 Com\u00fa)<\/li>\n<li style=\"font-weight: 400;\" aria-level=\"1\"><b>Gemma Casasayas, Saray G\u00f3mez Ortiz, i Raquel Mayor (<\/b><b>CFA Carme Karr) <\/b>La personalitzaci\u00f3 de l&#8217;aprenentatge al CFA Carme Karr del CP Lledoners<\/li>\n<li style=\"font-weight: 400;\" aria-level=\"1\"><b>Francesc Gim\u00e9nez F\u00e0bregas i N\u00faria Sams\u00f3 Salvat \u00a0(INS Gurb<\/b><span style=\"font-weight: 400;\">) <\/span><span style=\"font-weight: 400;\">L\u2019organitzaci\u00f3 al servei del PEC: El model de gesti\u00f3 de l\u2019Institut de Gurb.<\/span><\/li>\n<li style=\"font-weight: 400;\" aria-level=\"1\"><b>Natalia Franch i Merc\u00e8 Vi\u00f1as (Escola Llu\u00e7an\u00e8s) <\/b><span style=\"font-weight: 400;\">Com generar coneixement cient\u00edfic aprenent de les habilitats cient\u00edfiques\u00a0<\/span><\/li>\n<li style=\"font-weight: 400;\" aria-level=\"1\"><b>Marta Marimon-Mart\u00ed, Laia Sol\u00e9-Coromina, Mia G\u00fcell Devesa,\u00a0 <\/b><b style=\"font-family: inherit; font-size: 1em;\">Montserrat Rierola de Mas \u00a0\u00a0(UVic) <\/b>\u00c9ssers de ribera. Un projecte multidisciplinari d\u2019educaci\u00f3 infantil<\/li>\n<\/ul>\n<p><span style=\"font-weight: 400;\">Tres dies dedicats de manera <\/span><span style=\"font-weight: 400;\">\u00edntegra a l\u2019ensenyament, l\u2019educaci\u00f3, la pedagogia i la llengua.<\/span><\/p>\n","protected":false},"excerpt":{"rendered":"<p>Els passats 1, 2 i 3 de desembre es va celebrar el 1r Congr\u00e9s Internacional de la Societat Catalana de [&hellip;]<\/p>\n","protected":false},"author":3,"featured_media":0,"comment_status":"closed","ping_status":"closed","sticky":false,"template":"","format":"standard","meta":{"_bbp_topic_count":0,"_bbp_reply_count":0,"_bbp_total_topic_count":0,"_bbp_total_reply_count":0,"_bbp_voice_count":0,"_bbp_anonymous_reply_count":0,"_bbp_topic_count_hidden":0,"_bbp_reply_count_hidden":0,"_bbp_forum_subforum_count":0,"site-sidebar-layout":"default","site-content-layout":"","ast-site-content-layout":"","site-content-style":"default","site-sidebar-style":"default","ast-global-header-display":"","ast-banner-title-visibility":"","ast-main-header-display":"","ast-hfb-above-header-display":"","ast-hfb-below-header-display":"","ast-hfb-mobile-header-display":"","site-post-title":"","ast-breadcrumbs-content":"","ast-featured-img":"","footer-sml-layout":"","theme-transparent-header-meta":"","adv-header-id-meta":"","stick-header-meta":"","header-above-stick-meta":"","header-main-stick-meta":"","header-below-stick-meta":"","astra-migrate-meta-layouts":"default","ast-page-background-enabled":"default","ast-page-background-meta":{"desktop":{"background-color":"var(--ast-global-color-4)","background-image":"","background-repeat":"repeat","background-position":"center center","background-size":"auto","background-attachment":"scroll","background-type":"","background-media":"","overlay-type":"","overlay-color":"","overlay-opacity":"","overlay-gradient":""},"tablet":{"background-color":"","background-image":"","background-repeat":"repeat","background-position":"center center","background-size":"auto","background-attachment":"scroll","background-type":"","background-media":"","overlay-type":"","overlay-color":"","overlay-opacity":"","overlay-gradient":""},"mobile":{"background-color":"","background-image":"","background-repeat":"repeat","background-position":"center center","background-size":"auto","background-attachment":"scroll","background-type":"","background-media":"","overlay-type":"","overlay-color":"","overlay-opacity":"","overlay-gradient":""}},"ast-content-background-meta":{"desktop":{"background-color":"var(--ast-global-color-5)","background-image":"","background-repeat":"repeat","background-position":"center center","background-size":"auto","background-attachment":"scroll","background-type":"","background-media":"","overlay-type":"","overlay-color":"","overlay-opacity":"","overlay-gradient":""},"tablet":{"background-color":"var(--ast-global-color-5)","background-image":"","background-repeat":"repeat","background-position":"center center","background-size":"auto","background-attachment":"scroll","background-type":"","background-media":"","overlay-type":"","overlay-color":"","overlay-opacity":"","overlay-gradient":""},"mobile":{"background-color":"var(--ast-global-color-5)","background-image":"","background-repeat":"repeat","background-position":"center center","background-size":"auto","background-attachment":"scroll","background-type":"","background-media":"","overlay-type":"","overlay-color":"","overlay-opacity":"","overlay-gradient":""}},"footnotes":""},"categories":[285,29],"tags":[],"class_list":["post-9630","post","type-post","status-publish","format-standard","hentry","category-innovacio","category-portada"],"post_mailing_queue_ids":[],"_links":{"self":[{"href":"https:\/\/serveiseducatius.xtec.cat\/catalunyacentral\/wp-json\/wp\/v2\/posts\/9630","targetHints":{"allow":["GET"]}}],"collection":[{"href":"https:\/\/serveiseducatius.xtec.cat\/catalunyacentral\/wp-json\/wp\/v2\/posts"}],"about":[{"href":"https:\/\/serveiseducatius.xtec.cat\/catalunyacentral\/wp-json\/wp\/v2\/types\/post"}],"author":[{"embeddable":true,"href":"https:\/\/serveiseducatius.xtec.cat\/catalunyacentral\/wp-json\/wp\/v2\/users\/3"}],"replies":[{"embeddable":true,"href":"https:\/\/serveiseducatius.xtec.cat\/catalunyacentral\/wp-json\/wp\/v2\/comments?post=9630"}],"version-history":[{"count":3,"href":"https:\/\/serveiseducatius.xtec.cat\/catalunyacentral\/wp-json\/wp\/v2\/posts\/9630\/revisions"}],"predecessor-version":[{"id":9634,"href":"https:\/\/serveiseducatius.xtec.cat\/catalunyacentral\/wp-json\/wp\/v2\/posts\/9630\/revisions\/9634"}],"wp:attachment":[{"href":"https:\/\/serveiseducatius.xtec.cat\/catalunyacentral\/wp-json\/wp\/v2\/media?parent=9630"}],"wp:term":[{"taxonomy":"category","embeddable":true,"href":"https:\/\/serveiseducatius.xtec.cat\/catalunyacentral\/wp-json\/wp\/v2\/categories?post=9630"},{"taxonomy":"post_tag","embeddable":true,"href":"https:\/\/serveiseducatius.xtec.cat\/catalunyacentral\/wp-json\/wp\/v2\/tags?post=9630"}],"curies":[{"name":"wp","href":"https:\/\/api.w.org\/{rel}","templated":true}]}}