{"id":9622,"date":"2022-12-12T08:55:30","date_gmt":"2022-12-12T07:55:30","guid":{"rendered":"https:\/\/serveiseducatius.xtec.cat\/catalunyacentral\/?p=9622"},"modified":"2022-12-12T08:55:30","modified_gmt":"2022-12-12T07:55:30","slug":"novetats-al-concurs-al-nostre-centre-ho-fem-be","status":"publish","type":"post","link":"https:\/\/serveiseducatius.xtec.cat\/catalunyacentral\/general\/novetats-al-concurs-al-nostre-centre-ho-fem-be\/","title":{"rendered":"Novetats al concurs \u201cAL NOSTRE CENTRE HO FEM B\u00c9\u201d"},"content":{"rendered":"<p style=\"font-weight: 400;\"><strong>S&#8217;amplia el termini<\/strong>\u00a0del concurs\u00a0\u201c<strong>AL NOSTRE CENTRE HO FEM B\u00c9<\/strong>\u201d. Teniu temps\u00a0<strong>fins el 24 de febrer\u00a0<\/strong>per a presentar les vostres\u00a0<strong>bones pr\u00e0ctiques\u00a0<\/strong>per promoure l&#8217;alimentaci\u00f3 saludable, l&#8217;activitat f\u00edsica, el descans adequat i una bona salut emocional.<\/p>\n<p style=\"font-weight: 400;\">\u00c9s f\u00e0cil,\u00a0<strong>nom\u00e9s cal que graveu un v\u00eddeo senzill de m\u00e0xim 2 minuts<\/strong>\u00a0on es vegin o s\u2019expliquin algunes de les bones pr\u00e0ctiques que porteu a terme al vostre centre.<\/p>\n<p style=\"font-weight: 400;\">Si no veieu clar penjar el v\u00eddeo a Instagram, el podeu fer arribar al correu electr\u00f2nic\u00a0<a href=\"mailto:feshobeosona@gmail.com\">feshobeosona@gmail.com<\/a>\u00a0(en aquest cas nom\u00e9s optareu als premis escollits pel jurat).<\/p>\n<p style=\"font-weight: 400;\">Els bons h\u00e0bits s\u2019encomanen, i per tant, compartir aquests projectes\u00a0 amb la comunitat ens ajuda a cr\u00e9ixer amb salut. Fes-ho b\u00e9! \u00e9s un projecte on hi participen diferents entitats de la comarca vinculades a\u00a0diferents \u00e0mbits: salut, esport, educaci\u00f3, m\u00f3n local i tercer sector.<\/p>\n<p style=\"font-weight: 400;\">Feu una ullada a les <a href=\"https:\/\/drive.google.com\/file\/d\/1GPEGuk5X-XiXdjyvMYW2XQqNo28lfC_C\/view?usp=sharing\">bases del concurs amb les novetats actualitzades!<\/a><\/p>\n","protected":false},"excerpt":{"rendered":"<p>S&#8217;amplia el termini\u00a0del concurs\u00a0\u201cAL NOSTRE CENTRE HO FEM B\u00c9\u201d. Teniu temps\u00a0fins el 24 de febrer\u00a0per a presentar les vostres\u00a0bones pr\u00e0ctiques\u00a0per [&hellip;]<\/p>\n","protected":false},"author":3,"featured_media":0,"comment_status":"closed","ping_status":"closed","sticky":false,"template":"","format":"standard","meta":{"_bbp_topic_count":0,"_bbp_reply_count":0,"_bbp_total_topic_count":0,"_bbp_total_reply_count":0,"_bbp_voice_count":0,"_bbp_anonymous_reply_count":0,"_bbp_topic_count_hidden":0,"_bbp_reply_count_hidden":0,"_bbp_forum_subforum_count":0,"site-sidebar-layout":"default","site-content-layout":"","ast-site-content-layout":"","site-content-style":"default","site-sidebar-style":"default","ast-global-header-display":"","ast-banner-title-visibility":"","ast-main-header-display":"","ast-hfb-above-header-display":"","ast-hfb-below-header-display":"","ast-hfb-mobile-header-display":"","site-post-title":"","ast-breadcrumbs-content":"","ast-featured-img":"","footer-sml-layout":"","theme-transparent-header-meta":"","adv-header-id-meta":"","stick-header-meta":"","header-above-stick-meta":"","header-main-stick-meta":"","header-below-stick-meta":"","astra-migrate-meta-layouts":"default","ast-page-background-enabled":"default","ast-page-background-meta":{"desktop":{"background-color":"var(--ast-global-color-4)","background-image":"","background-repeat":"repeat","background-position":"center center","background-size":"auto","background-attachment":"scroll","background-type":"","background-media":"","overlay-type":"","overlay-color":"","overlay-opacity":"","overlay-gradient":""},"tablet":{"background-color":"","background-image":"","background-repeat":"repeat","background-position":"center center","background-size":"auto","background-attachment":"scroll","background-type":"","background-media":"","overlay-type":"","overlay-color":"","overlay-opacity":"","overlay-gradient":""},"mobile":{"background-color":"","background-image":"","background-repeat":"repeat","background-position":"center center","background-size":"auto","background-attachment":"scroll","background-type":"","background-media":"","overlay-type":"","overlay-color":"","overlay-opacity":"","overlay-gradient":""}},"ast-content-background-meta":{"desktop":{"background-color":"var(--ast-global-color-5)","background-image":"","background-repeat":"repeat","background-position":"center center","background-size":"auto","background-attachment":"scroll","background-type":"","background-media":"","overlay-type":"","overlay-color":"","overlay-opacity":"","overlay-gradient":""},"tablet":{"background-color":"var(--ast-global-color-5)","background-image":"","background-repeat":"repeat","background-position":"center center","background-size":"auto","background-attachment":"scroll","background-type":"","background-media":"","overlay-type":"","overlay-color":"","overlay-opacity":"","overlay-gradient":""},"mobile":{"background-color":"var(--ast-global-color-5)","background-image":"","background-repeat":"repeat","background-position":"center center","background-size":"auto","background-attachment":"scroll","background-type":"","background-media":"","overlay-type":"","overlay-color":"","overlay-opacity":"","overlay-gradient":""}},"footnotes":""},"categories":[1,29],"tags":[],"class_list":["post-9622","post","type-post","status-publish","format-standard","hentry","category-general","category-portada"],"post_mailing_queue_ids":[],"_links":{"self":[{"href":"https:\/\/serveiseducatius.xtec.cat\/catalunyacentral\/wp-json\/wp\/v2\/posts\/9622","targetHints":{"allow":["GET"]}}],"collection":[{"href":"https:\/\/serveiseducatius.xtec.cat\/catalunyacentral\/wp-json\/wp\/v2\/posts"}],"about":[{"href":"https:\/\/serveiseducatius.xtec.cat\/catalunyacentral\/wp-json\/wp\/v2\/types\/post"}],"author":[{"embeddable":true,"href":"https:\/\/serveiseducatius.xtec.cat\/catalunyacentral\/wp-json\/wp\/v2\/users\/3"}],"replies":[{"embeddable":true,"href":"https:\/\/serveiseducatius.xtec.cat\/catalunyacentral\/wp-json\/wp\/v2\/comments?post=9622"}],"version-history":[{"count":1,"href":"https:\/\/serveiseducatius.xtec.cat\/catalunyacentral\/wp-json\/wp\/v2\/posts\/9622\/revisions"}],"predecessor-version":[{"id":9623,"href":"https:\/\/serveiseducatius.xtec.cat\/catalunyacentral\/wp-json\/wp\/v2\/posts\/9622\/revisions\/9623"}],"wp:attachment":[{"href":"https:\/\/serveiseducatius.xtec.cat\/catalunyacentral\/wp-json\/wp\/v2\/media?parent=9622"}],"wp:term":[{"taxonomy":"category","embeddable":true,"href":"https:\/\/serveiseducatius.xtec.cat\/catalunyacentral\/wp-json\/wp\/v2\/categories?post=9622"},{"taxonomy":"post_tag","embeddable":true,"href":"https:\/\/serveiseducatius.xtec.cat\/catalunyacentral\/wp-json\/wp\/v2\/tags?post=9622"}],"curies":[{"name":"wp","href":"https:\/\/api.w.org\/{rel}","templated":true}]}}