{"id":9604,"date":"2022-12-01T08:06:10","date_gmt":"2022-12-01T07:06:10","guid":{"rendered":"https:\/\/serveiseducatius.xtec.cat\/catalunyacentral\/?p=9604"},"modified":"2022-11-30T08:34:42","modified_gmt":"2022-11-30T07:34:42","slug":"xix-jornades-internacionals-de-recerca-en-didactica-de-les-ciencies-socials-2","status":"publish","type":"post","link":"https:\/\/serveiseducatius.xtec.cat\/catalunyacentral\/general\/xix-jornades-internacionals-de-recerca-en-didactica-de-les-ciencies-socials-2\/","title":{"rendered":"XIX Jornades Internacionals de Recerca en Did\u00e0ctica de les Ci\u00e8ncies Socials"},"content":{"rendered":"<p style=\"text-align: center;\"><a href=\"https:\/\/serveiseducatius.xtec.cat\/catalunyacentral\/wp-content\/uploads\/usu2513\/2022\/11\/jornades.png\"><img loading=\"lazy\" decoding=\"async\" class=\"alignnone size-full wp-image-9605\" src=\"https:\/\/serveiseducatius.xtec.cat\/catalunyacentral\/wp-content\/uploads\/usu2513\/2022\/11\/jornades.png\" alt=\"\" width=\"621\" height=\"235\" \/><\/a><\/p>\n<p class=\"m_3890700439924092124contentpasted01\">Els propers <strong>9, 10 i 11 de febrer del 2023<\/strong> tindran lloc les <strong>XIX Jornades Internacionals de Recerca en Did\u00e0ctica de les Ci\u00e8ncies Socials<\/strong>, organitzades per la Unitat Departamental de Did\u00e0ctica de les Ci\u00e8ncies Socials i GREDICS, de la Universitat Aut\u00f2noma de Barcelona. <span lang=\"ES\">\u00a0<\/span><u><\/u><u><\/u><\/p>\n<p>En aquestes XIX Jornades es plantegen tractar els <strong>CONFLICTES<\/strong>, com a concepte amb significats m\u00faltiples i l\u00edmits difusos.<\/p>\n<p>Podeu realitzar la inscripci\u00f3 fent clic <a href=\"https:\/\/forms.office.com\/Pages\/ResponsePage.aspx?id=KUxRa5EjMUi3dITzXEW_ARF6acbLrlRBp2APjlcRrClUNlQ1WkhLVlJHSFA5MDk2SDE5M0U5R1owUy4u\">aqu\u00ed<\/a>.\u00a0<u><\/u><u><\/u><\/p>\n<p class=\"m_3890700439924092124contentpasted01\">Si teniu qualsevol dubte, podeu posar-vos en contacte amb l&#8217;organitzaci\u00f3 a trav\u00e9s d&#8217;aquesta adre\u00e7a de correu electr\u00f2nic: <a href=\"mailto:gredics@uab.cat\" target=\"_blank\" rel=\"noopener\">gredics@uab.cat<\/a>. Tamb\u00e9 podeu consultar el web:\u00a0<a href=\"https:\/\/webs.uab.cat\/jornadesdcs\/\" target=\"_blank\" rel=\"noopener\" data-saferedirecturl=\"https:\/\/www.google.com\/url?q=https:\/\/webs.uab.cat\/jornadesdcs\/&amp;source=gmail&amp;ust=1669876472804000&amp;usg=AOvVaw3PG65X4zhmG8-8gL8Oq9EG\">https:\/\/webs.uab.cat\/<wbr \/>jornadesdcs\/<\/a><\/p>\n","protected":false},"excerpt":{"rendered":"<p>Els propers 9, 10 i 11 de febrer del 2023 tindran lloc les XIX Jornades Internacionals de Recerca en Did\u00e0ctica [&hellip;]<\/p>\n","protected":false},"author":3,"featured_media":9605,"comment_status":"closed","ping_status":"closed","sticky":false,"template":"","format":"standard","meta":{"_bbp_topic_count":0,"_bbp_reply_count":0,"_bbp_total_topic_count":0,"_bbp_total_reply_count":0,"_bbp_voice_count":0,"_bbp_anonymous_reply_count":0,"_bbp_topic_count_hidden":0,"_bbp_reply_count_hidden":0,"_bbp_forum_subforum_count":0,"site-sidebar-layout":"default","site-content-layout":"","ast-site-content-layout":"","site-content-style":"default","site-sidebar-style":"default","ast-global-header-display":"","ast-banner-title-visibility":"","ast-main-header-display":"","ast-hfb-above-header-display":"","ast-hfb-below-header-display":"","ast-hfb-mobile-header-display":"","site-post-title":"","ast-breadcrumbs-content":"","ast-featured-img":"","footer-sml-layout":"","theme-transparent-header-meta":"","adv-header-id-meta":"","stick-header-meta":"","header-above-stick-meta":"","header-main-stick-meta":"","header-below-stick-meta":"","astra-migrate-meta-layouts":"default","ast-page-background-enabled":"default","ast-page-background-meta":{"desktop":{"background-color":"var(--ast-global-color-4)","background-image":"","background-repeat":"repeat","background-position":"center center","background-size":"auto","background-attachment":"scroll","background-type":"","background-media":"","overlay-type":"","overlay-color":"","overlay-opacity":"","overlay-gradient":""},"tablet":{"background-color":"","background-image":"","background-repeat":"repeat","background-position":"center center","background-size":"auto","background-attachment":"scroll","background-type":"","background-media":"","overlay-type":"","overlay-color":"","overlay-opacity":"","overlay-gradient":""},"mobile":{"background-color":"","background-image":"","background-repeat":"repeat","background-position":"center center","background-size":"auto","background-attachment":"scroll","background-type":"","background-media":"","overlay-type":"","overlay-color":"","overlay-opacity":"","overlay-gradient":""}},"ast-content-background-meta":{"desktop":{"background-color":"var(--ast-global-color-5)","background-image":"","background-repeat":"repeat","background-position":"center center","background-size":"auto","background-attachment":"scroll","background-type":"","background-media":"","overlay-type":"","overlay-color":"","overlay-opacity":"","overlay-gradient":""},"tablet":{"background-color":"var(--ast-global-color-5)","background-image":"","background-repeat":"repeat","background-position":"center center","background-size":"auto","background-attachment":"scroll","background-type":"","background-media":"","overlay-type":"","overlay-color":"","overlay-opacity":"","overlay-gradient":""},"mobile":{"background-color":"var(--ast-global-color-5)","background-image":"","background-repeat":"repeat","background-position":"center center","background-size":"auto","background-attachment":"scroll","background-type":"","background-media":"","overlay-type":"","overlay-color":"","overlay-opacity":"","overlay-gradient":""}},"footnotes":""},"categories":[1,29],"tags":[],"class_list":["post-9604","post","type-post","status-publish","format-standard","has-post-thumbnail","hentry","category-general","category-portada"],"post_mailing_queue_ids":[],"_links":{"self":[{"href":"https:\/\/serveiseducatius.xtec.cat\/catalunyacentral\/wp-json\/wp\/v2\/posts\/9604","targetHints":{"allow":["GET"]}}],"collection":[{"href":"https:\/\/serveiseducatius.xtec.cat\/catalunyacentral\/wp-json\/wp\/v2\/posts"}],"about":[{"href":"https:\/\/serveiseducatius.xtec.cat\/catalunyacentral\/wp-json\/wp\/v2\/types\/post"}],"author":[{"embeddable":true,"href":"https:\/\/serveiseducatius.xtec.cat\/catalunyacentral\/wp-json\/wp\/v2\/users\/3"}],"replies":[{"embeddable":true,"href":"https:\/\/serveiseducatius.xtec.cat\/catalunyacentral\/wp-json\/wp\/v2\/comments?post=9604"}],"version-history":[{"count":1,"href":"https:\/\/serveiseducatius.xtec.cat\/catalunyacentral\/wp-json\/wp\/v2\/posts\/9604\/revisions"}],"predecessor-version":[{"id":9606,"href":"https:\/\/serveiseducatius.xtec.cat\/catalunyacentral\/wp-json\/wp\/v2\/posts\/9604\/revisions\/9606"}],"wp:featuredmedia":[{"embeddable":true,"href":"https:\/\/serveiseducatius.xtec.cat\/catalunyacentral\/wp-json\/wp\/v2\/media\/9605"}],"wp:attachment":[{"href":"https:\/\/serveiseducatius.xtec.cat\/catalunyacentral\/wp-json\/wp\/v2\/media?parent=9604"}],"wp:term":[{"taxonomy":"category","embeddable":true,"href":"https:\/\/serveiseducatius.xtec.cat\/catalunyacentral\/wp-json\/wp\/v2\/categories?post=9604"},{"taxonomy":"post_tag","embeddable":true,"href":"https:\/\/serveiseducatius.xtec.cat\/catalunyacentral\/wp-json\/wp\/v2\/tags?post=9604"}],"curies":[{"name":"wp","href":"https:\/\/api.w.org\/{rel}","templated":true}]}}