{"id":9596,"date":"2022-11-28T08:52:43","date_gmt":"2022-11-28T07:52:43","guid":{"rendered":"https:\/\/serveiseducatius.xtec.cat\/catalunyacentral\/?p=9596"},"modified":"2022-11-28T08:52:43","modified_gmt":"2022-11-28T07:52:43","slug":"premi-al-programa-dinnovacio-pedagogica-de-practiques-del-mufps-en-la-categoria-workforce-support-2022-european-social-service-awards","status":"publish","type":"post","link":"https:\/\/serveiseducatius.xtec.cat\/catalunyacentral\/general\/premi-al-programa-dinnovacio-pedagogica-de-practiques-del-mufps-en-la-categoria-workforce-support-2022-european-social-service-awards\/","title":{"rendered":"Premi al Programa d\u2019Innovaci\u00f3 pedag\u00f2gica de pr\u00e0ctiques del MUFPS, en la categoria Workforce Support. 2022 European Social Service Awards"},"content":{"rendered":"<div dir=\"ltr\">\n<div class=\"gmail_quote\">\n<div dir=\"ltr\">\n<p>El passat <strong>17 de novembre<\/strong><span class=\"gmail_default\">\u00a0es van lliurar els<\/span>\u00a0Premis\u00a0<strong><i>European Social Services Awards 2022. Innovation for Social Change<\/i><i>\u00a0<\/i>que convoca anualment l\u2019<\/strong><i><strong>European Social Network<\/strong>.\u00a0<\/i><i>Una comunitat de m\u00e9s de 150 institucions p\u00fabliques a nivell local, regional i nacional de 34 pa\u00efsos.<\/i><\/p>\n<\/div>\n<\/div>\n<\/div>\n<div dir=\"ltr\">\n<div class=\"gmail_quote\">\n<div dir=\"ltr\">\n<p>Aquests premis s\u00f3n una oportunitat de mostrar i compartir amb la resta de pa\u00efsos europeus les propostes que s\u2019estan duent a terme dins de l\u2019\u00e0mbit dels Serveis Socials per a la millora de la nostra societat.<\/p>\n<p>Dels 84 projectes presentats, es van seleccionar 35, repartits en 6 categories.<\/p>\n<ul>\n<li>Service Delivery<\/li>\n<li>Worforce Support<\/li>\n<li>Collaborative Practise<\/li>\n<li>Tecnology Tool<\/li>\n<li>Research Project<\/li>\n<li>Excellence Awards for social innovation in cities<\/li>\n<\/ul>\n<p>El\u00a0<b>Programa d\u2019Innovaci\u00f3 pedag\u00f2gica de pr\u00e0ctiques del m\u00e0ster de secund\u00e0ria<\/b>\u00a0(MUFPS) ha estat premiat en la categoria\u00a0<i><b>Worforce Support<\/b><\/i><i>,<\/i>un reconeixement al treball i la professionalitat docent, la innovaci\u00f3 i l\u2019educaci\u00f3 del nostre pa\u00eds.<\/p>\n<\/div>\n<\/div>\n<\/div>\n<div dir=\"ltr\">\n<div class=\"gmail_quote\">\n<div dir=\"ltr\">\n<p><b style=\"color: #222222; font-family: inherit; font-size: 1em;\">Enhorabona als centres formadors que participen en el Programa i a totes les persones implicades en el seu desenvolupament!<\/b><\/p>\n<\/div>\n<\/div>\n<\/div>\n","protected":false},"excerpt":{"rendered":"<p>El passat 17 de novembre\u00a0es van lliurar els\u00a0Premis\u00a0European Social Services Awards 2022. Innovation for Social Change\u00a0que convoca anualment l\u2019European Social [&hellip;]<\/p>\n","protected":false},"author":3,"featured_media":0,"comment_status":"closed","ping_status":"closed","sticky":false,"template":"","format":"standard","meta":{"_bbp_topic_count":0,"_bbp_reply_count":0,"_bbp_total_topic_count":0,"_bbp_total_reply_count":0,"_bbp_voice_count":0,"_bbp_anonymous_reply_count":0,"_bbp_topic_count_hidden":0,"_bbp_reply_count_hidden":0,"_bbp_forum_subforum_count":0,"site-sidebar-layout":"default","site-content-layout":"","ast-site-content-layout":"","site-content-style":"default","site-sidebar-style":"default","ast-global-header-display":"","ast-banner-title-visibility":"","ast-main-header-display":"","ast-hfb-above-header-display":"","ast-hfb-below-header-display":"","ast-hfb-mobile-header-display":"","site-post-title":"","ast-breadcrumbs-content":"","ast-featured-img":"","footer-sml-layout":"","theme-transparent-header-meta":"","adv-header-id-meta":"","stick-header-meta":"","header-above-stick-meta":"","header-main-stick-meta":"","header-below-stick-meta":"","astra-migrate-meta-layouts":"default","ast-page-background-enabled":"default","ast-page-background-meta":{"desktop":{"background-color":"var(--ast-global-color-4)","background-image":"","background-repeat":"repeat","background-position":"center center","background-size":"auto","background-attachment":"scroll","background-type":"","background-media":"","overlay-type":"","overlay-color":"","overlay-opacity":"","overlay-gradient":""},"tablet":{"background-color":"","background-image":"","background-repeat":"repeat","background-position":"center center","background-size":"auto","background-attachment":"scroll","background-type":"","background-media":"","overlay-type":"","overlay-color":"","overlay-opacity":"","overlay-gradient":""},"mobile":{"background-color":"","background-image":"","background-repeat":"repeat","background-position":"center center","background-size":"auto","background-attachment":"scroll","background-type":"","background-media":"","overlay-type":"","overlay-color":"","overlay-opacity":"","overlay-gradient":""}},"ast-content-background-meta":{"desktop":{"background-color":"var(--ast-global-color-5)","background-image":"","background-repeat":"repeat","background-position":"center center","background-size":"auto","background-attachment":"scroll","background-type":"","background-media":"","overlay-type":"","overlay-color":"","overlay-opacity":"","overlay-gradient":""},"tablet":{"background-color":"var(--ast-global-color-5)","background-image":"","background-repeat":"repeat","background-position":"center center","background-size":"auto","background-attachment":"scroll","background-type":"","background-media":"","overlay-type":"","overlay-color":"","overlay-opacity":"","overlay-gradient":""},"mobile":{"background-color":"var(--ast-global-color-5)","background-image":"","background-repeat":"repeat","background-position":"center center","background-size":"auto","background-attachment":"scroll","background-type":"","background-media":"","overlay-type":"","overlay-color":"","overlay-opacity":"","overlay-gradient":""}},"footnotes":""},"categories":[288,1,29],"tags":[],"class_list":["post-9596","post","type-post","status-publish","format-standard","hentry","category-formaciopermanent","category-general","category-portada"],"post_mailing_queue_ids":[],"_links":{"self":[{"href":"https:\/\/serveiseducatius.xtec.cat\/catalunyacentral\/wp-json\/wp\/v2\/posts\/9596","targetHints":{"allow":["GET"]}}],"collection":[{"href":"https:\/\/serveiseducatius.xtec.cat\/catalunyacentral\/wp-json\/wp\/v2\/posts"}],"about":[{"href":"https:\/\/serveiseducatius.xtec.cat\/catalunyacentral\/wp-json\/wp\/v2\/types\/post"}],"author":[{"embeddable":true,"href":"https:\/\/serveiseducatius.xtec.cat\/catalunyacentral\/wp-json\/wp\/v2\/users\/3"}],"replies":[{"embeddable":true,"href":"https:\/\/serveiseducatius.xtec.cat\/catalunyacentral\/wp-json\/wp\/v2\/comments?post=9596"}],"version-history":[{"count":1,"href":"https:\/\/serveiseducatius.xtec.cat\/catalunyacentral\/wp-json\/wp\/v2\/posts\/9596\/revisions"}],"predecessor-version":[{"id":9597,"href":"https:\/\/serveiseducatius.xtec.cat\/catalunyacentral\/wp-json\/wp\/v2\/posts\/9596\/revisions\/9597"}],"wp:attachment":[{"href":"https:\/\/serveiseducatius.xtec.cat\/catalunyacentral\/wp-json\/wp\/v2\/media?parent=9596"}],"wp:term":[{"taxonomy":"category","embeddable":true,"href":"https:\/\/serveiseducatius.xtec.cat\/catalunyacentral\/wp-json\/wp\/v2\/categories?post=9596"},{"taxonomy":"post_tag","embeddable":true,"href":"https:\/\/serveiseducatius.xtec.cat\/catalunyacentral\/wp-json\/wp\/v2\/tags?post=9596"}],"curies":[{"name":"wp","href":"https:\/\/api.w.org\/{rel}","templated":true}]}}