{"id":9558,"date":"2022-11-25T08:01:13","date_gmt":"2022-11-25T07:01:13","guid":{"rendered":"https:\/\/serveiseducatius.xtec.cat\/catalunyacentral\/?p=9558"},"modified":"2022-11-25T08:47:27","modified_gmt":"2022-11-25T07:47:27","slug":"dia-internacional-per-a-leliminacio-de-la-violencia-envers-les-dones","status":"publish","type":"post","link":"https:\/\/serveiseducatius.xtec.cat\/catalunyacentral\/general\/dia-internacional-per-a-leliminacio-de-la-violencia-envers-les-dones\/","title":{"rendered":"Dia Internacional per a l&#8217;Eliminaci\u00f3 de la Viol\u00e8ncia Envers les Dones"},"content":{"rendered":"<p style=\"text-align: center;\"><iframe loading=\"lazy\" src=\"\/\/www.youtube.com\/embed\/OjSV9ofuuQI\" width=\"560\" height=\"314\" allowfullscreen=\"allowfullscreen\"><\/iframe><\/p>\n<p>El<strong>\u00a0Departament d\u2019Educaci\u00f3<\/strong>, a prop\u00f2sit del<a href=\"https:\/\/educacio.gencat.cat\/ca\/departament\/publicacions\/campanyes\/dia-internacional-eliminacio-violencia-envers-dones\/\" target=\"_blank\" rel=\"noopener\">\u00a0Dia internacional per a l\u2019eliminaci\u00f3 de la viol\u00e8ncia envers les dones<\/a>, vol remarcar la necessitat, avui i cada dia, de treballar intensament i prendre consci\u00e8ncia sobre la import\u00e0ncia de la prevenci\u00f3 i l\u2019abordatge de les viol\u00e8ncies masclistes.<\/p>\n<p><strong>Propostes d\u2019activitats i recursos<\/strong><\/p>\n<ul>\n<li><a href=\"https:\/\/educacio.gencat.cat\/ca\/departament\/publicacions\/campanyes\/dia-internacional-eliminacio-violencia-digital\/\" target=\"_blank\" rel=\"noopener\">Erradiquem la viol\u00e8ncia digital entre infants i adolescents<\/a><\/li>\n<li><a href=\"https:\/\/educacio.gencat.cat\/ca\/departament\/publicacions\/campanyes\/dia-internacional-eliminacio-violencia-masclista\/\" target=\"_blank\" rel=\"noopener\">Acollim la revelaci\u00f3 d\u2019una situaci\u00f3 de viol\u00e8ncia sexual<\/a><\/li>\n<li><a href=\"https:\/\/educacio.gencat.cat\/web\/.content\/home\/departament\/publicacions\/campanyes\/dia-internacional-eliminacio-violencia-envers-dones\/cartell-25N-actualitzat.pdf\" target=\"_blank\" rel=\"noopener\">El cartell s\u00edntesi dels materials de difusi\u00f3 \u00a0\u00a0<\/a><strong>#25n<\/strong><strong>#lesescoleslliuresdeviolencies\u00a0\u00a0<\/strong><strong>#coeducat<\/strong><\/li>\n<li><a href=\"http:\/\/xtec.gencat.cat\/ca\/curriculum\/coeducacio\/\">Coeduaci\u00f3 (XTEC)<\/a><\/li>\n<li><a href=\"https:\/\/blocs.xtec.cat\/coeducacioiigualtat\/\" target=\"_blank\" rel=\"noopener\">Blog Coeduca\u2019t<\/a><\/li>\n<li>EduCAC Proposta did\u00e0ctica 25 N\u00a0<a href=\"https:\/\/www.educac.cat\/actualitat\/sota-liceberg\" target=\"_blank\" rel=\"noopener\">Sota l\u2019iceberg<\/a><\/li>\n<li><a href=\"https:\/\/serveiseducatius.xtec.cat\/badalona\/categoria\/recursos\/coeducacio-perspectiva-de-genere-i-educacio-afectiva-sexual\/\" target=\"_blank\" rel=\"noopener\">Nodes CRP Badalona<\/a><\/li>\n<li><a href=\"https:\/\/dones.gencat.cat\/ca\/ambits\/campanyes\/estimar-no-fa-mal\/\" target=\"_blank\" rel=\"noopener\">Programa Estimar no fa mal<\/a><\/li>\n<li><a href=\"http:\/\/dones.gencat.cat\/web\/.content\/03_ambits\/docs\/vm_pam_a_pam_coeduquem.pdf\">Pam a pam, Material did\u00e0ctics<\/a><\/li>\n<li><a href=\"http:\/\/campanyaimpensables.cat\/2021\/07\/22\/eines-destar-per-casa-per-a-families-disposades-a-fer-impensables-les-violencies-masclistes\/\" target=\"_blank\" rel=\"noopener\">Impensables. Eines d\u2019estar per casa. Per a fam\u00edlies disposades a fer impensables les viol\u00e8ncies masclistes<\/a><\/li>\n<li><a href=\"https:\/\/ajuntament.barcelona.cat\/dones\/ca\/recursos-i-actualitat\/recursos-pedagogics-i-de-sensibilitzacio\">Dones i Feminismes. Recursos pedag\u00f2gics. Ajuntament de<\/a><a href=\"https:\/\/ajuntament.barcelona.cat\/dones\/ca\/recursos-i-actualitat\/recursos-pedagogics-i-de-sensibilitzacio\">\u00a0Barcelona<\/a><\/li>\n<li><a href=\"https:\/\/bibliotecavirtual.diba.cat\/dia-internacional-per-a-l-eliminacio-de-la-violencia-envers-les-dones\" target=\"_blank\" rel=\"noopener noreferrer\">Biblioteca virtual<\/a><\/li>\n<li><a href=\"https:\/\/jovecat.gencat.cat\/ca\/temes\/conviure-inclusio_social\/plantar_cara_a_la_violencia\/violencia_contra_les_dones\/25n-dia-internacional-per-a-leliminacio-de-la-violencia-envers-les-dones\/index.html\" target=\"_blank\" rel=\"noopener noreferrer\">Jovecat, Generalitat de Catalunya<\/a><\/li>\n<li><a href=\"https:\/\/youtu.be\/jBNxjISf6X4\" target=\"_blank\" rel=\"noopener\">V\u00eddeo 25N Prou viol\u00e8ncia masclista<\/a><\/li>\n<\/ul>\n","protected":false},"excerpt":{"rendered":"<p>El\u00a0Departament d\u2019Educaci\u00f3, a prop\u00f2sit del\u00a0Dia internacional per a l\u2019eliminaci\u00f3 de la viol\u00e8ncia envers les dones, vol remarcar la necessitat, avui [&hellip;]<\/p>\n","protected":false},"author":3,"featured_media":9584,"comment_status":"closed","ping_status":"closed","sticky":false,"template":"","format":"standard","meta":{"_bbp_topic_count":0,"_bbp_reply_count":0,"_bbp_total_topic_count":0,"_bbp_total_reply_count":0,"_bbp_voice_count":0,"_bbp_anonymous_reply_count":0,"_bbp_topic_count_hidden":0,"_bbp_reply_count_hidden":0,"_bbp_forum_subforum_count":0,"site-sidebar-layout":"default","site-content-layout":"","ast-site-content-layout":"","site-content-style":"default","site-sidebar-style":"default","ast-global-header-display":"","ast-banner-title-visibility":"","ast-main-header-display":"","ast-hfb-above-header-display":"","ast-hfb-below-header-display":"","ast-hfb-mobile-header-display":"","site-post-title":"","ast-breadcrumbs-content":"","ast-featured-img":"","footer-sml-layout":"","theme-transparent-header-meta":"","adv-header-id-meta":"","stick-header-meta":"","header-above-stick-meta":"","header-main-stick-meta":"","header-below-stick-meta":"","astra-migrate-meta-layouts":"default","ast-page-background-enabled":"default","ast-page-background-meta":{"desktop":{"background-color":"var(--ast-global-color-4)","background-image":"","background-repeat":"repeat","background-position":"center center","background-size":"auto","background-attachment":"scroll","background-type":"","background-media":"","overlay-type":"","overlay-color":"","overlay-opacity":"","overlay-gradient":""},"tablet":{"background-color":"","background-image":"","background-repeat":"repeat","background-position":"center center","background-size":"auto","background-attachment":"scroll","background-type":"","background-media":"","overlay-type":"","overlay-color":"","overlay-opacity":"","overlay-gradient":""},"mobile":{"background-color":"","background-image":"","background-repeat":"repeat","background-position":"center center","background-size":"auto","background-attachment":"scroll","background-type":"","background-media":"","overlay-type":"","overlay-color":"","overlay-opacity":"","overlay-gradient":""}},"ast-content-background-meta":{"desktop":{"background-color":"var(--ast-global-color-5)","background-image":"","background-repeat":"repeat","background-position":"center center","background-size":"auto","background-attachment":"scroll","background-type":"","background-media":"","overlay-type":"","overlay-color":"","overlay-opacity":"","overlay-gradient":""},"tablet":{"background-color":"var(--ast-global-color-5)","background-image":"","background-repeat":"repeat","background-position":"center center","background-size":"auto","background-attachment":"scroll","background-type":"","background-media":"","overlay-type":"","overlay-color":"","overlay-opacity":"","overlay-gradient":""},"mobile":{"background-color":"var(--ast-global-color-5)","background-image":"","background-repeat":"repeat","background-position":"center center","background-size":"auto","background-attachment":"scroll","background-type":"","background-media":"","overlay-type":"","overlay-color":"","overlay-opacity":"","overlay-gradient":""}},"footnotes":""},"categories":[1,29],"tags":[],"class_list":["post-9558","post","type-post","status-publish","format-standard","has-post-thumbnail","hentry","category-general","category-portada"],"post_mailing_queue_ids":[],"_links":{"self":[{"href":"https:\/\/serveiseducatius.xtec.cat\/catalunyacentral\/wp-json\/wp\/v2\/posts\/9558","targetHints":{"allow":["GET"]}}],"collection":[{"href":"https:\/\/serveiseducatius.xtec.cat\/catalunyacentral\/wp-json\/wp\/v2\/posts"}],"about":[{"href":"https:\/\/serveiseducatius.xtec.cat\/catalunyacentral\/wp-json\/wp\/v2\/types\/post"}],"author":[{"embeddable":true,"href":"https:\/\/serveiseducatius.xtec.cat\/catalunyacentral\/wp-json\/wp\/v2\/users\/3"}],"replies":[{"embeddable":true,"href":"https:\/\/serveiseducatius.xtec.cat\/catalunyacentral\/wp-json\/wp\/v2\/comments?post=9558"}],"version-history":[{"count":2,"href":"https:\/\/serveiseducatius.xtec.cat\/catalunyacentral\/wp-json\/wp\/v2\/posts\/9558\/revisions"}],"predecessor-version":[{"id":9583,"href":"https:\/\/serveiseducatius.xtec.cat\/catalunyacentral\/wp-json\/wp\/v2\/posts\/9558\/revisions\/9583"}],"wp:featuredmedia":[{"embeddable":true,"href":"https:\/\/serveiseducatius.xtec.cat\/catalunyacentral\/wp-json\/wp\/v2\/media\/9584"}],"wp:attachment":[{"href":"https:\/\/serveiseducatius.xtec.cat\/catalunyacentral\/wp-json\/wp\/v2\/media?parent=9558"}],"wp:term":[{"taxonomy":"category","embeddable":true,"href":"https:\/\/serveiseducatius.xtec.cat\/catalunyacentral\/wp-json\/wp\/v2\/categories?post=9558"},{"taxonomy":"post_tag","embeddable":true,"href":"https:\/\/serveiseducatius.xtec.cat\/catalunyacentral\/wp-json\/wp\/v2\/tags?post=9558"}],"curies":[{"name":"wp","href":"https:\/\/api.w.org\/{rel}","templated":true}]}}