{"id":9528,"date":"2022-11-02T08:37:11","date_gmt":"2022-11-02T07:37:11","guid":{"rendered":"https:\/\/serveiseducatius.xtec.cat\/catalunyacentral\/?p=9528"},"modified":"2022-11-03T13:59:22","modified_gmt":"2022-11-03T12:59:22","slug":"conferencia-8-de-novembre-el-catala-te-mala-salut-que-hi-podem-fer-als-centres-educatius","status":"publish","type":"post","link":"https:\/\/serveiseducatius.xtec.cat\/catalunyacentral\/general\/conferencia-8-de-novembre-el-catala-te-mala-salut-que-hi-podem-fer-als-centres-educatius\/","title":{"rendered":"Confer\u00e8ncia 8 de novembre: El catal\u00e0 t\u00e9 mala salut? Qu\u00e8 hi podem fer als centres educatius?"},"content":{"rendered":"<p>Us convidem a la\u00a0confer\u00e8ncia\u00a0del proper\u00a0dimarts 8 de novembre\u00a0a c\u00e0rrec del<strong> Fil\u00f2leg Jordi Badia Pujol:<\/strong><\/p>\n<p>Us hi podeu inscriure en el seg\u00fcent enlla\u00e7:<\/p>\n<ul>\n<li><a href=\"https:\/\/aplicacions.gestioeducativa.gencat.cat\/pls\/soloas\/pk_for_mod_ins.p_for_pre_cons_activitats?p_any=2022-2023&amp;p_codi=B00003050B\"><strong>El catal\u00e0 t\u00e9 mala salut? Qu\u00e8 hi podem fer als centres educatius?<\/strong><\/a><\/li>\n<\/ul>\n<p><strong>DATA I HORARI<\/strong>: Dimarts 8\/11\/2022 de 17:00h a 18:30h<\/p>\n<p><strong>LLOC:<\/strong> Sala d&#8217;actes del Serveis Territorials d&#8217;Educaci\u00f3 a la Catalunya Central.<\/p>\n<p>En\u00a0Jordi Badia Pujol\u00a0\u00e9s llicenciat en Filologia Catalana, professor de catal\u00e0 de secund\u00e0ria en exced\u00e8ncia, actualment \u00e9s el cap d&#8217;estil del diari VilaWeb i tamb\u00e9 corrector de l&#8217;editorial Tres i Quatre.<\/p>\n<p>Coautor de publicacions vers la llengua catalana i autor de diverses publicacions adre\u00e7ades als alumnes de l&#8217;ESO i Batxillerat.<\/p>\n<p>El seu darrer llibre &#8220;Salvem el mots&#8221;\u00a0 ja se n&#8217;han fet sis edicions.<\/p>\n<p>El podeu seguir a Twitter, al blog\u00a0El clot de les \u00c0nimes\u00a0i a la secci\u00f3\u00a0&#8220;Ras i curt&#8221; de VilaWeb.<\/p>\n<p>&nbsp;<\/p>\n<p>El proper <strong>dimarts 8 de novembre<\/strong> podreu escoltar, dialogar, preguntar&#8230; totes les q\u00fcestions que ens preocupen de la nostra llengua.<\/p>\n","protected":false},"excerpt":{"rendered":"<p>Us convidem a la\u00a0confer\u00e8ncia\u00a0del proper\u00a0dimarts 8 de novembre\u00a0a c\u00e0rrec del Fil\u00f2leg Jordi Badia Pujol: Us hi podeu inscriure en el [&hellip;]<\/p>\n","protected":false},"author":3,"featured_media":0,"comment_status":"closed","ping_status":"closed","sticky":false,"template":"","format":"standard","meta":{"_bbp_topic_count":0,"_bbp_reply_count":0,"_bbp_total_topic_count":0,"_bbp_total_reply_count":0,"_bbp_voice_count":0,"_bbp_anonymous_reply_count":0,"_bbp_topic_count_hidden":0,"_bbp_reply_count_hidden":0,"_bbp_forum_subforum_count":0,"site-sidebar-layout":"default","site-content-layout":"","ast-site-content-layout":"","site-content-style":"default","site-sidebar-style":"default","ast-global-header-display":"","ast-banner-title-visibility":"","ast-main-header-display":"","ast-hfb-above-header-display":"","ast-hfb-below-header-display":"","ast-hfb-mobile-header-display":"","site-post-title":"","ast-breadcrumbs-content":"","ast-featured-img":"","footer-sml-layout":"","theme-transparent-header-meta":"","adv-header-id-meta":"","stick-header-meta":"","header-above-stick-meta":"","header-main-stick-meta":"","header-below-stick-meta":"","astra-migrate-meta-layouts":"default","ast-page-background-enabled":"default","ast-page-background-meta":{"desktop":{"background-color":"var(--ast-global-color-4)","background-image":"","background-repeat":"repeat","background-position":"center center","background-size":"auto","background-attachment":"scroll","background-type":"","background-media":"","overlay-type":"","overlay-color":"","overlay-opacity":"","overlay-gradient":""},"tablet":{"background-color":"","background-image":"","background-repeat":"repeat","background-position":"center center","background-size":"auto","background-attachment":"scroll","background-type":"","background-media":"","overlay-type":"","overlay-color":"","overlay-opacity":"","overlay-gradient":""},"mobile":{"background-color":"","background-image":"","background-repeat":"repeat","background-position":"center center","background-size":"auto","background-attachment":"scroll","background-type":"","background-media":"","overlay-type":"","overlay-color":"","overlay-opacity":"","overlay-gradient":""}},"ast-content-background-meta":{"desktop":{"background-color":"var(--ast-global-color-5)","background-image":"","background-repeat":"repeat","background-position":"center center","background-size":"auto","background-attachment":"scroll","background-type":"","background-media":"","overlay-type":"","overlay-color":"","overlay-opacity":"","overlay-gradient":""},"tablet":{"background-color":"var(--ast-global-color-5)","background-image":"","background-repeat":"repeat","background-position":"center center","background-size":"auto","background-attachment":"scroll","background-type":"","background-media":"","overlay-type":"","overlay-color":"","overlay-opacity":"","overlay-gradient":""},"mobile":{"background-color":"var(--ast-global-color-5)","background-image":"","background-repeat":"repeat","background-position":"center center","background-size":"auto","background-attachment":"scroll","background-type":"","background-media":"","overlay-type":"","overlay-color":"","overlay-opacity":"","overlay-gradient":""}},"footnotes":""},"categories":[288,1,29],"tags":[],"class_list":["post-9528","post","type-post","status-publish","format-standard","hentry","category-formaciopermanent","category-general","category-portada"],"post_mailing_queue_ids":[],"_links":{"self":[{"href":"https:\/\/serveiseducatius.xtec.cat\/catalunyacentral\/wp-json\/wp\/v2\/posts\/9528","targetHints":{"allow":["GET"]}}],"collection":[{"href":"https:\/\/serveiseducatius.xtec.cat\/catalunyacentral\/wp-json\/wp\/v2\/posts"}],"about":[{"href":"https:\/\/serveiseducatius.xtec.cat\/catalunyacentral\/wp-json\/wp\/v2\/types\/post"}],"author":[{"embeddable":true,"href":"https:\/\/serveiseducatius.xtec.cat\/catalunyacentral\/wp-json\/wp\/v2\/users\/3"}],"replies":[{"embeddable":true,"href":"https:\/\/serveiseducatius.xtec.cat\/catalunyacentral\/wp-json\/wp\/v2\/comments?post=9528"}],"version-history":[{"count":3,"href":"https:\/\/serveiseducatius.xtec.cat\/catalunyacentral\/wp-json\/wp\/v2\/posts\/9528\/revisions"}],"predecessor-version":[{"id":9537,"href":"https:\/\/serveiseducatius.xtec.cat\/catalunyacentral\/wp-json\/wp\/v2\/posts\/9528\/revisions\/9537"}],"wp:attachment":[{"href":"https:\/\/serveiseducatius.xtec.cat\/catalunyacentral\/wp-json\/wp\/v2\/media?parent=9528"}],"wp:term":[{"taxonomy":"category","embeddable":true,"href":"https:\/\/serveiseducatius.xtec.cat\/catalunyacentral\/wp-json\/wp\/v2\/categories?post=9528"},{"taxonomy":"post_tag","embeddable":true,"href":"https:\/\/serveiseducatius.xtec.cat\/catalunyacentral\/wp-json\/wp\/v2\/tags?post=9528"}],"curies":[{"name":"wp","href":"https:\/\/api.w.org\/{rel}","templated":true}]}}