{"id":9519,"date":"2022-11-02T08:00:03","date_gmt":"2022-11-02T07:00:03","guid":{"rendered":"https:\/\/serveiseducatius.xtec.cat\/catalunyacentral\/?p=9519"},"modified":"2022-11-03T13:59:27","modified_gmt":"2022-11-03T12:59:27","slug":"resentacio-del-postgrau-en-educacio-emocional-escola-familia-i-societat-a-umanresa","status":"publish","type":"post","link":"https:\/\/serveiseducatius.xtec.cat\/catalunyacentral\/portada\/resentacio-del-postgrau-en-educacio-emocional-escola-familia-i-societat-a-umanresa\/","title":{"rendered":"Presentaci\u00f3 del Postgrau en Educaci\u00f3 Emocional: escola, fam\u00edlia i societat a UManresa"},"content":{"rendered":"<p style=\"text-align: center;\"><em>Estar b\u00e9, sentir-se b\u00e9, ser feli\u00e7<\/em><br \/>\n<strong>CONFER\u00c8NCIA-DI\u00c0LEG A C\u00c0RREC DE JAUME FUNES I EVA BACH<\/strong><\/p>\n<p style=\"text-align: center;\"><a href=\"https:\/\/serveiseducatius.xtec.cat\/catalunyacentral\/wp-content\/uploads\/usu2513\/2022\/10\/unnamed.png\"><img loading=\"lazy\" decoding=\"async\" class=\"alignnone wp-image-9520\" src=\"https:\/\/serveiseducatius.xtec.cat\/catalunyacentral\/wp-content\/uploads\/usu2513\/2022\/10\/unnamed.png\" alt=\"\" width=\"404\" height=\"270\" srcset=\"https:\/\/serveiseducatius.xtec.cat\/catalunyacentral\/wp-content\/uploads\/usu2513\/2022\/10\/unnamed.png 602w, https:\/\/serveiseducatius.xtec.cat\/catalunyacentral\/wp-content\/uploads\/usu2513\/2022\/10\/unnamed-300x200.png 300w\" sizes=\"auto, (max-width: 404px) 100vw, 404px\" \/><\/a><\/p>\n<p>Presentaci\u00f3 del <strong>Postgrau en Educaci\u00f3 Emocional: escola, fam\u00edlia i societat<\/strong>, el pr\u00f2xim 10 de novembre a les 19:00, a l&#8217;edifici FUB1-Sala d&#8217;actes. \u00c9s un acte gratu\u00eft i obert a tothom.<\/p>\n<p><strong>UManresa<\/strong> acollir\u00e0 el proper mes de novembre la presentaci\u00f3 del nou\u00a0<a href=\"https:\/\/umanresa.us13.list-manage.com\/track\/click?u=0c37b489febadb43af906cc21&amp;id=b9fda541e6&amp;e=ea092359e2\" target=\"_blank\" rel=\"noopener\" data-saferedirecturl=\"https:\/\/www.google.com\/url?q=https:\/\/umanresa.us13.list-manage.com\/track\/click?u%3D0c37b489febadb43af906cc21%26id%3Db9fda541e6%26e%3Dea092359e2&amp;source=gmail&amp;ust=1666953355635000&amp;usg=AOvVaw0MZGrPFRLBxY6EsyeAmM7T\"><strong>Postgrau en Educaci\u00f3 Emocional: escola, fam\u00edlia i societat<\/strong><\/a>, que s&#8217;impartir\u00e0 a la Universitat a partir de febrer de 2023. L&#8217;acte de presentaci\u00f3 tamb\u00e9 inclou la confer\u00e8ncia-di\u00e0leg\u00a0<strong>&#8220;Estar b\u00e9, sentir-se b\u00e9, ser feli\u00e7. Les emocions i la salut mental&#8221;<\/strong>.<\/p>\n<p>Hi participaran:<\/p>\n<ul>\n<li><strong>Jaume Funes<\/strong>. Psic\u00f2leg, educador i periodista<\/li>\n<li><strong>Eva Bach<\/strong>. Pedagoga, escriptora, docent i co-coordinadora del Postgrau en Educaci\u00f3 Emocional d&#8217;UManresa<\/li>\n<\/ul>\n<p>Moderar\u00e0:<\/p>\n<ul>\n<li><strong>Aloma Cuin\u00e9<\/strong>. Docent i co-coordinadora del Postgrau en Educaci\u00f3 Emocional d&#8217;UManresa<\/li>\n<\/ul>\n","protected":false},"excerpt":{"rendered":"<p>Estar b\u00e9, sentir-se b\u00e9, ser feli\u00e7 CONFER\u00c8NCIA-DI\u00c0LEG A C\u00c0RREC DE JAUME FUNES I EVA BACH Presentaci\u00f3 del Postgrau en Educaci\u00f3 [&hellip;]<\/p>\n","protected":false},"author":3,"featured_media":0,"comment_status":"closed","ping_status":"closed","sticky":false,"template":"","format":"standard","meta":{"_bbp_topic_count":0,"_bbp_reply_count":0,"_bbp_total_topic_count":0,"_bbp_total_reply_count":0,"_bbp_voice_count":0,"_bbp_anonymous_reply_count":0,"_bbp_topic_count_hidden":0,"_bbp_reply_count_hidden":0,"_bbp_forum_subforum_count":0,"site-sidebar-layout":"default","site-content-layout":"","ast-site-content-layout":"","site-content-style":"default","site-sidebar-style":"default","ast-global-header-display":"","ast-banner-title-visibility":"","ast-main-header-display":"","ast-hfb-above-header-display":"","ast-hfb-below-header-display":"","ast-hfb-mobile-header-display":"","site-post-title":"","ast-breadcrumbs-content":"","ast-featured-img":"","footer-sml-layout":"","theme-transparent-header-meta":"","adv-header-id-meta":"","stick-header-meta":"","header-above-stick-meta":"","header-main-stick-meta":"","header-below-stick-meta":"","astra-migrate-meta-layouts":"default","ast-page-background-enabled":"default","ast-page-background-meta":{"desktop":{"background-color":"var(--ast-global-color-4)","background-image":"","background-repeat":"repeat","background-position":"center center","background-size":"auto","background-attachment":"scroll","background-type":"","background-media":"","overlay-type":"","overlay-color":"","overlay-opacity":"","overlay-gradient":""},"tablet":{"background-color":"","background-image":"","background-repeat":"repeat","background-position":"center center","background-size":"auto","background-attachment":"scroll","background-type":"","background-media":"","overlay-type":"","overlay-color":"","overlay-opacity":"","overlay-gradient":""},"mobile":{"background-color":"","background-image":"","background-repeat":"repeat","background-position":"center center","background-size":"auto","background-attachment":"scroll","background-type":"","background-media":"","overlay-type":"","overlay-color":"","overlay-opacity":"","overlay-gradient":""}},"ast-content-background-meta":{"desktop":{"background-color":"var(--ast-global-color-5)","background-image":"","background-repeat":"repeat","background-position":"center center","background-size":"auto","background-attachment":"scroll","background-type":"","background-media":"","overlay-type":"","overlay-color":"","overlay-opacity":"","overlay-gradient":""},"tablet":{"background-color":"var(--ast-global-color-5)","background-image":"","background-repeat":"repeat","background-position":"center center","background-size":"auto","background-attachment":"scroll","background-type":"","background-media":"","overlay-type":"","overlay-color":"","overlay-opacity":"","overlay-gradient":""},"mobile":{"background-color":"var(--ast-global-color-5)","background-image":"","background-repeat":"repeat","background-position":"center center","background-size":"auto","background-attachment":"scroll","background-type":"","background-media":"","overlay-type":"","overlay-color":"","overlay-opacity":"","overlay-gradient":""}},"footnotes":""},"categories":[29],"tags":[],"class_list":["post-9519","post","type-post","status-publish","format-standard","hentry","category-portada"],"post_mailing_queue_ids":[],"_links":{"self":[{"href":"https:\/\/serveiseducatius.xtec.cat\/catalunyacentral\/wp-json\/wp\/v2\/posts\/9519","targetHints":{"allow":["GET"]}}],"collection":[{"href":"https:\/\/serveiseducatius.xtec.cat\/catalunyacentral\/wp-json\/wp\/v2\/posts"}],"about":[{"href":"https:\/\/serveiseducatius.xtec.cat\/catalunyacentral\/wp-json\/wp\/v2\/types\/post"}],"author":[{"embeddable":true,"href":"https:\/\/serveiseducatius.xtec.cat\/catalunyacentral\/wp-json\/wp\/v2\/users\/3"}],"replies":[{"embeddable":true,"href":"https:\/\/serveiseducatius.xtec.cat\/catalunyacentral\/wp-json\/wp\/v2\/comments?post=9519"}],"version-history":[{"count":3,"href":"https:\/\/serveiseducatius.xtec.cat\/catalunyacentral\/wp-json\/wp\/v2\/posts\/9519\/revisions"}],"predecessor-version":[{"id":9531,"href":"https:\/\/serveiseducatius.xtec.cat\/catalunyacentral\/wp-json\/wp\/v2\/posts\/9519\/revisions\/9531"}],"wp:attachment":[{"href":"https:\/\/serveiseducatius.xtec.cat\/catalunyacentral\/wp-json\/wp\/v2\/media?parent=9519"}],"wp:term":[{"taxonomy":"category","embeddable":true,"href":"https:\/\/serveiseducatius.xtec.cat\/catalunyacentral\/wp-json\/wp\/v2\/categories?post=9519"},{"taxonomy":"post_tag","embeddable":true,"href":"https:\/\/serveiseducatius.xtec.cat\/catalunyacentral\/wp-json\/wp\/v2\/tags?post=9519"}],"curies":[{"name":"wp","href":"https:\/\/api.w.org\/{rel}","templated":true}]}}