{"id":9490,"date":"2022-11-04T08:00:10","date_gmt":"2022-11-04T07:00:10","guid":{"rendered":"https:\/\/serveiseducatius.xtec.cat\/catalunyacentral\/?p=9490"},"modified":"2022-11-03T13:59:06","modified_gmt":"2022-11-03T12:59:06","slug":"catalunya-central-inicia-les-formacions-de-coeducacio","status":"publish","type":"post","link":"https:\/\/serveiseducatius.xtec.cat\/catalunyacentral\/general\/catalunya-central-inicia-les-formacions-de-coeducacio\/","title":{"rendered":"Catalunya Central inicia les formacions de Coeducaci\u00f3"},"content":{"rendered":"<p><img loading=\"lazy\" decoding=\"async\" class=\"wp-image-9491 aligncenter\" src=\"https:\/\/serveiseducatius.xtec.cat\/catalunyacentral\/wp-content\/uploads\/usu2513\/2022\/10\/WhatsApp-Image-2022-10-24-at-12.22.11-e1666780085168-1024x584.jpeg\" alt=\"\" width=\"617\" height=\"352\" srcset=\"https:\/\/serveiseducatius.xtec.cat\/catalunyacentral\/wp-content\/uploads\/usu2513\/2022\/10\/WhatsApp-Image-2022-10-24-at-12.22.11-e1666780085168-1024x584.jpeg 1024w, https:\/\/serveiseducatius.xtec.cat\/catalunyacentral\/wp-content\/uploads\/usu2513\/2022\/10\/WhatsApp-Image-2022-10-24-at-12.22.11-e1666780085168-300x171.jpeg 300w, https:\/\/serveiseducatius.xtec.cat\/catalunyacentral\/wp-content\/uploads\/usu2513\/2022\/10\/WhatsApp-Image-2022-10-24-at-12.22.11-e1666780085168-768x438.jpeg 768w, https:\/\/serveiseducatius.xtec.cat\/catalunyacentral\/wp-content\/uploads\/usu2513\/2022\/10\/WhatsApp-Image-2022-10-24-at-12.22.11-e1666780085168-1536x875.jpeg 1536w, https:\/\/serveiseducatius.xtec.cat\/catalunyacentral\/wp-content\/uploads\/usu2513\/2022\/10\/WhatsApp-Image-2022-10-24-at-12.22.11-e1666780085168.jpeg 2048w\" sizes=\"auto, (max-width: 617px) 100vw, 617px\" \/><\/p>\n<p style=\"text-align: left;\">La setmana passada els diferents grups de la <strong>Catalunya Central<\/strong> que estan realitzant les formacions<strong> Coeduca&#8217;t amb el curr\u00edculum <\/strong>i <strong>Coeduca&#8217;t al centre<\/strong>, van comen\u00e7ar les sessions formatives. Aquest primer trimestre s&#8217;han omplert tots dos grups de Coeduca&#8217;t amb el Curr\u00edculum, i els tres grups de Coeduca&#8217;t al Centre.<a href=\"https:\/\/serveiseducatius.xtec.cat\/catalunyacentral\/wp-content\/uploads\/usu2513\/2022\/10\/WhatsApp-Image-2022-10-24-at-12.22.11-e1666780085168.jpeg\"><br \/>\n<\/a><\/p>\n<p>Aquest \u00e9s el <strong>quart curs<\/strong> que est\u00e0 funcionant la formaci\u00f3 <strong>Coeduca&#8217;t amb el Curr\u00edculum<\/strong>, i el <strong>primer curs<\/strong> de <strong>Coeduca&#8217;t al Centre<\/strong>, on s&#8217;ha rebut un gran allau d&#8217;inscripcions.<\/p>\n<p>Des de Serveis Educatius desitgem que les formacions siguin molt profitoses per tothom.<\/p>\n<p style=\"text-align: left;\"><em>(Fotografia dels participants del grup del Bages de la formaci\u00f3 Coeduca&#8217;t al centre)<\/em><\/p>\n","protected":false},"excerpt":{"rendered":"<p>La setmana passada els diferents grups de la Catalunya Central que estan realitzant les formacions Coeduca&#8217;t amb el curr\u00edculum i [&hellip;]<\/p>\n","protected":false},"author":3,"featured_media":0,"comment_status":"closed","ping_status":"closed","sticky":false,"template":"","format":"standard","meta":{"_bbp_topic_count":0,"_bbp_reply_count":0,"_bbp_total_topic_count":0,"_bbp_total_reply_count":0,"_bbp_voice_count":0,"_bbp_anonymous_reply_count":0,"_bbp_topic_count_hidden":0,"_bbp_reply_count_hidden":0,"_bbp_forum_subforum_count":0,"site-sidebar-layout":"default","site-content-layout":"","ast-site-content-layout":"","site-content-style":"default","site-sidebar-style":"default","ast-global-header-display":"","ast-banner-title-visibility":"","ast-main-header-display":"","ast-hfb-above-header-display":"","ast-hfb-below-header-display":"","ast-hfb-mobile-header-display":"","site-post-title":"","ast-breadcrumbs-content":"","ast-featured-img":"","footer-sml-layout":"","theme-transparent-header-meta":"","adv-header-id-meta":"","stick-header-meta":"","header-above-stick-meta":"","header-main-stick-meta":"","header-below-stick-meta":"","astra-migrate-meta-layouts":"default","ast-page-background-enabled":"default","ast-page-background-meta":{"desktop":{"background-color":"var(--ast-global-color-4)","background-image":"","background-repeat":"repeat","background-position":"center center","background-size":"auto","background-attachment":"scroll","background-type":"","background-media":"","overlay-type":"","overlay-color":"","overlay-opacity":"","overlay-gradient":""},"tablet":{"background-color":"","background-image":"","background-repeat":"repeat","background-position":"center center","background-size":"auto","background-attachment":"scroll","background-type":"","background-media":"","overlay-type":"","overlay-color":"","overlay-opacity":"","overlay-gradient":""},"mobile":{"background-color":"","background-image":"","background-repeat":"repeat","background-position":"center center","background-size":"auto","background-attachment":"scroll","background-type":"","background-media":"","overlay-type":"","overlay-color":"","overlay-opacity":"","overlay-gradient":""}},"ast-content-background-meta":{"desktop":{"background-color":"var(--ast-global-color-5)","background-image":"","background-repeat":"repeat","background-position":"center center","background-size":"auto","background-attachment":"scroll","background-type":"","background-media":"","overlay-type":"","overlay-color":"","overlay-opacity":"","overlay-gradient":""},"tablet":{"background-color":"var(--ast-global-color-5)","background-image":"","background-repeat":"repeat","background-position":"center center","background-size":"auto","background-attachment":"scroll","background-type":"","background-media":"","overlay-type":"","overlay-color":"","overlay-opacity":"","overlay-gradient":""},"mobile":{"background-color":"var(--ast-global-color-5)","background-image":"","background-repeat":"repeat","background-position":"center center","background-size":"auto","background-attachment":"scroll","background-type":"","background-media":"","overlay-type":"","overlay-color":"","overlay-opacity":"","overlay-gradient":""}},"footnotes":""},"categories":[1,286,29],"tags":[],"class_list":["post-9490","post","type-post","status-publish","format-standard","hentry","category-general","category-inclusio","category-portada"],"post_mailing_queue_ids":[],"_links":{"self":[{"href":"https:\/\/serveiseducatius.xtec.cat\/catalunyacentral\/wp-json\/wp\/v2\/posts\/9490","targetHints":{"allow":["GET"]}}],"collection":[{"href":"https:\/\/serveiseducatius.xtec.cat\/catalunyacentral\/wp-json\/wp\/v2\/posts"}],"about":[{"href":"https:\/\/serveiseducatius.xtec.cat\/catalunyacentral\/wp-json\/wp\/v2\/types\/post"}],"author":[{"embeddable":true,"href":"https:\/\/serveiseducatius.xtec.cat\/catalunyacentral\/wp-json\/wp\/v2\/users\/3"}],"replies":[{"embeddable":true,"href":"https:\/\/serveiseducatius.xtec.cat\/catalunyacentral\/wp-json\/wp\/v2\/comments?post=9490"}],"version-history":[{"count":2,"href":"https:\/\/serveiseducatius.xtec.cat\/catalunyacentral\/wp-json\/wp\/v2\/posts\/9490\/revisions"}],"predecessor-version":[{"id":9507,"href":"https:\/\/serveiseducatius.xtec.cat\/catalunyacentral\/wp-json\/wp\/v2\/posts\/9490\/revisions\/9507"}],"wp:attachment":[{"href":"https:\/\/serveiseducatius.xtec.cat\/catalunyacentral\/wp-json\/wp\/v2\/media?parent=9490"}],"wp:term":[{"taxonomy":"category","embeddable":true,"href":"https:\/\/serveiseducatius.xtec.cat\/catalunyacentral\/wp-json\/wp\/v2\/categories?post=9490"},{"taxonomy":"post_tag","embeddable":true,"href":"https:\/\/serveiseducatius.xtec.cat\/catalunyacentral\/wp-json\/wp\/v2\/tags?post=9490"}],"curies":[{"name":"wp","href":"https:\/\/api.w.org\/{rel}","templated":true}]}}