{"id":9458,"date":"2022-10-13T08:13:41","date_gmt":"2022-10-13T06:13:41","guid":{"rendered":"https:\/\/serveiseducatius.xtec.cat\/catalunyacentral\/?p=9458"},"modified":"2022-10-13T11:28:52","modified_gmt":"2022-10-13T09:28:52","slug":"setmana-bio-per-lalimentacio-ecologica-a-lescola","status":"publish","type":"post","link":"https:\/\/serveiseducatius.xtec.cat\/catalunyacentral\/general\/setmana-bio-per-lalimentacio-ecologica-a-lescola\/","title":{"rendered":"Setmana Bio per l&#8217;alimentaci\u00f3 ecol\u00f2gica a l&#8217;escola"},"content":{"rendered":"<p style=\"text-align: center;\"><a href=\"https:\/\/setmanabio.cat\/\"><img loading=\"lazy\" decoding=\"async\" class=\"alignnone size-full wp-image-9459\" src=\"https:\/\/serveiseducatius.xtec.cat\/catalunyacentral\/wp-content\/uploads\/usu2513\/2022\/10\/imatge.png\" alt=\"\" width=\"416\" height=\"190\" srcset=\"https:\/\/serveiseducatius.xtec.cat\/catalunyacentral\/wp-content\/uploads\/usu2513\/2022\/10\/imatge.png 416w, https:\/\/serveiseducatius.xtec.cat\/catalunyacentral\/wp-content\/uploads\/usu2513\/2022\/10\/imatge-300x137.png 300w\" sizes=\"auto, (max-width: 416px) 100vw, 416px\" \/><\/a><\/p>\n<p><strong>10\u00aa edici\u00f3 de la Setmana Bio 2022 que enguany tindr\u00e0 lloc dels dies 15 al 23 d\u2019octubre.<\/strong><\/p>\n<p>Un any m\u00e9s, es desenvoluparan nombroses activitats arreu de Catalunya amb l\u2019objectiu de promocionar i donar a con\u00e8ixer la producci\u00f3 i alimentaci\u00f3 ecol\u00f2giques entre la ciutadania. Com a novetats hi haur\u00e0:<\/p>\n<p><strong>Prova pilot<\/strong>: 20 tallers de <a href=\"http:\/\/album.setmanabio.cat\/\"><em>l\u2019\u00e0lbum interactiu<\/em> <\/a>dinamitzats per una entitat d\u2019educaci\u00f3 ambiental, a oferir entre les escoles que s\u2019inscriguin, assegurant un repartiment equilibrat arreu de Catalunya.<br \/>\n<strong>Campanya de divulgaci\u00f3<\/strong> a les xarxes socials i mitjans digitals, amb l\u2019objectiu d\u2019aconseguir moltes activitats inscrites<br \/>\n<strong>Material<\/strong>: embolcalls reutilitzables per portar l\u2019esmorzar a l\u2019escola, imants, tr\u00edptic de les 10 raons.<\/p>\n<p>A la <a href=\"https:\/\/setmanabio.cat\/setmana-bio-escola\/\"><em>p\u00e0gina de la Setmana Bio<\/em><\/a> podeu trobar tota la informaci\u00f3 relativa dels diferents tipus d\u2019activitats que es poden organitzar aix\u00ed com la <a href=\"https:\/\/setmanabio.cat\/recursos-online\/?\"><em>caixa de recursos<\/em><\/a> amb diferents continguts i informacions que us poden ser \u00fatils de cara a l\u2019organitzaci\u00f3 d\u2019activitats.<\/p>\n<p><strong>Us informem que fins al dia 14 d\u2019octubre es poden fer noves inscripcions.<\/strong><\/p>\n","protected":false},"excerpt":{"rendered":"<p>10\u00aa edici\u00f3 de la Setmana Bio 2022 que enguany tindr\u00e0 lloc dels dies 15 al 23 d\u2019octubre. Un any m\u00e9s, [&hellip;]<\/p>\n","protected":false},"author":3,"featured_media":9459,"comment_status":"open","ping_status":"closed","sticky":false,"template":"","format":"standard","meta":{"_bbp_topic_count":0,"_bbp_reply_count":0,"_bbp_total_topic_count":0,"_bbp_total_reply_count":0,"_bbp_voice_count":0,"_bbp_anonymous_reply_count":0,"_bbp_topic_count_hidden":0,"_bbp_reply_count_hidden":0,"_bbp_forum_subforum_count":0,"site-sidebar-layout":"default","site-content-layout":"","ast-site-content-layout":"","site-content-style":"default","site-sidebar-style":"default","ast-global-header-display":"","ast-banner-title-visibility":"","ast-main-header-display":"","ast-hfb-above-header-display":"","ast-hfb-below-header-display":"","ast-hfb-mobile-header-display":"","site-post-title":"","ast-breadcrumbs-content":"","ast-featured-img":"","footer-sml-layout":"","theme-transparent-header-meta":"","adv-header-id-meta":"","stick-header-meta":"","header-above-stick-meta":"","header-main-stick-meta":"","header-below-stick-meta":"","astra-migrate-meta-layouts":"default","ast-page-background-enabled":"default","ast-page-background-meta":{"desktop":{"background-color":"var(--ast-global-color-4)","background-image":"","background-repeat":"repeat","background-position":"center center","background-size":"auto","background-attachment":"scroll","background-type":"","background-media":"","overlay-type":"","overlay-color":"","overlay-opacity":"","overlay-gradient":""},"tablet":{"background-color":"","background-image":"","background-repeat":"repeat","background-position":"center center","background-size":"auto","background-attachment":"scroll","background-type":"","background-media":"","overlay-type":"","overlay-color":"","overlay-opacity":"","overlay-gradient":""},"mobile":{"background-color":"","background-image":"","background-repeat":"repeat","background-position":"center center","background-size":"auto","background-attachment":"scroll","background-type":"","background-media":"","overlay-type":"","overlay-color":"","overlay-opacity":"","overlay-gradient":""}},"ast-content-background-meta":{"desktop":{"background-color":"var(--ast-global-color-5)","background-image":"","background-repeat":"repeat","background-position":"center center","background-size":"auto","background-attachment":"scroll","background-type":"","background-media":"","overlay-type":"","overlay-color":"","overlay-opacity":"","overlay-gradient":""},"tablet":{"background-color":"var(--ast-global-color-5)","background-image":"","background-repeat":"repeat","background-position":"center center","background-size":"auto","background-attachment":"scroll","background-type":"","background-media":"","overlay-type":"","overlay-color":"","overlay-opacity":"","overlay-gradient":""},"mobile":{"background-color":"var(--ast-global-color-5)","background-image":"","background-repeat":"repeat","background-position":"center center","background-size":"auto","background-attachment":"scroll","background-type":"","background-media":"","overlay-type":"","overlay-color":"","overlay-opacity":"","overlay-gradient":""}},"footnotes":""},"categories":[1,29],"tags":[],"class_list":["post-9458","post","type-post","status-publish","format-standard","has-post-thumbnail","hentry","category-general","category-portada"],"post_mailing_queue_ids":[],"_links":{"self":[{"href":"https:\/\/serveiseducatius.xtec.cat\/catalunyacentral\/wp-json\/wp\/v2\/posts\/9458","targetHints":{"allow":["GET"]}}],"collection":[{"href":"https:\/\/serveiseducatius.xtec.cat\/catalunyacentral\/wp-json\/wp\/v2\/posts"}],"about":[{"href":"https:\/\/serveiseducatius.xtec.cat\/catalunyacentral\/wp-json\/wp\/v2\/types\/post"}],"author":[{"embeddable":true,"href":"https:\/\/serveiseducatius.xtec.cat\/catalunyacentral\/wp-json\/wp\/v2\/users\/3"}],"replies":[{"embeddable":true,"href":"https:\/\/serveiseducatius.xtec.cat\/catalunyacentral\/wp-json\/wp\/v2\/comments?post=9458"}],"version-history":[{"count":2,"href":"https:\/\/serveiseducatius.xtec.cat\/catalunyacentral\/wp-json\/wp\/v2\/posts\/9458\/revisions"}],"predecessor-version":[{"id":9461,"href":"https:\/\/serveiseducatius.xtec.cat\/catalunyacentral\/wp-json\/wp\/v2\/posts\/9458\/revisions\/9461"}],"wp:featuredmedia":[{"embeddable":true,"href":"https:\/\/serveiseducatius.xtec.cat\/catalunyacentral\/wp-json\/wp\/v2\/media\/9459"}],"wp:attachment":[{"href":"https:\/\/serveiseducatius.xtec.cat\/catalunyacentral\/wp-json\/wp\/v2\/media?parent=9458"}],"wp:term":[{"taxonomy":"category","embeddable":true,"href":"https:\/\/serveiseducatius.xtec.cat\/catalunyacentral\/wp-json\/wp\/v2\/categories?post=9458"},{"taxonomy":"post_tag","embeddable":true,"href":"https:\/\/serveiseducatius.xtec.cat\/catalunyacentral\/wp-json\/wp\/v2\/tags?post=9458"}],"curies":[{"name":"wp","href":"https:\/\/api.w.org\/{rel}","templated":true}]}}