{"id":9435,"date":"2022-10-14T08:15:37","date_gmt":"2022-10-14T06:15:37","guid":{"rendered":"https:\/\/serveiseducatius.xtec.cat\/catalunyacentral\/?p=9435"},"modified":"2022-10-14T07:41:48","modified_gmt":"2022-10-14T05:41:48","slug":"xix-jornades-internacionals-de-recerca-en-didactica-de-les-ciencies-socials","status":"publish","type":"post","link":"https:\/\/serveiseducatius.xtec.cat\/catalunyacentral\/general\/xix-jornades-internacionals-de-recerca-en-didactica-de-les-ciencies-socials\/","title":{"rendered":"XIX Jornades Internacionals de Recerca en Did\u00e0ctica de les Ci\u00e8ncies Socials"},"content":{"rendered":"<p style=\"font-weight: 400; text-align: center;\"><a href=\"https:\/\/serveiseducatius.xtec.cat\/catalunyacentral\/wp-content\/uploads\/usu2513\/2022\/10\/dcs.jpg\"><img loading=\"lazy\" decoding=\"async\" class=\"alignnone size-full wp-image-9436\" src=\"https:\/\/serveiseducatius.xtec.cat\/catalunyacentral\/wp-content\/uploads\/usu2513\/2022\/10\/dcs.jpg\" alt=\"\" width=\"847\" height=\"140\" srcset=\"https:\/\/serveiseducatius.xtec.cat\/catalunyacentral\/wp-content\/uploads\/usu2513\/2022\/10\/dcs.jpg 847w, https:\/\/serveiseducatius.xtec.cat\/catalunyacentral\/wp-content\/uploads\/usu2513\/2022\/10\/dcs-300x50.jpg 300w, https:\/\/serveiseducatius.xtec.cat\/catalunyacentral\/wp-content\/uploads\/usu2513\/2022\/10\/dcs-768x127.jpg 768w\" sizes=\"auto, (max-width: 847px) 100vw, 847px\" \/><\/a><\/p>\n<p style=\"font-weight: 400;\">Us informem que els propers <strong>9, 10 i 11 de febrer del 2023<\/strong> tindran lloc les <strong>XIX Jornades Internacionals de Recerca en Did\u00e0ctica de les Ci\u00e8ncies Socials<\/strong>, organitzades per la Unitat Departamental de Did\u00e0ctica de les Ci\u00e8ncies Socials i GREDICS, de la Universitat Aut\u00f2noma de Barcelona.<\/p>\n<p style=\"font-weight: 400;\">En aquestes XIX jornades es tractaran els conflictes, com a concepte amb significats m\u00faltiples i l\u00edmits difusos.<\/p>\n<p style=\"font-weight: 400;\">Si teniu qualsevol dubte, podeu posar-vos en contacte amb l&#8217;organitzaci\u00f3 a trav\u00e9s d&#8217;aquesta adre\u00e7a de correu electr\u00f2nic: <a href=\"mailto:gredics@uab.cat\">gredics@uab.cat<\/a>.\u00a0Tamb\u00e9 podeu consultar el web:\u00a0<a href=\"https:\/\/webs.uab.cat\/jornadesdcs\/\" data-saferedirecturl=\"https:\/\/www.google.com\/url?q=https:\/\/webs.uab.cat\/jornadesdcs\/&amp;source=gmail&amp;ust=1665476495479000&amp;usg=AOvVaw2_G7hz4hESUMZD_R6n9MlO\">https:\/\/webs.uab.cat\/jornadesdcs\/<\/a><\/p>\n","protected":false},"excerpt":{"rendered":"<p>Us informem que els propers 9, 10 i 11 de febrer del 2023 tindran lloc les XIX Jornades Internacionals de [&hellip;]<\/p>\n","protected":false},"author":3,"featured_media":0,"comment_status":"open","ping_status":"closed","sticky":false,"template":"","format":"standard","meta":{"_bbp_topic_count":0,"_bbp_reply_count":0,"_bbp_total_topic_count":0,"_bbp_total_reply_count":0,"_bbp_voice_count":0,"_bbp_anonymous_reply_count":0,"_bbp_topic_count_hidden":0,"_bbp_reply_count_hidden":0,"_bbp_forum_subforum_count":0,"site-sidebar-layout":"default","site-content-layout":"","ast-site-content-layout":"","site-content-style":"default","site-sidebar-style":"default","ast-global-header-display":"","ast-banner-title-visibility":"","ast-main-header-display":"","ast-hfb-above-header-display":"","ast-hfb-below-header-display":"","ast-hfb-mobile-header-display":"","site-post-title":"","ast-breadcrumbs-content":"","ast-featured-img":"","footer-sml-layout":"","theme-transparent-header-meta":"","adv-header-id-meta":"","stick-header-meta":"","header-above-stick-meta":"","header-main-stick-meta":"","header-below-stick-meta":"","astra-migrate-meta-layouts":"default","ast-page-background-enabled":"default","ast-page-background-meta":{"desktop":{"background-color":"var(--ast-global-color-4)","background-image":"","background-repeat":"repeat","background-position":"center center","background-size":"auto","background-attachment":"scroll","background-type":"","background-media":"","overlay-type":"","overlay-color":"","overlay-opacity":"","overlay-gradient":""},"tablet":{"background-color":"","background-image":"","background-repeat":"repeat","background-position":"center center","background-size":"auto","background-attachment":"scroll","background-type":"","background-media":"","overlay-type":"","overlay-color":"","overlay-opacity":"","overlay-gradient":""},"mobile":{"background-color":"","background-image":"","background-repeat":"repeat","background-position":"center center","background-size":"auto","background-attachment":"scroll","background-type":"","background-media":"","overlay-type":"","overlay-color":"","overlay-opacity":"","overlay-gradient":""}},"ast-content-background-meta":{"desktop":{"background-color":"var(--ast-global-color-5)","background-image":"","background-repeat":"repeat","background-position":"center center","background-size":"auto","background-attachment":"scroll","background-type":"","background-media":"","overlay-type":"","overlay-color":"","overlay-opacity":"","overlay-gradient":""},"tablet":{"background-color":"var(--ast-global-color-5)","background-image":"","background-repeat":"repeat","background-position":"center center","background-size":"auto","background-attachment":"scroll","background-type":"","background-media":"","overlay-type":"","overlay-color":"","overlay-opacity":"","overlay-gradient":""},"mobile":{"background-color":"var(--ast-global-color-5)","background-image":"","background-repeat":"repeat","background-position":"center center","background-size":"auto","background-attachment":"scroll","background-type":"","background-media":"","overlay-type":"","overlay-color":"","overlay-opacity":"","overlay-gradient":""}},"footnotes":""},"categories":[1,29],"tags":[],"class_list":["post-9435","post","type-post","status-publish","format-standard","hentry","category-general","category-portada"],"post_mailing_queue_ids":[],"_links":{"self":[{"href":"https:\/\/serveiseducatius.xtec.cat\/catalunyacentral\/wp-json\/wp\/v2\/posts\/9435","targetHints":{"allow":["GET"]}}],"collection":[{"href":"https:\/\/serveiseducatius.xtec.cat\/catalunyacentral\/wp-json\/wp\/v2\/posts"}],"about":[{"href":"https:\/\/serveiseducatius.xtec.cat\/catalunyacentral\/wp-json\/wp\/v2\/types\/post"}],"author":[{"embeddable":true,"href":"https:\/\/serveiseducatius.xtec.cat\/catalunyacentral\/wp-json\/wp\/v2\/users\/3"}],"replies":[{"embeddable":true,"href":"https:\/\/serveiseducatius.xtec.cat\/catalunyacentral\/wp-json\/wp\/v2\/comments?post=9435"}],"version-history":[{"count":1,"href":"https:\/\/serveiseducatius.xtec.cat\/catalunyacentral\/wp-json\/wp\/v2\/posts\/9435\/revisions"}],"predecessor-version":[{"id":9437,"href":"https:\/\/serveiseducatius.xtec.cat\/catalunyacentral\/wp-json\/wp\/v2\/posts\/9435\/revisions\/9437"}],"wp:attachment":[{"href":"https:\/\/serveiseducatius.xtec.cat\/catalunyacentral\/wp-json\/wp\/v2\/media?parent=9435"}],"wp:term":[{"taxonomy":"category","embeddable":true,"href":"https:\/\/serveiseducatius.xtec.cat\/catalunyacentral\/wp-json\/wp\/v2\/categories?post=9435"},{"taxonomy":"post_tag","embeddable":true,"href":"https:\/\/serveiseducatius.xtec.cat\/catalunyacentral\/wp-json\/wp\/v2\/tags?post=9435"}],"curies":[{"name":"wp","href":"https:\/\/api.w.org\/{rel}","templated":true}]}}