{"id":9390,"date":"2022-09-23T11:56:37","date_gmt":"2022-09-23T09:56:37","guid":{"rendered":"https:\/\/serveiseducatius.xtec.cat\/catalunyacentral\/?p=9390"},"modified":"2022-09-23T11:56:37","modified_gmt":"2022-09-23T09:56:37","slug":"servei-dassistencia-i-orientacio-a-victimes-de-discriminacio-racial-o-etnica","status":"publish","type":"post","link":"https:\/\/serveiseducatius.xtec.cat\/catalunyacentral\/general\/servei-dassistencia-i-orientacio-a-victimes-de-discriminacio-racial-o-etnica\/","title":{"rendered":"Servei d&#8217;Assist\u00e8ncia i Orientaci\u00f3 a V\u00edctimes de Discriminaci\u00f3 Racial o \u00c8tnica"},"content":{"rendered":"<p><a href=\"https:\/\/serveiseducatius.xtec.cat\/catalunyacentral\/wp-content\/uploads\/usu2513\/2022\/09\/sSIr3oyw_400x400.jpg\"><img loading=\"lazy\" decoding=\"async\" class=\" wp-image-9391 alignleft\" src=\"https:\/\/serveiseducatius.xtec.cat\/catalunyacentral\/wp-content\/uploads\/usu2513\/2022\/09\/sSIr3oyw_400x400.jpg\" alt=\"\" width=\"262\" height=\"262\" \/><\/a>Us fem arribar informaci\u00f3 del <strong>Moviment per la Pau, el Desarmament i la Llibertat (MPDL)<\/strong>, entitat social que forma part del <strong>Servei d&#8217;Assist\u00e8ncia i Orientaci\u00f3 a V\u00edctimes de Discriminaci\u00f3 Racial o \u00c8tnica<\/strong>, sobre el suport i assessorament que ofereixen a les persones que siguin o hagin estat discriminades.<\/p>\n<p>Si creu que ha estat v\u00edctima d&#8217;una discriminaci\u00f3, o coneixeu a alg\u00fa en aquesta situaci\u00f3, podeu contactar amb qualsevol dels centres d&#8217;assist\u00e8ncia a v\u00edctimes de discriminaci\u00f3 de la seva <a href=\"https:\/\/igualdadynodiscriminacion.igualdad.gob.es\/redOficinas\/portada\/home.htm\">xarxa<\/a>. Aquest <strong>servei \u00e9s gratu\u00eft<\/strong>, prestat per <strong>CEDRE<\/strong> pel seu origen racial o \u00e8tnic en qualsevol \u00e0mbit (educaci\u00f3, sanitat, habitatge, ocupaci\u00f3, etc.).<\/p>\n","protected":false},"excerpt":{"rendered":"<p>Us fem arribar informaci\u00f3 del Moviment per la Pau, el Desarmament i la Llibertat (MPDL), entitat social que forma part [&hellip;]<\/p>\n","protected":false},"author":3,"featured_media":9391,"comment_status":"open","ping_status":"closed","sticky":false,"template":"","format":"standard","meta":{"_bbp_topic_count":0,"_bbp_reply_count":0,"_bbp_total_topic_count":0,"_bbp_total_reply_count":0,"_bbp_voice_count":0,"_bbp_anonymous_reply_count":0,"_bbp_topic_count_hidden":0,"_bbp_reply_count_hidden":0,"_bbp_forum_subforum_count":0,"site-sidebar-layout":"default","site-content-layout":"","ast-site-content-layout":"","site-content-style":"default","site-sidebar-style":"default","ast-global-header-display":"","ast-banner-title-visibility":"","ast-main-header-display":"","ast-hfb-above-header-display":"","ast-hfb-below-header-display":"","ast-hfb-mobile-header-display":"","site-post-title":"","ast-breadcrumbs-content":"","ast-featured-img":"","footer-sml-layout":"","theme-transparent-header-meta":"","adv-header-id-meta":"","stick-header-meta":"","header-above-stick-meta":"","header-main-stick-meta":"","header-below-stick-meta":"","astra-migrate-meta-layouts":"default","ast-page-background-enabled":"default","ast-page-background-meta":{"desktop":{"background-color":"var(--ast-global-color-4)","background-image":"","background-repeat":"repeat","background-position":"center center","background-size":"auto","background-attachment":"scroll","background-type":"","background-media":"","overlay-type":"","overlay-color":"","overlay-opacity":"","overlay-gradient":""},"tablet":{"background-color":"","background-image":"","background-repeat":"repeat","background-position":"center center","background-size":"auto","background-attachment":"scroll","background-type":"","background-media":"","overlay-type":"","overlay-color":"","overlay-opacity":"","overlay-gradient":""},"mobile":{"background-color":"","background-image":"","background-repeat":"repeat","background-position":"center center","background-size":"auto","background-attachment":"scroll","background-type":"","background-media":"","overlay-type":"","overlay-color":"","overlay-opacity":"","overlay-gradient":""}},"ast-content-background-meta":{"desktop":{"background-color":"var(--ast-global-color-5)","background-image":"","background-repeat":"repeat","background-position":"center center","background-size":"auto","background-attachment":"scroll","background-type":"","background-media":"","overlay-type":"","overlay-color":"","overlay-opacity":"","overlay-gradient":""},"tablet":{"background-color":"var(--ast-global-color-5)","background-image":"","background-repeat":"repeat","background-position":"center center","background-size":"auto","background-attachment":"scroll","background-type":"","background-media":"","overlay-type":"","overlay-color":"","overlay-opacity":"","overlay-gradient":""},"mobile":{"background-color":"var(--ast-global-color-5)","background-image":"","background-repeat":"repeat","background-position":"center center","background-size":"auto","background-attachment":"scroll","background-type":"","background-media":"","overlay-type":"","overlay-color":"","overlay-opacity":"","overlay-gradient":""}},"footnotes":""},"categories":[1,29],"tags":[],"class_list":["post-9390","post","type-post","status-publish","format-standard","has-post-thumbnail","hentry","category-general","category-portada"],"post_mailing_queue_ids":[],"_links":{"self":[{"href":"https:\/\/serveiseducatius.xtec.cat\/catalunyacentral\/wp-json\/wp\/v2\/posts\/9390","targetHints":{"allow":["GET"]}}],"collection":[{"href":"https:\/\/serveiseducatius.xtec.cat\/catalunyacentral\/wp-json\/wp\/v2\/posts"}],"about":[{"href":"https:\/\/serveiseducatius.xtec.cat\/catalunyacentral\/wp-json\/wp\/v2\/types\/post"}],"author":[{"embeddable":true,"href":"https:\/\/serveiseducatius.xtec.cat\/catalunyacentral\/wp-json\/wp\/v2\/users\/3"}],"replies":[{"embeddable":true,"href":"https:\/\/serveiseducatius.xtec.cat\/catalunyacentral\/wp-json\/wp\/v2\/comments?post=9390"}],"version-history":[{"count":1,"href":"https:\/\/serveiseducatius.xtec.cat\/catalunyacentral\/wp-json\/wp\/v2\/posts\/9390\/revisions"}],"predecessor-version":[{"id":9392,"href":"https:\/\/serveiseducatius.xtec.cat\/catalunyacentral\/wp-json\/wp\/v2\/posts\/9390\/revisions\/9392"}],"wp:featuredmedia":[{"embeddable":true,"href":"https:\/\/serveiseducatius.xtec.cat\/catalunyacentral\/wp-json\/wp\/v2\/media\/9391"}],"wp:attachment":[{"href":"https:\/\/serveiseducatius.xtec.cat\/catalunyacentral\/wp-json\/wp\/v2\/media?parent=9390"}],"wp:term":[{"taxonomy":"category","embeddable":true,"href":"https:\/\/serveiseducatius.xtec.cat\/catalunyacentral\/wp-json\/wp\/v2\/categories?post=9390"},{"taxonomy":"post_tag","embeddable":true,"href":"https:\/\/serveiseducatius.xtec.cat\/catalunyacentral\/wp-json\/wp\/v2\/tags?post=9390"}],"curies":[{"name":"wp","href":"https:\/\/api.w.org\/{rel}","templated":true}]}}