{"id":9263,"date":"2022-06-30T08:52:20","date_gmt":"2022-06-30T06:52:20","guid":{"rendered":"https:\/\/serveiseducatius.xtec.cat\/catalunyacentral\/?p=9263"},"modified":"2022-06-30T08:52:20","modified_gmt":"2022-06-30T06:52:20","slug":"jornada-de-tancament-del-curs-2021-2022-del-laboratori-i-de-les-xarxes-territorials-de-transformacio-educativa","status":"publish","type":"post","link":"https:\/\/serveiseducatius.xtec.cat\/catalunyacentral\/portada\/jornada-de-tancament-del-curs-2021-2022-del-laboratori-i-de-les-xarxes-territorials-de-transformacio-educativa\/","title":{"rendered":"Jornada de Tancament del curs 2021 \u2013 2022 del Laboratori i de les Xarxes Territorials de Transformaci\u00f3 Educativa"},"content":{"rendered":"<p>Arribats aquests dies de juny \u00e9s el moment de reflexionar sobre l\u2019horitz\u00f3 dibuixat i el cam\u00ed recorregut pels centres del Laboratori i de les Xarxes Territorials de Transformaci\u00f3 Educativa. La Jornada de Tancament del Curs 2021 \u2013 2022 del Laboratori de Transformaci\u00f3 Educativa \u00e9s un moment en el que, amb la vostra participaci\u00f3, l\u2019equip coordinador del Laboratori vol posar de relleu la cooperaci\u00f3 dels Centres, dels Equips Directius i dels Equips Impulsors, de les Facilitadores del PAcTE\/ExC, de les Dinamitzadores de xarxes, dels CRP, dels Serveis Territorials i de la Inspecci\u00f3 d\u2019Educaci\u00f3, dels Equips Motors Territorials i de l\u2019Equip Motor del Laboratori, tots treballant en xarxa amb l\u2019objectiu de construir un model educatiu millor, equitatiu i de qualitat.<\/p>\n<p>La Jornada de tancament s\u2019emet des del Museu de la M\u00fasica de Barcelona, un espai d\u2019aprenentatge amb sentit que permet treballar les compet\u00e8ncies a partir del descobriment d\u2019un m\u00f3n social, econ\u00f2mic, hist\u00f2ric, art\u00edstic i l\u00fadic, sorprenent i revelador, des de les viv\u00e8ncies musicals del passat i del present, d\u2019indrets llunyans i tamb\u00e9 de l\u2019entorn m\u00e9s proper. Un viatge en el temps i en l\u2019espai amb m\u00e9s de 500 instruments i documents que es mostren de manera suggeridora i did\u00e0ctica com a testimonis d\u2019aquesta activitat humana universal. El\u00a0<a href=\"https:\/\/ajuntament.barcelona.cat\/museumusica\/ca\" target=\"_blank\" rel=\"noopener\">Museu de la M\u00fasica<\/a>\u00a0us espera a l\u2019Auditori de Barcelona!<\/p>\n<p>L\u2019escaleta de la sessi\u00f3 \u00e9s la seg\u00fcent:<\/p>\n<ul>\n<li>Presentaci\u00f3 de la Jornada<\/li>\n<li>Benvinguda al Museu<\/li>\n<li>Parlament institucional<\/li>\n<li>El Laboratori de Transformaci\u00f3 Educativa, 3 anys fent cam\u00ed<\/li>\n<li>\u00c8xits en un context dif\u00edcil, el curs 2021 \u2013 2022<\/li>\n<li>Col\u00b7loquis\n<ul>\n<li>\u201cFacilitaci\u00f3, un model que empodera el centre en els processos de canvi\u201d<\/li>\n<li>\u201cCentres referents del Laboratori, un pas endavant en els reptes de futur\u201d<\/li>\n<li>\u201cXarxes educatives, espais de construcci\u00f3 de coneixement i de transformaci\u00f3\u201d<\/li>\n<\/ul>\n<\/li>\n<li>Tancament institucional<\/li>\n<li>Agra\u00efment i cloenda<\/li>\n<\/ul>\n<p>La Jornada s\u2019emetr\u00e0 avui dijous, 30 de juny, a partir de les 17:00 hores. Podeu seguir l\u2019esdeveniment des d\u2019aquesta mateixa p\u00e0gina o accedir directament al <a href=\"http:\/\/www.youtube.com\/embed\/5AOfpAJOVHw\" target=\"_blank\" rel=\"noopener\">canal youtube<\/a>\u00a0(en aquest cas, si us hi heu identificat, podreu participar al xat en directe).<\/p>\n<p><iframe loading=\"lazy\" src=\"\/\/www.youtube.com\/embed\/5AOfpAJOVHw\" width=\"560\" height=\"314\" allowfullscreen=\"allowfullscreen\"><\/iframe><\/p>\n<h4>Les XTTE a la Catalunya Central, posant el focus en l\u2019avaluaci\u00f3 competencial!<\/h4>\n<p>&nbsp;<\/p>\n<p>El passat 8 de juny vam celebrar el tancament de les xarxes amb una jornada diferent. Al llarg de les 5 sessions de xarxes, ens ha acompanyat la Meritxell Cano, que ens ha ajudat a reflexionar sobre com podem portar a la pr\u00e0ctica una avaluaci\u00f3 competencial amb el nostre alumnat, com el podem ajudar a desenvolupar la metacognici\u00f3 i com a partir dels seus interessos podem personalitzar els aprenentatges. Ha estat una formaci\u00f3 molt enriquidora i molt ben valorada per tots i totes!<\/p>\n<p>Una vegada acabada la formaci\u00f3, els centres de la xarxa van avaluar el treball portat a terme al llarg de les sessions i, finalment, van fer propostes de treball de cara el curs vinent.<\/p>\n<p>A la segona part de la jornada els centres van participar en una din\u00e0mica per recon\u00e8ixer els aven\u00e7os assolits aquest curs, com els valoren i com continuaran el curs vinent. Primer de tot, van reflexionar com a centre i, despr\u00e9s, van compartir-ho en petit grup amb altres centres del territori. Aquesta informaci\u00f3 esdevindr\u00e0 el punt de partida, de gran valor, de cara a plantejar les activitats per al curs vinent.<\/p>\n<p style=\"text-align: center;\"><iframe loading=\"lazy\" src=\"\/\/www.youtube.com\/embed\/AAvT4dFI6n8?t=1s\" width=\"560\" height=\"314\" allowfullscreen=\"allowfullscreen\"><\/iframe><\/p>\n","protected":false},"excerpt":{"rendered":"<p>Arribats aquests dies de juny \u00e9s el moment de reflexionar sobre l\u2019horitz\u00f3 dibuixat i el cam\u00ed recorregut pels centres del [&hellip;]<\/p>\n","protected":false},"author":3,"featured_media":9265,"comment_status":"open","ping_status":"closed","sticky":false,"template":"","format":"standard","meta":{"_bbp_topic_count":0,"_bbp_reply_count":0,"_bbp_total_topic_count":0,"_bbp_total_reply_count":0,"_bbp_voice_count":0,"_bbp_anonymous_reply_count":0,"_bbp_topic_count_hidden":0,"_bbp_reply_count_hidden":0,"_bbp_forum_subforum_count":0,"site-sidebar-layout":"default","site-content-layout":"","ast-site-content-layout":"","site-content-style":"default","site-sidebar-style":"default","ast-global-header-display":"","ast-banner-title-visibility":"","ast-main-header-display":"","ast-hfb-above-header-display":"","ast-hfb-below-header-display":"","ast-hfb-mobile-header-display":"","site-post-title":"","ast-breadcrumbs-content":"","ast-featured-img":"","footer-sml-layout":"","theme-transparent-header-meta":"","adv-header-id-meta":"","stick-header-meta":"","header-above-stick-meta":"","header-main-stick-meta":"","header-below-stick-meta":"","astra-migrate-meta-layouts":"default","ast-page-background-enabled":"default","ast-page-background-meta":{"desktop":{"background-color":"var(--ast-global-color-4)","background-image":"","background-repeat":"repeat","background-position":"center center","background-size":"auto","background-attachment":"scroll","background-type":"","background-media":"","overlay-type":"","overlay-color":"","overlay-opacity":"","overlay-gradient":""},"tablet":{"background-color":"","background-image":"","background-repeat":"repeat","background-position":"center center","background-size":"auto","background-attachment":"scroll","background-type":"","background-media":"","overlay-type":"","overlay-color":"","overlay-opacity":"","overlay-gradient":""},"mobile":{"background-color":"","background-image":"","background-repeat":"repeat","background-position":"center center","background-size":"auto","background-attachment":"scroll","background-type":"","background-media":"","overlay-type":"","overlay-color":"","overlay-opacity":"","overlay-gradient":""}},"ast-content-background-meta":{"desktop":{"background-color":"var(--ast-global-color-5)","background-image":"","background-repeat":"repeat","background-position":"center center","background-size":"auto","background-attachment":"scroll","background-type":"","background-media":"","overlay-type":"","overlay-color":"","overlay-opacity":"","overlay-gradient":""},"tablet":{"background-color":"var(--ast-global-color-5)","background-image":"","background-repeat":"repeat","background-position":"center center","background-size":"auto","background-attachment":"scroll","background-type":"","background-media":"","overlay-type":"","overlay-color":"","overlay-opacity":"","overlay-gradient":""},"mobile":{"background-color":"var(--ast-global-color-5)","background-image":"","background-repeat":"repeat","background-position":"center center","background-size":"auto","background-attachment":"scroll","background-type":"","background-media":"","overlay-type":"","overlay-color":"","overlay-opacity":"","overlay-gradient":""}},"footnotes":""},"categories":[285,29],"tags":[],"class_list":["post-9263","post","type-post","status-publish","format-standard","has-post-thumbnail","hentry","category-innovacio","category-portada"],"post_mailing_queue_ids":[],"_links":{"self":[{"href":"https:\/\/serveiseducatius.xtec.cat\/catalunyacentral\/wp-json\/wp\/v2\/posts\/9263","targetHints":{"allow":["GET"]}}],"collection":[{"href":"https:\/\/serveiseducatius.xtec.cat\/catalunyacentral\/wp-json\/wp\/v2\/posts"}],"about":[{"href":"https:\/\/serveiseducatius.xtec.cat\/catalunyacentral\/wp-json\/wp\/v2\/types\/post"}],"author":[{"embeddable":true,"href":"https:\/\/serveiseducatius.xtec.cat\/catalunyacentral\/wp-json\/wp\/v2\/users\/3"}],"replies":[{"embeddable":true,"href":"https:\/\/serveiseducatius.xtec.cat\/catalunyacentral\/wp-json\/wp\/v2\/comments?post=9263"}],"version-history":[{"count":1,"href":"https:\/\/serveiseducatius.xtec.cat\/catalunyacentral\/wp-json\/wp\/v2\/posts\/9263\/revisions"}],"predecessor-version":[{"id":9264,"href":"https:\/\/serveiseducatius.xtec.cat\/catalunyacentral\/wp-json\/wp\/v2\/posts\/9263\/revisions\/9264"}],"wp:featuredmedia":[{"embeddable":true,"href":"https:\/\/serveiseducatius.xtec.cat\/catalunyacentral\/wp-json\/wp\/v2\/media\/9265"}],"wp:attachment":[{"href":"https:\/\/serveiseducatius.xtec.cat\/catalunyacentral\/wp-json\/wp\/v2\/media?parent=9263"}],"wp:term":[{"taxonomy":"category","embeddable":true,"href":"https:\/\/serveiseducatius.xtec.cat\/catalunyacentral\/wp-json\/wp\/v2\/categories?post=9263"},{"taxonomy":"post_tag","embeddable":true,"href":"https:\/\/serveiseducatius.xtec.cat\/catalunyacentral\/wp-json\/wp\/v2\/tags?post=9263"}],"curies":[{"name":"wp","href":"https:\/\/api.w.org\/{rel}","templated":true}]}}