{"id":9191,"date":"2022-06-01T08:30:09","date_gmt":"2022-06-01T06:30:09","guid":{"rendered":"https:\/\/serveiseducatius.xtec.cat\/catalunyacentral\/?p=9191"},"modified":"2022-06-01T08:16:56","modified_gmt":"2022-06-01T06:16:56","slug":"catalunya-central-celebra-el-seu-acte-de-reconeixement-als-docents-i-pas-jubilats-durant-el-curs-2020-2021","status":"publish","type":"post","link":"https:\/\/serveiseducatius.xtec.cat\/catalunyacentral\/general\/catalunya-central-celebra-el-seu-acte-de-reconeixement-als-docents-i-pas-jubilats-durant-el-curs-2020-2021\/","title":{"rendered":"Catalunya Central celebra el seu acte de reconeixement als docents i PAS jubilats durant el curs 2020-2021"},"content":{"rendered":"<p>El passat dijous <strong>19 de maig<\/strong>, els docents i personal d&#8217;administraci\u00f3 i serveis dels centres p\u00fablics del nostre territori van poder rebre un merescut <strong>reconeixement a la seva traject\u00f2ria com a professionals dels centres educatius.<\/strong><\/p>\n<p>Es van celebrar tres actes, dividits per territoris, on va haver-hi lloc per al reconeixement, per la cultura, i tamb\u00e9 per l&#8217;humor.<\/p>\n<p>Els diferents actes van comptar amb la participaci\u00f3 de l&#8217;alumnat de l&#8217;Institut Llu\u00eds de Peguera, l&#8217;Institut Guillem Cat\u00e0 i Escola Sant Ignasi (Manresa), de l&#8217;Escola d&#8217;Arts de Vic, de l&#8217;Escola d&#8217;Hostaleria de Tona d&#8217;Osona, de l&#8217;Institut Escola Marta Mata (Torell\u00f3) i de l&#8217;Escola la S\u00ednia (Vic).<\/p>\n<p>Des dels Serveis Educatius volem agrair a tots els centres col\u00b7laboradors la vostra participaci\u00f3, i desitgem que l&#8217;acte quedi en el record per a tots els treballadors que han dedicat la seva vida laboral als centres educatius del nostre territori.<\/p>\n<p style=\"text-align: center;\"><strong>Moltes gr\u00e0cies per la vostra participaci\u00f3!<\/strong><\/p>\n<p><a href=\"https:\/\/serveiseducatius.xtec.cat\/catalunyacentral\/wp-content\/uploads\/usu2513\/2022\/05\/Anoia.jpeg\"><img loading=\"lazy\" decoding=\"async\" class=\"size-large wp-image-9192 aligncenter\" src=\"https:\/\/serveiseducatius.xtec.cat\/catalunyacentral\/wp-content\/uploads\/usu2513\/2022\/05\/Anoia-1024x768.jpeg\" alt=\"\" width=\"1024\" height=\"768\" srcset=\"https:\/\/serveiseducatius.xtec.cat\/catalunyacentral\/wp-content\/uploads\/usu2513\/2022\/05\/Anoia-1024x768.jpeg 1024w, https:\/\/serveiseducatius.xtec.cat\/catalunyacentral\/wp-content\/uploads\/usu2513\/2022\/05\/Anoia-300x225.jpeg 300w, https:\/\/serveiseducatius.xtec.cat\/catalunyacentral\/wp-content\/uploads\/usu2513\/2022\/05\/Anoia-768x576.jpeg 768w, https:\/\/serveiseducatius.xtec.cat\/catalunyacentral\/wp-content\/uploads\/usu2513\/2022\/05\/Anoia-1536x1152.jpeg 1536w, https:\/\/serveiseducatius.xtec.cat\/catalunyacentral\/wp-content\/uploads\/usu2513\/2022\/05\/Anoia-200x150.jpeg 200w, https:\/\/serveiseducatius.xtec.cat\/catalunyacentral\/wp-content\/uploads\/usu2513\/2022\/05\/Anoia.jpeg 2048w\" sizes=\"auto, (max-width: 1024px) 100vw, 1024px\" \/><\/a> <a href=\"https:\/\/serveiseducatius.xtec.cat\/catalunyacentral\/wp-content\/uploads\/usu2513\/2022\/05\/Bages-Moianes.jpeg\"><img loading=\"lazy\" decoding=\"async\" class=\"size-large wp-image-9193 aligncenter\" src=\"https:\/\/serveiseducatius.xtec.cat\/catalunyacentral\/wp-content\/uploads\/usu2513\/2022\/05\/Bages-Moianes-1024x680.jpeg\" alt=\"\" width=\"1024\" height=\"680\" srcset=\"https:\/\/serveiseducatius.xtec.cat\/catalunyacentral\/wp-content\/uploads\/usu2513\/2022\/05\/Bages-Moianes-1024x680.jpeg 1024w, https:\/\/serveiseducatius.xtec.cat\/catalunyacentral\/wp-content\/uploads\/usu2513\/2022\/05\/Bages-Moianes-300x199.jpeg 300w, https:\/\/serveiseducatius.xtec.cat\/catalunyacentral\/wp-content\/uploads\/usu2513\/2022\/05\/Bages-Moianes-768x510.jpeg 768w, https:\/\/serveiseducatius.xtec.cat\/catalunyacentral\/wp-content\/uploads\/usu2513\/2022\/05\/Bages-Moianes-1536x1021.jpeg 1536w, https:\/\/serveiseducatius.xtec.cat\/catalunyacentral\/wp-content\/uploads\/usu2513\/2022\/05\/Bages-Moianes.jpeg 2033w\" sizes=\"auto, (max-width: 1024px) 100vw, 1024px\" \/><\/a> <a href=\"https:\/\/serveiseducatius.xtec.cat\/catalunyacentral\/wp-content\/uploads\/usu2513\/2022\/05\/Solsona-Bergueda.jpeg\"><img loading=\"lazy\" decoding=\"async\" class=\"size-large wp-image-9195 aligncenter\" src=\"https:\/\/serveiseducatius.xtec.cat\/catalunyacentral\/wp-content\/uploads\/usu2513\/2022\/05\/Solsona-Bergueda-1024x768.jpeg\" alt=\"\" width=\"1024\" height=\"768\" srcset=\"https:\/\/serveiseducatius.xtec.cat\/catalunyacentral\/wp-content\/uploads\/usu2513\/2022\/05\/Solsona-Bergueda-1024x768.jpeg 1024w, https:\/\/serveiseducatius.xtec.cat\/catalunyacentral\/wp-content\/uploads\/usu2513\/2022\/05\/Solsona-Bergueda-300x225.jpeg 300w, https:\/\/serveiseducatius.xtec.cat\/catalunyacentral\/wp-content\/uploads\/usu2513\/2022\/05\/Solsona-Bergueda-768x576.jpeg 768w, https:\/\/serveiseducatius.xtec.cat\/catalunyacentral\/wp-content\/uploads\/usu2513\/2022\/05\/Solsona-Bergueda-1536x1152.jpeg 1536w, https:\/\/serveiseducatius.xtec.cat\/catalunyacentral\/wp-content\/uploads\/usu2513\/2022\/05\/Solsona-Bergueda-200x150.jpeg 200w, https:\/\/serveiseducatius.xtec.cat\/catalunyacentral\/wp-content\/uploads\/usu2513\/2022\/05\/Solsona-Bergueda.jpeg 2048w\" sizes=\"auto, (max-width: 1024px) 100vw, 1024px\" \/><\/a><a href=\"https:\/\/serveiseducatius.xtec.cat\/catalunyacentral\/wp-content\/uploads\/usu2513\/2022\/05\/Osona.jpeg\"><img loading=\"lazy\" decoding=\"async\" class=\"size-large wp-image-9194 aligncenter\" src=\"https:\/\/serveiseducatius.xtec.cat\/catalunyacentral\/wp-content\/uploads\/usu2513\/2022\/05\/Osona-1024x511.jpeg\" alt=\"\" width=\"1024\" height=\"511\" srcset=\"https:\/\/serveiseducatius.xtec.cat\/catalunyacentral\/wp-content\/uploads\/usu2513\/2022\/05\/Osona-1024x511.jpeg 1024w, https:\/\/serveiseducatius.xtec.cat\/catalunyacentral\/wp-content\/uploads\/usu2513\/2022\/05\/Osona-300x150.jpeg 300w, https:\/\/serveiseducatius.xtec.cat\/catalunyacentral\/wp-content\/uploads\/usu2513\/2022\/05\/Osona-768x384.jpeg 768w, https:\/\/serveiseducatius.xtec.cat\/catalunyacentral\/wp-content\/uploads\/usu2513\/2022\/05\/Osona-1536x767.jpeg 1536w, https:\/\/serveiseducatius.xtec.cat\/catalunyacentral\/wp-content\/uploads\/usu2513\/2022\/05\/Osona.jpeg 1564w\" sizes=\"auto, (max-width: 1024px) 100vw, 1024px\" \/><\/a><\/p>\n","protected":false},"excerpt":{"rendered":"<p>El passat dijous 19 de maig, els docents i personal d&#8217;administraci\u00f3 i serveis dels centres p\u00fablics del nostre territori van [&hellip;]<\/p>\n","protected":false},"author":3,"featured_media":9196,"comment_status":"open","ping_status":"closed","sticky":false,"template":"","format":"standard","meta":{"_bbp_topic_count":0,"_bbp_reply_count":0,"_bbp_total_topic_count":0,"_bbp_total_reply_count":0,"_bbp_voice_count":0,"_bbp_anonymous_reply_count":0,"_bbp_topic_count_hidden":0,"_bbp_reply_count_hidden":0,"_bbp_forum_subforum_count":0,"site-sidebar-layout":"default","site-content-layout":"","ast-site-content-layout":"","site-content-style":"default","site-sidebar-style":"default","ast-global-header-display":"","ast-banner-title-visibility":"","ast-main-header-display":"","ast-hfb-above-header-display":"","ast-hfb-below-header-display":"","ast-hfb-mobile-header-display":"","site-post-title":"","ast-breadcrumbs-content":"","ast-featured-img":"","footer-sml-layout":"","theme-transparent-header-meta":"","adv-header-id-meta":"","stick-header-meta":"","header-above-stick-meta":"","header-main-stick-meta":"","header-below-stick-meta":"","astra-migrate-meta-layouts":"default","ast-page-background-enabled":"default","ast-page-background-meta":{"desktop":{"background-color":"var(--ast-global-color-4)","background-image":"","background-repeat":"repeat","background-position":"center center","background-size":"auto","background-attachment":"scroll","background-type":"","background-media":"","overlay-type":"","overlay-color":"","overlay-opacity":"","overlay-gradient":""},"tablet":{"background-color":"","background-image":"","background-repeat":"repeat","background-position":"center center","background-size":"auto","background-attachment":"scroll","background-type":"","background-media":"","overlay-type":"","overlay-color":"","overlay-opacity":"","overlay-gradient":""},"mobile":{"background-color":"","background-image":"","background-repeat":"repeat","background-position":"center center","background-size":"auto","background-attachment":"scroll","background-type":"","background-media":"","overlay-type":"","overlay-color":"","overlay-opacity":"","overlay-gradient":""}},"ast-content-background-meta":{"desktop":{"background-color":"var(--ast-global-color-5)","background-image":"","background-repeat":"repeat","background-position":"center center","background-size":"auto","background-attachment":"scroll","background-type":"","background-media":"","overlay-type":"","overlay-color":"","overlay-opacity":"","overlay-gradient":""},"tablet":{"background-color":"var(--ast-global-color-5)","background-image":"","background-repeat":"repeat","background-position":"center center","background-size":"auto","background-attachment":"scroll","background-type":"","background-media":"","overlay-type":"","overlay-color":"","overlay-opacity":"","overlay-gradient":""},"mobile":{"background-color":"var(--ast-global-color-5)","background-image":"","background-repeat":"repeat","background-position":"center center","background-size":"auto","background-attachment":"scroll","background-type":"","background-media":"","overlay-type":"","overlay-color":"","overlay-opacity":"","overlay-gradient":""}},"footnotes":""},"categories":[1,29],"tags":[],"class_list":["post-9191","post","type-post","status-publish","format-standard","has-post-thumbnail","hentry","category-general","category-portada"],"post_mailing_queue_ids":[],"_links":{"self":[{"href":"https:\/\/serveiseducatius.xtec.cat\/catalunyacentral\/wp-json\/wp\/v2\/posts\/9191","targetHints":{"allow":["GET"]}}],"collection":[{"href":"https:\/\/serveiseducatius.xtec.cat\/catalunyacentral\/wp-json\/wp\/v2\/posts"}],"about":[{"href":"https:\/\/serveiseducatius.xtec.cat\/catalunyacentral\/wp-json\/wp\/v2\/types\/post"}],"author":[{"embeddable":true,"href":"https:\/\/serveiseducatius.xtec.cat\/catalunyacentral\/wp-json\/wp\/v2\/users\/3"}],"replies":[{"embeddable":true,"href":"https:\/\/serveiseducatius.xtec.cat\/catalunyacentral\/wp-json\/wp\/v2\/comments?post=9191"}],"version-history":[{"count":1,"href":"https:\/\/serveiseducatius.xtec.cat\/catalunyacentral\/wp-json\/wp\/v2\/posts\/9191\/revisions"}],"predecessor-version":[{"id":9197,"href":"https:\/\/serveiseducatius.xtec.cat\/catalunyacentral\/wp-json\/wp\/v2\/posts\/9191\/revisions\/9197"}],"wp:featuredmedia":[{"embeddable":true,"href":"https:\/\/serveiseducatius.xtec.cat\/catalunyacentral\/wp-json\/wp\/v2\/media\/9196"}],"wp:attachment":[{"href":"https:\/\/serveiseducatius.xtec.cat\/catalunyacentral\/wp-json\/wp\/v2\/media?parent=9191"}],"wp:term":[{"taxonomy":"category","embeddable":true,"href":"https:\/\/serveiseducatius.xtec.cat\/catalunyacentral\/wp-json\/wp\/v2\/categories?post=9191"},{"taxonomy":"post_tag","embeddable":true,"href":"https:\/\/serveiseducatius.xtec.cat\/catalunyacentral\/wp-json\/wp\/v2\/tags?post=9191"}],"curies":[{"name":"wp","href":"https:\/\/api.w.org\/{rel}","templated":true}]}}