{"id":9137,"date":"2022-05-12T08:20:26","date_gmt":"2022-05-12T06:20:26","guid":{"rendered":"https:\/\/serveiseducatius.xtec.cat\/catalunyacentral\/?p=9137"},"modified":"2022-05-09T15:21:51","modified_gmt":"2022-05-09T13:21:51","slug":"15-de-maig-dia-internacional-de-la-familia","status":"publish","type":"post","link":"https:\/\/serveiseducatius.xtec.cat\/catalunyacentral\/general\/15-de-maig-dia-internacional-de-la-familia\/","title":{"rendered":"15 de maig, Dia internacional de la Fam\u00edlia"},"content":{"rendered":"<p style=\"text-align: center;\"><a href=\"https:\/\/serveiseducatius.xtec.cat\/catalunyacentral\/wp-content\/uploads\/usu2513\/2022\/05\/20220515_FESHOBE_DIA-INT-FAMILIA.png\"><img loading=\"lazy\" decoding=\"async\" class=\"alignnone wp-image-9138\" src=\"https:\/\/serveiseducatius.xtec.cat\/catalunyacentral\/wp-content\/uploads\/usu2513\/2022\/05\/20220515_FESHOBE_DIA-INT-FAMILIA-1024x1024.png\" alt=\"\" width=\"635\" height=\"635\" srcset=\"https:\/\/serveiseducatius.xtec.cat\/catalunyacentral\/wp-content\/uploads\/usu2513\/2022\/05\/20220515_FESHOBE_DIA-INT-FAMILIA-1024x1024.png 1024w, https:\/\/serveiseducatius.xtec.cat\/catalunyacentral\/wp-content\/uploads\/usu2513\/2022\/05\/20220515_FESHOBE_DIA-INT-FAMILIA-300x300.png 300w, https:\/\/serveiseducatius.xtec.cat\/catalunyacentral\/wp-content\/uploads\/usu2513\/2022\/05\/20220515_FESHOBE_DIA-INT-FAMILIA-150x150.png 150w, https:\/\/serveiseducatius.xtec.cat\/catalunyacentral\/wp-content\/uploads\/usu2513\/2022\/05\/20220515_FESHOBE_DIA-INT-FAMILIA-768x768.png 768w, https:\/\/serveiseducatius.xtec.cat\/catalunyacentral\/wp-content\/uploads\/usu2513\/2022\/05\/20220515_FESHOBE_DIA-INT-FAMILIA.png 1080w\" sizes=\"auto, (max-width: 635px) 100vw, 635px\" \/><\/a><\/p>\n<p>El proper dia 15 de maig es commemora el Dia Internacional de la Fam\u00edlia. El programa &#8220;Fes-ho b\u00e9&#8221;, amb aquest cartell, ens vol recordar que prenguem consci\u00e8ncia de la import\u00e0ncia que les activitats que fem en fam\u00edlia han de potenciar el benestar dels i de les nostres joves perqu\u00e8 creixin com a persones sanes i fortes!<\/p>\n","protected":false},"excerpt":{"rendered":"<p>El proper dia 15 de maig es commemora el Dia Internacional de la Fam\u00edlia. El programa &#8220;Fes-ho b\u00e9&#8221;, amb aquest [&hellip;]<\/p>\n","protected":false},"author":3,"featured_media":9139,"comment_status":"open","ping_status":"closed","sticky":false,"template":"","format":"standard","meta":{"_bbp_topic_count":0,"_bbp_reply_count":0,"_bbp_total_topic_count":0,"_bbp_total_reply_count":0,"_bbp_voice_count":0,"_bbp_anonymous_reply_count":0,"_bbp_topic_count_hidden":0,"_bbp_reply_count_hidden":0,"_bbp_forum_subforum_count":0,"site-sidebar-layout":"default","site-content-layout":"","ast-site-content-layout":"","site-content-style":"default","site-sidebar-style":"default","ast-global-header-display":"","ast-banner-title-visibility":"","ast-main-header-display":"","ast-hfb-above-header-display":"","ast-hfb-below-header-display":"","ast-hfb-mobile-header-display":"","site-post-title":"","ast-breadcrumbs-content":"","ast-featured-img":"","footer-sml-layout":"","theme-transparent-header-meta":"","adv-header-id-meta":"","stick-header-meta":"","header-above-stick-meta":"","header-main-stick-meta":"","header-below-stick-meta":"","astra-migrate-meta-layouts":"default","ast-page-background-enabled":"default","ast-page-background-meta":{"desktop":{"background-color":"var(--ast-global-color-4)","background-image":"","background-repeat":"repeat","background-position":"center center","background-size":"auto","background-attachment":"scroll","background-type":"","background-media":"","overlay-type":"","overlay-color":"","overlay-opacity":"","overlay-gradient":""},"tablet":{"background-color":"","background-image":"","background-repeat":"repeat","background-position":"center center","background-size":"auto","background-attachment":"scroll","background-type":"","background-media":"","overlay-type":"","overlay-color":"","overlay-opacity":"","overlay-gradient":""},"mobile":{"background-color":"","background-image":"","background-repeat":"repeat","background-position":"center center","background-size":"auto","background-attachment":"scroll","background-type":"","background-media":"","overlay-type":"","overlay-color":"","overlay-opacity":"","overlay-gradient":""}},"ast-content-background-meta":{"desktop":{"background-color":"var(--ast-global-color-5)","background-image":"","background-repeat":"repeat","background-position":"center center","background-size":"auto","background-attachment":"scroll","background-type":"","background-media":"","overlay-type":"","overlay-color":"","overlay-opacity":"","overlay-gradient":""},"tablet":{"background-color":"var(--ast-global-color-5)","background-image":"","background-repeat":"repeat","background-position":"center center","background-size":"auto","background-attachment":"scroll","background-type":"","background-media":"","overlay-type":"","overlay-color":"","overlay-opacity":"","overlay-gradient":""},"mobile":{"background-color":"var(--ast-global-color-5)","background-image":"","background-repeat":"repeat","background-position":"center center","background-size":"auto","background-attachment":"scroll","background-type":"","background-media":"","overlay-type":"","overlay-color":"","overlay-opacity":"","overlay-gradient":""}},"footnotes":""},"categories":[1,286,285,29],"tags":[],"class_list":["post-9137","post","type-post","status-publish","format-standard","has-post-thumbnail","hentry","category-general","category-inclusio","category-innovacio","category-portada"],"post_mailing_queue_ids":[],"_links":{"self":[{"href":"https:\/\/serveiseducatius.xtec.cat\/catalunyacentral\/wp-json\/wp\/v2\/posts\/9137","targetHints":{"allow":["GET"]}}],"collection":[{"href":"https:\/\/serveiseducatius.xtec.cat\/catalunyacentral\/wp-json\/wp\/v2\/posts"}],"about":[{"href":"https:\/\/serveiseducatius.xtec.cat\/catalunyacentral\/wp-json\/wp\/v2\/types\/post"}],"author":[{"embeddable":true,"href":"https:\/\/serveiseducatius.xtec.cat\/catalunyacentral\/wp-json\/wp\/v2\/users\/3"}],"replies":[{"embeddable":true,"href":"https:\/\/serveiseducatius.xtec.cat\/catalunyacentral\/wp-json\/wp\/v2\/comments?post=9137"}],"version-history":[{"count":1,"href":"https:\/\/serveiseducatius.xtec.cat\/catalunyacentral\/wp-json\/wp\/v2\/posts\/9137\/revisions"}],"predecessor-version":[{"id":9140,"href":"https:\/\/serveiseducatius.xtec.cat\/catalunyacentral\/wp-json\/wp\/v2\/posts\/9137\/revisions\/9140"}],"wp:featuredmedia":[{"embeddable":true,"href":"https:\/\/serveiseducatius.xtec.cat\/catalunyacentral\/wp-json\/wp\/v2\/media\/9139"}],"wp:attachment":[{"href":"https:\/\/serveiseducatius.xtec.cat\/catalunyacentral\/wp-json\/wp\/v2\/media?parent=9137"}],"wp:term":[{"taxonomy":"category","embeddable":true,"href":"https:\/\/serveiseducatius.xtec.cat\/catalunyacentral\/wp-json\/wp\/v2\/categories?post=9137"},{"taxonomy":"post_tag","embeddable":true,"href":"https:\/\/serveiseducatius.xtec.cat\/catalunyacentral\/wp-json\/wp\/v2\/tags?post=9137"}],"curies":[{"name":"wp","href":"https:\/\/api.w.org\/{rel}","templated":true}]}}