{"id":8988,"date":"2022-03-28T08:17:24","date_gmt":"2022-03-28T06:17:24","guid":{"rendered":"https:\/\/serveiseducatius.xtec.cat\/catalunyacentral\/?p=8988"},"modified":"2022-03-28T08:18:17","modified_gmt":"2022-03-28T06:18:17","slug":"premi-acca-de-la-critica-dart-2021-en-la-categoria-deducacio-pel-projecte-art-i-escola","status":"publish","type":"post","link":"https:\/\/serveiseducatius.xtec.cat\/catalunyacentral\/general\/premi-acca-de-la-critica-dart-2021-en-la-categoria-deducacio-pel-projecte-art-i-escola\/","title":{"rendered":"Premi ACCA de la Cr\u00edtica d&#8217;Art 2021 en la categoria d&#8217;educaci\u00f3 pel projecte ART I ESCOLA"},"content":{"rendered":"<p>Ahir l&#8217;equip d&#8217;ACVIC va rebre el <strong>Premi ACCA de la Cr\u00edtica d&#8217;Art 2021<\/strong> en la categoria d&#8217;educaci\u00f3 pel projecte<strong> ART I ESCOLA<\/strong>, que organitzen conjuntament amb el <strong>Centre de Recursos Pedag\u00f2gics d&#8217;Osona<\/strong>.<\/p>\n<p>En reconeixement per fomentar i facilitar, durant m\u00e9s de 10 anys, l&#8217;acc\u00e9s a l&#8217;art contemporani a infants i joves de totes les edats i de diferents punts del territori, i tamb\u00e9 l&#8217;empoderament dels i les docents a l&#8217;hora d&#8217;aplicar metodologies pr\u00f2pies de l&#8217;\u00e0mbit art\u00edstic a l&#8217;educatiu.<\/p>\n<p>La resta de guanyadors dels premis han estat Pere Jaume (premi projecte art\u00edstic); David Bestu\u00e9 i Martina Mill\u00e0 (premi comissariat); Joana Mas\u00f3 (premi recerca); Daniel Gasol (premi cr\u00edtica d&#8217;art); i Montserrat Cortadellas i Francesc Vidal (el premi espais i iniciatives). Els sis premiats han estat escollits per vot assembleari.<\/p>\n<p>Podeu recuperar el moment de l&#8217;entrega del premi a l&#8217;enlla\u00e7 de sota a partir del <strong>minut 1: 03: 45,\u00a0<\/strong>i accedir a la not\u00edcia completa a aquest <a href=\"https:\/\/www.acvic.org\/ca\/art-i-escola\/3801-premi-acca-per-art-i-escola\">enlla\u00e7<\/a>.<\/p>\n<p style=\"text-align: center;\"><iframe loading=\"lazy\" src=\"\/\/www.youtube.com\/embed\/0MTXiS4Kwvo?feature=emb_title\" width=\"560\" height=\"314\" allowfullscreen=\"allowfullscreen\"><\/iframe><\/p>\n","protected":false},"excerpt":{"rendered":"<p>Ahir l&#8217;equip d&#8217;ACVIC va rebre el Premi ACCA de la Cr\u00edtica d&#8217;Art 2021 en la categoria d&#8217;educaci\u00f3 pel projecte ART [&hellip;]<\/p>\n","protected":false},"author":3,"featured_media":9000,"comment_status":"open","ping_status":"closed","sticky":false,"template":"","format":"standard","meta":{"_bbp_topic_count":0,"_bbp_reply_count":0,"_bbp_total_topic_count":0,"_bbp_total_reply_count":0,"_bbp_voice_count":0,"_bbp_anonymous_reply_count":0,"_bbp_topic_count_hidden":0,"_bbp_reply_count_hidden":0,"_bbp_forum_subforum_count":0,"site-sidebar-layout":"default","site-content-layout":"","ast-site-content-layout":"","site-content-style":"default","site-sidebar-style":"default","ast-global-header-display":"","ast-banner-title-visibility":"","ast-main-header-display":"","ast-hfb-above-header-display":"","ast-hfb-below-header-display":"","ast-hfb-mobile-header-display":"","site-post-title":"","ast-breadcrumbs-content":"","ast-featured-img":"","footer-sml-layout":"","theme-transparent-header-meta":"","adv-header-id-meta":"","stick-header-meta":"","header-above-stick-meta":"","header-main-stick-meta":"","header-below-stick-meta":"","astra-migrate-meta-layouts":"default","ast-page-background-enabled":"default","ast-page-background-meta":{"desktop":{"background-color":"var(--ast-global-color-4)","background-image":"","background-repeat":"repeat","background-position":"center center","background-size":"auto","background-attachment":"scroll","background-type":"","background-media":"","overlay-type":"","overlay-color":"","overlay-opacity":"","overlay-gradient":""},"tablet":{"background-color":"","background-image":"","background-repeat":"repeat","background-position":"center center","background-size":"auto","background-attachment":"scroll","background-type":"","background-media":"","overlay-type":"","overlay-color":"","overlay-opacity":"","overlay-gradient":""},"mobile":{"background-color":"","background-image":"","background-repeat":"repeat","background-position":"center center","background-size":"auto","background-attachment":"scroll","background-type":"","background-media":"","overlay-type":"","overlay-color":"","overlay-opacity":"","overlay-gradient":""}},"ast-content-background-meta":{"desktop":{"background-color":"var(--ast-global-color-5)","background-image":"","background-repeat":"repeat","background-position":"center center","background-size":"auto","background-attachment":"scroll","background-type":"","background-media":"","overlay-type":"","overlay-color":"","overlay-opacity":"","overlay-gradient":""},"tablet":{"background-color":"var(--ast-global-color-5)","background-image":"","background-repeat":"repeat","background-position":"center center","background-size":"auto","background-attachment":"scroll","background-type":"","background-media":"","overlay-type":"","overlay-color":"","overlay-opacity":"","overlay-gradient":""},"mobile":{"background-color":"var(--ast-global-color-5)","background-image":"","background-repeat":"repeat","background-position":"center center","background-size":"auto","background-attachment":"scroll","background-type":"","background-media":"","overlay-type":"","overlay-color":"","overlay-opacity":"","overlay-gradient":""}},"footnotes":""},"categories":[1,29],"tags":[],"class_list":["post-8988","post","type-post","status-publish","format-standard","has-post-thumbnail","hentry","category-general","category-portada"],"post_mailing_queue_ids":[],"_links":{"self":[{"href":"https:\/\/serveiseducatius.xtec.cat\/catalunyacentral\/wp-json\/wp\/v2\/posts\/8988","targetHints":{"allow":["GET"]}}],"collection":[{"href":"https:\/\/serveiseducatius.xtec.cat\/catalunyacentral\/wp-json\/wp\/v2\/posts"}],"about":[{"href":"https:\/\/serveiseducatius.xtec.cat\/catalunyacentral\/wp-json\/wp\/v2\/types\/post"}],"author":[{"embeddable":true,"href":"https:\/\/serveiseducatius.xtec.cat\/catalunyacentral\/wp-json\/wp\/v2\/users\/3"}],"replies":[{"embeddable":true,"href":"https:\/\/serveiseducatius.xtec.cat\/catalunyacentral\/wp-json\/wp\/v2\/comments?post=8988"}],"version-history":[{"count":4,"href":"https:\/\/serveiseducatius.xtec.cat\/catalunyacentral\/wp-json\/wp\/v2\/posts\/8988\/revisions"}],"predecessor-version":[{"id":9002,"href":"https:\/\/serveiseducatius.xtec.cat\/catalunyacentral\/wp-json\/wp\/v2\/posts\/8988\/revisions\/9002"}],"wp:featuredmedia":[{"embeddable":true,"href":"https:\/\/serveiseducatius.xtec.cat\/catalunyacentral\/wp-json\/wp\/v2\/media\/9000"}],"wp:attachment":[{"href":"https:\/\/serveiseducatius.xtec.cat\/catalunyacentral\/wp-json\/wp\/v2\/media?parent=8988"}],"wp:term":[{"taxonomy":"category","embeddable":true,"href":"https:\/\/serveiseducatius.xtec.cat\/catalunyacentral\/wp-json\/wp\/v2\/categories?post=8988"},{"taxonomy":"post_tag","embeddable":true,"href":"https:\/\/serveiseducatius.xtec.cat\/catalunyacentral\/wp-json\/wp\/v2\/tags?post=8988"}],"curies":[{"name":"wp","href":"https:\/\/api.w.org\/{rel}","templated":true}]}}