{"id":8916,"date":"2022-03-11T14:02:20","date_gmt":"2022-03-11T13:02:20","guid":{"rendered":"https:\/\/serveiseducatius.xtec.cat\/catalunyacentral\/?p=8916"},"modified":"2022-03-11T14:05:36","modified_gmt":"2022-03-11T13:05:36","slug":"erasmus-educacio-inclusiva","status":"publish","type":"post","link":"https:\/\/serveiseducatius.xtec.cat\/catalunyacentral\/portada\/erasmus-educacio-inclusiva\/","title":{"rendered":"ERASMUS+ Educaci\u00f3 inclusiva"},"content":{"rendered":"<p style=\"text-align: center;\"><a href=\"https:\/\/serveiseducatius.xtec.cat\/catalunyacentral\/wp-content\/uploads\/usu2513\/2022\/03\/ERASMUS-5-2.jpg\"><img loading=\"lazy\" decoding=\"async\" class=\"alignnone size-full wp-image-8917\" src=\"https:\/\/serveiseducatius.xtec.cat\/catalunyacentral\/wp-content\/uploads\/usu2513\/2022\/03\/ERASMUS-5-2.jpg\" alt=\"\" width=\"535\" height=\"336\" \/><\/a><\/p>\n<p>El curs 2020-2021 van ser seleccionats 7 centres educatius per formar part del <strong>Miniconsorci d\u2019Educaci\u00f3 Inclusiva<\/strong> (MCEI) que juntament amb 13 m\u00e9s conformen el Consorci Europeu per la Transformaci\u00f3 Educativa (CETE+) dins del programa <strong>ERASMUS+<\/strong> i <strong>un d&#8217;ells \u00e9s l&#8217;Institut Francesc Ribalta de Solsona<\/strong>.<\/p>\n<p>Aquest programa \u00e9s una oportunitat de millora educativa i aprenentatge per a tota la comunitat educativa treballant la internacionalitzaci\u00f3 dels nostres centres i el sentiment de pertinen\u00e7a al projecte. Ens ofereix l\u2019oportunitat de fer mobilitats dels professionals seleccionats dels centres, juntament amb la participaci\u00f3 de les formadores d\u2019educaci\u00f3 inclusiva, les FEI, dels Serveis Territorials dels centres educatius implicats.<\/p>\n<p>En el nostre cas, la cerca de centres acollidors per a realitzar l\u2019estada d\u2019observaci\u00f3, es centra a It\u00e0lia per l\u2019expertesa en el camp de la inclusi\u00f3. L\u2019objectiu \u00e9s con\u00e8ixer, dissenyar, aplicar i compartir les diferents estructures organitzatives i metodol\u00f2giques dels centres educatius pel que fa a la l\u2019atenci\u00f3 de l\u2019alumnat en un sistema educatiu inclusiu.<\/p>\n<p>Una de les primeres actuacions ha estat participar en el <strong>concurs del logotip<\/strong> que representar\u00e0 el consorci CETE+ durant els 7 anys de durada del projecte.<\/p>\n<p>Aqu\u00ed teniu els nostres 7 logotips guanyadors que passen a la <a href=\"https:\/\/projectes.xtec.cat\/cete\/concurs-de-logos\/logotips-finalistes\/\">fase final.<\/a><\/p>\n<p>Molta sort!<\/p>\n<p>#CETE+ #EducacioInclusiva #MCEducacioInclusiva<\/p>\n","protected":false},"excerpt":{"rendered":"<p>El curs 2020-2021 van ser seleccionats 7 centres educatius per formar part del Miniconsorci d\u2019Educaci\u00f3 Inclusiva (MCEI) que juntament amb [&hellip;]<\/p>\n","protected":false},"author":3,"featured_media":8917,"comment_status":"open","ping_status":"closed","sticky":false,"template":"","format":"standard","meta":{"_bbp_topic_count":0,"_bbp_reply_count":0,"_bbp_total_topic_count":0,"_bbp_total_reply_count":0,"_bbp_voice_count":0,"_bbp_anonymous_reply_count":0,"_bbp_topic_count_hidden":0,"_bbp_reply_count_hidden":0,"_bbp_forum_subforum_count":0,"site-sidebar-layout":"default","site-content-layout":"","ast-site-content-layout":"","site-content-style":"default","site-sidebar-style":"default","ast-global-header-display":"","ast-banner-title-visibility":"","ast-main-header-display":"","ast-hfb-above-header-display":"","ast-hfb-below-header-display":"","ast-hfb-mobile-header-display":"","site-post-title":"","ast-breadcrumbs-content":"","ast-featured-img":"","footer-sml-layout":"","theme-transparent-header-meta":"","adv-header-id-meta":"","stick-header-meta":"","header-above-stick-meta":"","header-main-stick-meta":"","header-below-stick-meta":"","astra-migrate-meta-layouts":"default","ast-page-background-enabled":"default","ast-page-background-meta":{"desktop":{"background-color":"var(--ast-global-color-4)","background-image":"","background-repeat":"repeat","background-position":"center center","background-size":"auto","background-attachment":"scroll","background-type":"","background-media":"","overlay-type":"","overlay-color":"","overlay-opacity":"","overlay-gradient":""},"tablet":{"background-color":"","background-image":"","background-repeat":"repeat","background-position":"center center","background-size":"auto","background-attachment":"scroll","background-type":"","background-media":"","overlay-type":"","overlay-color":"","overlay-opacity":"","overlay-gradient":""},"mobile":{"background-color":"","background-image":"","background-repeat":"repeat","background-position":"center center","background-size":"auto","background-attachment":"scroll","background-type":"","background-media":"","overlay-type":"","overlay-color":"","overlay-opacity":"","overlay-gradient":""}},"ast-content-background-meta":{"desktop":{"background-color":"var(--ast-global-color-5)","background-image":"","background-repeat":"repeat","background-position":"center center","background-size":"auto","background-attachment":"scroll","background-type":"","background-media":"","overlay-type":"","overlay-color":"","overlay-opacity":"","overlay-gradient":""},"tablet":{"background-color":"var(--ast-global-color-5)","background-image":"","background-repeat":"repeat","background-position":"center center","background-size":"auto","background-attachment":"scroll","background-type":"","background-media":"","overlay-type":"","overlay-color":"","overlay-opacity":"","overlay-gradient":""},"mobile":{"background-color":"var(--ast-global-color-5)","background-image":"","background-repeat":"repeat","background-position":"center center","background-size":"auto","background-attachment":"scroll","background-type":"","background-media":"","overlay-type":"","overlay-color":"","overlay-opacity":"","overlay-gradient":""}},"footnotes":""},"categories":[286,29],"tags":[],"class_list":["post-8916","post","type-post","status-publish","format-standard","has-post-thumbnail","hentry","category-inclusio","category-portada"],"post_mailing_queue_ids":[],"_links":{"self":[{"href":"https:\/\/serveiseducatius.xtec.cat\/catalunyacentral\/wp-json\/wp\/v2\/posts\/8916","targetHints":{"allow":["GET"]}}],"collection":[{"href":"https:\/\/serveiseducatius.xtec.cat\/catalunyacentral\/wp-json\/wp\/v2\/posts"}],"about":[{"href":"https:\/\/serveiseducatius.xtec.cat\/catalunyacentral\/wp-json\/wp\/v2\/types\/post"}],"author":[{"embeddable":true,"href":"https:\/\/serveiseducatius.xtec.cat\/catalunyacentral\/wp-json\/wp\/v2\/users\/3"}],"replies":[{"embeddable":true,"href":"https:\/\/serveiseducatius.xtec.cat\/catalunyacentral\/wp-json\/wp\/v2\/comments?post=8916"}],"version-history":[{"count":1,"href":"https:\/\/serveiseducatius.xtec.cat\/catalunyacentral\/wp-json\/wp\/v2\/posts\/8916\/revisions"}],"predecessor-version":[{"id":8918,"href":"https:\/\/serveiseducatius.xtec.cat\/catalunyacentral\/wp-json\/wp\/v2\/posts\/8916\/revisions\/8918"}],"wp:featuredmedia":[{"embeddable":true,"href":"https:\/\/serveiseducatius.xtec.cat\/catalunyacentral\/wp-json\/wp\/v2\/media\/8917"}],"wp:attachment":[{"href":"https:\/\/serveiseducatius.xtec.cat\/catalunyacentral\/wp-json\/wp\/v2\/media?parent=8916"}],"wp:term":[{"taxonomy":"category","embeddable":true,"href":"https:\/\/serveiseducatius.xtec.cat\/catalunyacentral\/wp-json\/wp\/v2\/categories?post=8916"},{"taxonomy":"post_tag","embeddable":true,"href":"https:\/\/serveiseducatius.xtec.cat\/catalunyacentral\/wp-json\/wp\/v2\/tags?post=8916"}],"curies":[{"name":"wp","href":"https:\/\/api.w.org\/{rel}","templated":true}]}}