{"id":8818,"date":"2021-12-10T12:37:07","date_gmt":"2021-12-10T11:37:07","guid":{"rendered":"https:\/\/serveiseducatius.xtec.cat\/catalunyacentral\/?p=8818"},"modified":"2021-12-10T12:37:07","modified_gmt":"2021-12-10T11:37:07","slug":"la-marato-de-tv3-per-la-salut-mental","status":"publish","type":"post","link":"https:\/\/serveiseducatius.xtec.cat\/catalunyacentral\/portada\/la-marato-de-tv3-per-la-salut-mental\/","title":{"rendered":"La marat\u00f3 de TV3 per la salut mental"},"content":{"rendered":"<div class=\"F-TwigTextLliure gapAfter T-maratoTema\">\n<div class=\"F-text\">\n<p class=\"entradeta\">Un dels objectius de La <a href=\"https:\/\/www.ccma.cat\/tv3\/marato\/\" target=\"_blank\" rel=\"noopener\">Marat\u00f3 de TV3<\/a> i Catalunya R\u00e0dio \u00e9s conscienciar els joves sobre les malalties tractades al programa. Per aconseguir-ho, la Fundaci\u00f3 desplega una intensa campanya de divulgaci\u00f3 i sensibilitzaci\u00f3 adre\u00e7ada als centres educatius que arriba a m\u00e9s de 200.000 joves. Un col\u00b7lectiu format per m\u00e9s de 600 professionals de la salut \u00e9s l\u2019encarregat de fer la divulgaci\u00f3 impartint al voltant de 5.500 sessions en cada nova edici\u00f3.<\/p>\n<p class=\"entradeta\">Entre el\u00a0<strong>18 d\u2019octubre i el 19 de desembre<\/strong>, professionals de la salut faran milers de sessions divulgatives, en<strong>\u00a0format telem\u00e0tic<\/strong>, per acostar els joves a la realitat m\u00e8dica i humana de la salut mental i despertar el seu esperit solidari envers les persones afectades i les seves fam\u00edlies.<\/p>\n<\/div>\n<\/div>\n<div class=\"F-TwigTextLliure gapAfter T-maratoTema\">\n<div class=\"F-text\">\n<p>Les sessions de divulgaci\u00f3 estan adre\u00e7ades, principalment, a\u00a0<strong>centres educatius de secund\u00e0ria, de batxillerat i cicles formatius, aix\u00ed com a altres entitats socials, educatives i culturals de tot Catalunya<\/strong>\u00a0i es faran en\u00a0<strong>horari de 8.00 a 20.00<\/strong>. Totes les sessions segueixen un protocol d\u2019actuaci\u00f3 i un programa elaborat per la Fundaci\u00f3, i es desenvolupen amb el suport de material audiovisual creat expressament.<\/p>\n<\/div>\n<\/div>\n","protected":false},"excerpt":{"rendered":"<p>Un dels objectius de La Marat\u00f3 de TV3 i Catalunya R\u00e0dio \u00e9s conscienciar els joves sobre les malalties tractades al [&hellip;]<\/p>\n","protected":false},"author":3,"featured_media":8819,"comment_status":"closed","ping_status":"closed","sticky":false,"template":"","format":"standard","meta":{"_bbp_topic_count":0,"_bbp_reply_count":0,"_bbp_total_topic_count":0,"_bbp_total_reply_count":0,"_bbp_voice_count":0,"_bbp_anonymous_reply_count":0,"_bbp_topic_count_hidden":0,"_bbp_reply_count_hidden":0,"_bbp_forum_subforum_count":0,"site-sidebar-layout":"default","site-content-layout":"","ast-site-content-layout":"","site-content-style":"default","site-sidebar-style":"default","ast-global-header-display":"","ast-banner-title-visibility":"","ast-main-header-display":"","ast-hfb-above-header-display":"","ast-hfb-below-header-display":"","ast-hfb-mobile-header-display":"","site-post-title":"","ast-breadcrumbs-content":"","ast-featured-img":"","footer-sml-layout":"","theme-transparent-header-meta":"","adv-header-id-meta":"","stick-header-meta":"","header-above-stick-meta":"","header-main-stick-meta":"","header-below-stick-meta":"","astra-migrate-meta-layouts":"default","ast-page-background-enabled":"default","ast-page-background-meta":{"desktop":{"background-color":"var(--ast-global-color-4)","background-image":"","background-repeat":"repeat","background-position":"center center","background-size":"auto","background-attachment":"scroll","background-type":"","background-media":"","overlay-type":"","overlay-color":"","overlay-opacity":"","overlay-gradient":""},"tablet":{"background-color":"","background-image":"","background-repeat":"repeat","background-position":"center center","background-size":"auto","background-attachment":"scroll","background-type":"","background-media":"","overlay-type":"","overlay-color":"","overlay-opacity":"","overlay-gradient":""},"mobile":{"background-color":"","background-image":"","background-repeat":"repeat","background-position":"center center","background-size":"auto","background-attachment":"scroll","background-type":"","background-media":"","overlay-type":"","overlay-color":"","overlay-opacity":"","overlay-gradient":""}},"ast-content-background-meta":{"desktop":{"background-color":"var(--ast-global-color-5)","background-image":"","background-repeat":"repeat","background-position":"center center","background-size":"auto","background-attachment":"scroll","background-type":"","background-media":"","overlay-type":"","overlay-color":"","overlay-opacity":"","overlay-gradient":""},"tablet":{"background-color":"var(--ast-global-color-5)","background-image":"","background-repeat":"repeat","background-position":"center center","background-size":"auto","background-attachment":"scroll","background-type":"","background-media":"","overlay-type":"","overlay-color":"","overlay-opacity":"","overlay-gradient":""},"mobile":{"background-color":"var(--ast-global-color-5)","background-image":"","background-repeat":"repeat","background-position":"center center","background-size":"auto","background-attachment":"scroll","background-type":"","background-media":"","overlay-type":"","overlay-color":"","overlay-opacity":"","overlay-gradient":""}},"footnotes":""},"categories":[286,29],"tags":[],"class_list":["post-8818","post","type-post","status-publish","format-standard","has-post-thumbnail","hentry","category-inclusio","category-portada"],"post_mailing_queue_ids":[],"_links":{"self":[{"href":"https:\/\/serveiseducatius.xtec.cat\/catalunyacentral\/wp-json\/wp\/v2\/posts\/8818","targetHints":{"allow":["GET"]}}],"collection":[{"href":"https:\/\/serveiseducatius.xtec.cat\/catalunyacentral\/wp-json\/wp\/v2\/posts"}],"about":[{"href":"https:\/\/serveiseducatius.xtec.cat\/catalunyacentral\/wp-json\/wp\/v2\/types\/post"}],"author":[{"embeddable":true,"href":"https:\/\/serveiseducatius.xtec.cat\/catalunyacentral\/wp-json\/wp\/v2\/users\/3"}],"replies":[{"embeddable":true,"href":"https:\/\/serveiseducatius.xtec.cat\/catalunyacentral\/wp-json\/wp\/v2\/comments?post=8818"}],"version-history":[{"count":1,"href":"https:\/\/serveiseducatius.xtec.cat\/catalunyacentral\/wp-json\/wp\/v2\/posts\/8818\/revisions"}],"predecessor-version":[{"id":8820,"href":"https:\/\/serveiseducatius.xtec.cat\/catalunyacentral\/wp-json\/wp\/v2\/posts\/8818\/revisions\/8820"}],"wp:featuredmedia":[{"embeddable":true,"href":"https:\/\/serveiseducatius.xtec.cat\/catalunyacentral\/wp-json\/wp\/v2\/media\/8819"}],"wp:attachment":[{"href":"https:\/\/serveiseducatius.xtec.cat\/catalunyacentral\/wp-json\/wp\/v2\/media?parent=8818"}],"wp:term":[{"taxonomy":"category","embeddable":true,"href":"https:\/\/serveiseducatius.xtec.cat\/catalunyacentral\/wp-json\/wp\/v2\/categories?post=8818"},{"taxonomy":"post_tag","embeddable":true,"href":"https:\/\/serveiseducatius.xtec.cat\/catalunyacentral\/wp-json\/wp\/v2\/tags?post=8818"}],"curies":[{"name":"wp","href":"https:\/\/api.w.org\/{rel}","templated":true}]}}