{"id":11371,"date":"2026-04-28T13:00:00","date_gmt":"2026-04-28T11:00:00","guid":{"rendered":"https:\/\/serveiseducatius.xtec.cat\/catalunyacentral\/?p=11371"},"modified":"2026-04-28T13:00:52","modified_gmt":"2026-04-28T11:00:52","slug":"les-entitats-que-desenvolupen-projectes-artistics-i-culturals-a-les-aules-de-la-catalunya-central-es-troben-a-suria","status":"publish","type":"post","link":"https:\/\/serveiseducatius.xtec.cat\/catalunyacentral\/portada\/les-entitats-que-desenvolupen-projectes-artistics-i-culturals-a-les-aules-de-la-catalunya-central-es-troben-a-suria\/","title":{"rendered":"Les entitats que desenvolupen projectes art\u00edstics i culturals a les aules de la Catalunya Central es troben a S\u00faria"},"content":{"rendered":"\n<ul class=\"wp-block-list\">\n<li>Aquests projectes s\u2019inscriuen en la convocat\u00f2ria cofinan\u00e7ada pel Departament de Cultura i el Ministeri de Cultura, que ha destinat m\u00e9s d\u20191,2 M\u20ac a 77 iniciatives culturals a Catalunya.<\/li>\n\n\n\n<li>A la Catalunya Central s\u2019impulsen 11 projectes innovadors, amb 185.895 \u20ac, que beneficiaran uns 700 alumnes de 30 centres, la meitat rurals.<\/li>\n\n\n\n<li>La l\u00ednia forma part del Programa Cultura i Educaci\u00f3,\u00a0que impulsa el Govern a trav\u00e9s dels Departaments de Cultura i d\u2019Educaci\u00f3 i Formaci\u00f3 Professional,\u00a0orientat a integrar les arts en l\u2019aprenentatge, fomentar l\u2019esperit cr\u00edtic i promoure l\u2019equitat entre l&#8217;alumnat.<\/li>\n<\/ul>\n\n\n\n<p><\/p>\n\n\n\n<p>Aquest mes d&#8217;abril es van trobar a Cal Balaguer del Porxo, al Poble Vell de S\u00faria, representants dels 11 projectes art\u00edstics i culturals que s&#8217;impulsen a la Catalunya Central en el marc del Programa de Cultura i Educaci\u00f3 que impulsa el Govern a trav\u00e9s dels Departaments de Cultura i d\u2019Educaci\u00f3 i Formaci\u00f3 Professional i que t\u00e9 l\u2019objectiu de promoure l\u2019\u00fas de la cultura i les arts com a estrat\u00e8gies per a l\u2019aprenentatge, el foment de l\u2019esperit cr\u00edtic i l\u2019equitat entre l\u2019alumnat del pa\u00eds.<\/p>\n\n\n\n<p>La convocat\u00f2ria destaca per la gran diversitat de projectes art\u00edstics i culturals que s\u2019han presentat i que s\u2019estan desenvolupant arreu del territori, amb iniciatives que combinen disciplines i metodologies molt diverses. Els projectes finan\u00e7ats s\u2019adrecen a alumnat de prim\u00e0ria i secund\u00e0ria, i destaquen per la qualitat art\u00edstica, l\u2019adequaci\u00f3 a les necessitats espec\u00edfiques de cada centre i la sostenibilitat en el temps.<\/p>\n\n\n\n<p><strong>Els projectes seleccionats<\/strong><\/p>\n\n\n\n<ol class=\"wp-block-list\">\n<li><em>Fer visible l\u2019invisible<\/em>, projecte a trav\u00e9s del qual l\u2019alumnat de l\u2019optativa d\u2019arts pl\u00e0stiques de 4t d\u2019ESO de l\u2019Institut del Moian\u00e8s (Moi\u00e0) est\u00e0 explorant les aig\u00fces subterr\u00e0nies del Moian\u00e8s a trav\u00e9s de les arts visuals i sonores. Aquest projecte est\u00e0 impulsat des de l\u2019Espai Cultural A cobert i compta amb l\u2019acompanyament dels artistes Roc Domingo i Marta R. Chust.<\/li>\n\n\n\n<li><em>Ritmes per al desenvolupament personal i col\u00b7laboratiu<\/em>, projecte musical que la Cooperativa Txarango est\u00e0 desenvolupant amb dos grups d\u2019alumnes d\u2019ESO de l\u2019Institut Escola El Cabrer\u00e8s (L\u2019Estany) i l\u2019Institut del Ter (Manlleu).<\/li>\n\n\n\n<li><em>Camins de paraules. Rutes liter\u00e0ries als municipis de l&#8217;Alt Bergued\u00e0,<\/em>\u00a0que la Cooperativa T\u00e0ndem, especialitzada en mediaci\u00f3 liter\u00e0ria, comen\u00e7ar\u00e0 a desenvolupar el curs que ve amb l\u2019alumnat de prim\u00e0ria de les escoles rurals de l\u2019Alt Bergued\u00e0.<\/li>\n\n\n\n<li><em>Zub!ZER<\/em>, proposta d\u2019arts pl\u00e0stiques i sonores, que l\u2019artista i comiss\u00e0ria Marta Ricart i la m\u00fasic vinculada a Jezz Solsona SL, Montserrat Isanta, treballaran amb tot l\u2019alumnat de les escoles de la ZER Solson\u00e8s, dispersades en set municipis de la comarca.<\/li>\n\n\n\n<li><em>Comprensi\u00f3 lectora aplicada a la creaci\u00f3 art\u00edstica<\/em>, de la Cooperativa Cardant Cultura, a trav\u00e9s del qual l\u2019alumnat de 2n d\u2019ESO de l\u2019Institut Miquel Mart\u00ed i Pol (Roda de Ter) transformar\u00e0 els poemes de\u00a0<em>La f\u00e0brica\u00a0<\/em>en instal\u00b7lacions art\u00edstiques col\u00b7lectives que seran presentades a l\u2019espai cultural de Can Grau, un recinte industrial recuperat del mateix municipi.<\/li>\n\n\n\n<li><em>La Lluna en un Cove<\/em>, vinculat al Centre d\u2019Interpretaci\u00f3 lunar de Castelladral i impulsat per la mediadora i gestora cultural B\u00e0rbara Bayarri, projecte destinat a que l\u2019alumnat de cicle inicial de prim\u00e0ria de l\u2019Escola Salipota (S\u00faria) i a l\u2019alumnat de 2n i 3r d\u2019ESO de l\u2019Institut de Nav\u00e0s faci una aproximaci\u00f3 art\u00edstica al territori compartit.<\/li>\n\n\n\n<li><em>MICROART: De la Microsc\u00f2pia a l&#8217;Expressi\u00f3 Art\u00edstica<\/em>, que combina art i ci\u00e8ncia de la m\u00e0 de la Fundaci\u00f3 Institut de Bioenginyeria de Catalunya (IBEC) i l\u2019artista local Marina Berdalet, i que es treballar\u00e0 amb les tres escoles de la ZER Moian\u00e8s Llevant.<\/li>\n\n\n\n<li><em>Una llavor, un test<\/em>, projecte de creaci\u00f3 teatral de l\u2019Associaci\u00f3 Cal Gras \u2013 Art i territori que vincular\u00e0 les peces de dramat\u00fargia elaborades pels alumnes d\u2019ESO de l\u2019Institut Escola Barnola (Aviny\u00f3) i l\u2019Institut Pere Fondevila (Gironella) al festival Test, impulsat per la Xarxa de Pobles Creatius i dedicat a propostes d\u2019arts esc\u00e8niques de curta durada i petit format,<\/li>\n\n\n\n<li><em>Va de barroc!,<\/em>\u00a0projecte educatiu vinculat a la Fundaci\u00f3 Espurnes Barroques, que vol ser una aproximaci\u00f3 interdisciplin\u00e0ria a l\u2019\u00e8poca Barroca i que s\u2019est\u00e0 treballant, com a pilotatge, amb l\u2019Escola Setelsis (Solsona).<\/li>\n\n\n\n<li><em>Remoblem l\u2019escola<\/em>, projecte de disseny i construcci\u00f3 de la Cooperativa Makea que es desenvolupar\u00e0, durant el curs 2026-27, a dos centres educatius de secund\u00e0ria de la comarca d\u2019Osona, encara pendents de confirmar.<\/li>\n\n\n\n<li><em>Relats en relleu,\u00a0<\/em>projecte de creaci\u00f3 art\u00edstica a partir de la mem\u00f2ria col\u00b7lectiva del municipi, de l\u2019associaci\u00f3 cultural A Bao A Qu, que es desenvolupar\u00e0 el curs que ve en un centre de prim\u00e0ria i un de secund\u00e0ria encara pendents de confirmar.<\/li>\n<\/ol>\n\n\n\n<p>Amb la convocat\u00f2ria s\u2019ha volgut: impulsar projectes innovadors i de nova creaci\u00f3 d\u2019arts i cultura integrats en l\u2019activitat docent; refor\u00e7ar les compet\u00e8ncies art\u00edstiques i el desenvolupament integral de l\u2019alumnat; fomentar la participaci\u00f3 activa, la creativitat i el pensament cr\u00edtic; enfortir la col\u00b7laboraci\u00f3 entre centres educatius i professionals de la cultura; promoure l\u2019equitat territorial imillorar iaugmentar l\u2019acc\u00e9s cultural a infants i joves, amb especial atenci\u00f3 a zones rurals o i centres educatius de m\u00e0xima complexitat. Aquesta convocat\u00f2ria \u00e9s d\u2019abast a tot el territori catal\u00e0, excepte a la ciutat de Barcelona, gestionada pel Consorci d\u2019Educaci\u00f3 de Barcelona.<\/p>\n\n\n\n<p><strong>La legislatura dels drets culturals<\/strong><\/p>\n\n\n\n<p>Aquesta l\u00ednia de subvencions ha estat cofinan\u00e7ada pel Departament de Cultura de la Generalitat de Catalunya (631.000 euros) i pel Ministeri de Cultura (578.000 euros), i ha perm\u00e8s que m\u00e9s de 4.000 alumnes de tot el pa\u00eds participin, durant el present i el proper curs escolar, en projectes art\u00edstics integrats dins l\u2019horari lectiu. Les activitats arriben a 190 centres educatius de Catalunya, incloent-hi 14 ZER (Zones Educatives Rurals), un element clau per incrementar l\u2019acc\u00e9s a la cultura i les pr\u00e0ctiques art\u00edstiques en municipis petits, entorns de baixa densitat i zones d\u2019alta vulnerabilitat social.<\/p>\n\n\n\n<p>La convocat\u00f2ria s\u2019emmarca en el Programa de Cultura i Educaci\u00f3 que impulsa el Govern de la Generalitat, a trav\u00e9s dels Departaments de Cultura i d\u2019Educaci\u00f3 i Formaci\u00f3 Professional en un esfor\u00e7 per consolidar una alian\u00e7a estable que obri noves oportunitats en l\u2019educaci\u00f3 i en la pr\u00e0ctica art\u00edstica. L\u2019objectiu \u00e9s promoure l\u2019\u00fas de la cultura i les arts com a estrat\u00e8gies per a l\u2019aprenentatge, el foment de l\u2019esperit cr\u00edtic i l\u2019equitat. Aquest programa \u00e9s clau per al Departament de Cultura i el Govern, ja que s\u2019emmarca en un dels eixos principals per a aquesta legislatura: promoure els drets culturals de tothom fomentant l\u2019acc\u00e9s a la cultura i la pr\u00e0ctica art\u00edstica de les persones, des de la infantesa i al llarg de la vida.<\/p>\n\n\n\n<p><em>A la foto de grup hi ha (d&#8217;esquerra a dreta):<\/em><\/p>\n\n\n\n<ol class=\"wp-block-list\">\n<li><em>Nerea Campo \u2013 A Cobert<\/em><\/li>\n\n\n\n<li><em>Josep Maria Codina \u2013 CRP del Solson\u00e8s<\/em><\/li>\n\n\n\n<li><em>Vanessa Moncayo \u2013 Institut de Bioenginyeria de Catalunya<\/em><\/li>\n\n\n\n<li><em>Josep Barcons \u2013 Fundaci\u00f3 Espurnes Barroques<\/em><\/li>\n\n\n\n<li><em>Anna Roca \u2013 Programa Cultura i Educaci\u00f3<\/em><\/li>\n\n\n\n<li><em>Xavier Cano \u2013 director dels Serveis Territorials de Cultura a la Catalunya Central<\/em><\/li>\n\n\n\n<li><em>Clara Montserrat \u2013 Cardant Cultura<\/em><\/li>\n\n\n\n<li><em>Llu\u00eds Tom\u00e0s \u2013 CRP d\u2019Osona i el Llu\u00e7an\u00e8s<\/em><\/li>\n\n\n\n<li><em>Meritxell Comella \u2013 CRP del Bages i el Moian\u00e8s<\/em><\/li>\n\n\n\n<li><em>Ivet Ortega \u2013 CRP del Bergued\u00e0<\/em><\/li>\n\n\n\n<li><em>Gl\u00f2ria Caselles \u2013 CRP d\u2019Osona i el Llu\u00e7an\u00e8s<\/em><\/li>\n\n\n\n<li><em>Marta Curtichs \u2013 Cal Gras<\/em><\/li>\n\n\n\n<li><em>Oriol Segon \u2013 Cal Gras<\/em><\/li>\n\n\n\n<li><em>B\u00e0rbara Bayarri \u2013 Ca l\u2019Edral<\/em><\/li>\n\n\n\n<li><em>Ferran Tomasa \u2013 Ca l\u2019Edral<\/em><\/li>\n<\/ol>\n\n\n\n<figure class=\"wp-block-image size-large is-resized\"><a href=\"https:\/\/serveiseducatius.xtec.cat\/catalunyacentral\/wp-content\/uploads\/usu2513\/2026\/04\/trobada-entitats-clt542-cce_horitzontal.jpeg\"><img loading=\"lazy\" decoding=\"async\" width=\"1024\" height=\"682\" src=\"https:\/\/serveiseducatius.xtec.cat\/catalunyacentral\/wp-content\/uploads\/usu2513\/2026\/04\/trobada-entitats-clt542-cce_horitzontal-1024x682.jpeg\" alt=\"\" class=\"wp-image-11372\" style=\"width:722px;height:auto\" srcset=\"https:\/\/serveiseducatius.xtec.cat\/catalunyacentral\/wp-content\/uploads\/usu2513\/2026\/04\/trobada-entitats-clt542-cce_horitzontal-1024x682.jpeg 1024w, https:\/\/serveiseducatius.xtec.cat\/catalunyacentral\/wp-content\/uploads\/usu2513\/2026\/04\/trobada-entitats-clt542-cce_horitzontal-300x200.jpeg 300w, https:\/\/serveiseducatius.xtec.cat\/catalunyacentral\/wp-content\/uploads\/usu2513\/2026\/04\/trobada-entitats-clt542-cce_horitzontal-768x512.jpeg 768w, https:\/\/serveiseducatius.xtec.cat\/catalunyacentral\/wp-content\/uploads\/usu2513\/2026\/04\/trobada-entitats-clt542-cce_horitzontal.jpeg 1280w\" sizes=\"auto, (max-width: 1024px) 100vw, 1024px\" \/><\/a><\/figure>\n\n\n\n<p>Accediu a la not\u00edcia completa fent clic <a href=\"https:\/\/govern.cat\/salapremsa\/notes-premsa\/812576\/les-entitats-que-desenvolupen-projectes-artistics-i-culturals-a-les-aules-de-la-catalunya-central-es-troben-a-suria\">aqu\u00ed<\/a>.<\/p>\n\n\n\n<p><\/p>\n","protected":false},"excerpt":{"rendered":"<p>Aquest mes d&#8217;abril es van trobar a Cal Balaguer del Porxo, al Poble Vell de S\u00faria, representants dels 11 projectes [&hellip;]<\/p>\n","protected":false},"author":12,"featured_media":11372,"comment_status":"closed","ping_status":"closed","sticky":false,"template":"","format":"standard","meta":{"_bbp_topic_count":0,"_bbp_reply_count":0,"_bbp_total_topic_count":0,"_bbp_total_reply_count":0,"_bbp_voice_count":0,"_bbp_anonymous_reply_count":0,"_bbp_topic_count_hidden":0,"_bbp_reply_count_hidden":0,"_bbp_forum_subforum_count":0,"site-sidebar-layout":"default","site-content-layout":"","ast-site-content-layout":"default","site-content-style":"default","site-sidebar-style":"default","ast-global-header-display":"","ast-banner-title-visibility":"","ast-main-header-display":"","ast-hfb-above-header-display":"","ast-hfb-below-header-display":"","ast-hfb-mobile-header-display":"","site-post-title":"","ast-breadcrumbs-content":"","ast-featured-img":"","footer-sml-layout":"","theme-transparent-header-meta":"","adv-header-id-meta":"","stick-header-meta":"","header-above-stick-meta":"","header-main-stick-meta":"","header-below-stick-meta":"","astra-migrate-meta-layouts":"set","ast-page-background-enabled":"default","ast-page-background-meta":{"desktop":{"background-color":"var(--ast-global-color-4)","background-image":"","background-repeat":"repeat","background-position":"center center","background-size":"auto","background-attachment":"scroll","background-type":"","background-media":"","overlay-type":"","overlay-color":"","overlay-opacity":"","overlay-gradient":""},"tablet":{"background-color":"","background-image":"","background-repeat":"repeat","background-position":"center center","background-size":"auto","background-attachment":"scroll","background-type":"","background-media":"","overlay-type":"","overlay-color":"","overlay-opacity":"","overlay-gradient":""},"mobile":{"background-color":"","background-image":"","background-repeat":"repeat","background-position":"center center","background-size":"auto","background-attachment":"scroll","background-type":"","background-media":"","overlay-type":"","overlay-color":"","overlay-opacity":"","overlay-gradient":""}},"ast-content-background-meta":{"desktop":{"background-color":"var(--ast-global-color-5)","background-image":"","background-repeat":"repeat","background-position":"center center","background-size":"auto","background-attachment":"scroll","background-type":"","background-media":"","overlay-type":"","overlay-color":"","overlay-opacity":"","overlay-gradient":""},"tablet":{"background-color":"var(--ast-global-color-5)","background-image":"","background-repeat":"repeat","background-position":"center center","background-size":"auto","background-attachment":"scroll","background-type":"","background-media":"","overlay-type":"","overlay-color":"","overlay-opacity":"","overlay-gradient":""},"mobile":{"background-color":"var(--ast-global-color-5)","background-image":"","background-repeat":"repeat","background-position":"center center","background-size":"auto","background-attachment":"scroll","background-type":"","background-media":"","overlay-type":"","overlay-color":"","overlay-opacity":"","overlay-gradient":""}},"footnotes":""},"categories":[413,29],"tags":[],"class_list":["post-11371","post","type-post","status-publish","format-standard","has-post-thumbnail","hentry","category-culturacce","category-portada"],"post_mailing_queue_ids":[],"_links":{"self":[{"href":"https:\/\/serveiseducatius.xtec.cat\/catalunyacentral\/wp-json\/wp\/v2\/posts\/11371","targetHints":{"allow":["GET"]}}],"collection":[{"href":"https:\/\/serveiseducatius.xtec.cat\/catalunyacentral\/wp-json\/wp\/v2\/posts"}],"about":[{"href":"https:\/\/serveiseducatius.xtec.cat\/catalunyacentral\/wp-json\/wp\/v2\/types\/post"}],"author":[{"embeddable":true,"href":"https:\/\/serveiseducatius.xtec.cat\/catalunyacentral\/wp-json\/wp\/v2\/users\/12"}],"replies":[{"embeddable":true,"href":"https:\/\/serveiseducatius.xtec.cat\/catalunyacentral\/wp-json\/wp\/v2\/comments?post=11371"}],"version-history":[{"count":1,"href":"https:\/\/serveiseducatius.xtec.cat\/catalunyacentral\/wp-json\/wp\/v2\/posts\/11371\/revisions"}],"predecessor-version":[{"id":11373,"href":"https:\/\/serveiseducatius.xtec.cat\/catalunyacentral\/wp-json\/wp\/v2\/posts\/11371\/revisions\/11373"}],"wp:featuredmedia":[{"embeddable":true,"href":"https:\/\/serveiseducatius.xtec.cat\/catalunyacentral\/wp-json\/wp\/v2\/media\/11372"}],"wp:attachment":[{"href":"https:\/\/serveiseducatius.xtec.cat\/catalunyacentral\/wp-json\/wp\/v2\/media?parent=11371"}],"wp:term":[{"taxonomy":"category","embeddable":true,"href":"https:\/\/serveiseducatius.xtec.cat\/catalunyacentral\/wp-json\/wp\/v2\/categories?post=11371"},{"taxonomy":"post_tag","embeddable":true,"href":"https:\/\/serveiseducatius.xtec.cat\/catalunyacentral\/wp-json\/wp\/v2\/tags?post=11371"}],"curies":[{"name":"wp","href":"https:\/\/api.w.org\/{rel}","templated":true}]}}