{"id":11369,"date":"2026-04-27T07:53:26","date_gmt":"2026-04-27T05:53:26","guid":{"rendered":"https:\/\/serveiseducatius.xtec.cat\/catalunyacentral\/?p=11369"},"modified":"2026-04-27T07:54:19","modified_gmt":"2026-04-27T05:54:19","slug":"escola-destiu-ice-2026","status":"publish","type":"post","link":"https:\/\/serveiseducatius.xtec.cat\/catalunyacentral\/general\/escola-destiu-ice-2026\/","title":{"rendered":"Escola d&#8217;estiu ICE 2026"},"content":{"rendered":"\n<figure class=\"wp-block-image size-large is-resized\"><a href=\"https:\/\/serveiseducatius.xtec.cat\/catalunyacentral\/wp-content\/uploads\/usu2513\/2025\/01\/uab-e1741937549592.png\"><img loading=\"lazy\" decoding=\"async\" width=\"684\" height=\"1024\" src=\"https:\/\/serveiseducatius.xtec.cat\/catalunyacentral\/wp-content\/uploads\/usu2513\/2025\/01\/uab-684x1024.png\" alt=\"\" class=\"wp-image-10677\" style=\"width:204px;height:auto\"\/><\/a><\/figure>\n\n\n\n<p>L\u2019<strong><a href=\"https:\/\/www.uab.cat\/ca\/ice\/presentacio-escola-estiu-docents\" target=\"_blank\" rel=\"noreferrer noopener\">Escola d\u2019Estiu de l\u2019ICE-UAB 2026<\/a><\/strong>\u00a0torna\u00a0amb una proposta pensada per a docents que volen\u00a0<strong>escoltar i debatre propostes fresques per transformar la seva pr\u00e0ctica.\u00a0<\/strong>T\u2019ofereixen dues opcions\u00a0complement\u00e0ries:<\/p>\n\n\n\n<p><img decoding=\"async\" alt=\"\ud83d\udc49\" src=\"https:\/\/fonts.gstatic.com\/s\/e\/notoemoji\/17.0\/1f449\/32.png\">&nbsp;<strong><a href=\"https:\/\/www.uab.cat\/ca\/ice\/habilitats-docents-comunicatives-ia\" target=\"_blank\" rel=\"noreferrer noopener\">Jornades presencials d\u2019estiu<\/a>&nbsp;(1, 2 i 3 de juliol, Campus de la UAB)<\/strong><br><img decoding=\"async\" alt=\"\ud83d\udc49\" src=\"https:\/\/fonts.gstatic.com\/s\/e\/notoemoji\/17.0\/1f449\/32.png\">&nbsp;<strong><a href=\"https:\/\/www.uab.cat\/ca\/ice\/cursos-estiu\" target=\"_blank\" rel=\"noreferrer noopener\">Cursos d\u2019estiu<\/a>&nbsp;(juliol, en diferents formats i \u00e0mbits)<\/strong><\/p>\n\n\n\n<p><strong><\/strong><strong>&nbsp;<a href=\"https:\/\/www.uab.cat\/ca\/ice\/habilitats-docents-comunicatives-ia\" target=\"_blank\" rel=\"noreferrer noopener\">Jornades d\u2019estiu<\/a>: la comunicaci\u00f3 que ens fa docents<\/strong><\/p>\n\n\n\n<p>En un moment en qu\u00e8 la IA ho accelera tot, hi ha una cosa que continua sent insubstitu\u00efble:&nbsp;<strong>la manera com ens comuniquem amb l\u2019alumnat<\/strong>&nbsp;a trav\u00e9s de gestos, paraules, silencis i vincles.<\/p>\n\n\n\n<p>Les Jornades posen el focus en&nbsp;<strong>les habilitats comunicatives docents com a clau de l\u2019aprenentatge.<\/strong>&nbsp;Tres dies intensos per&nbsp;<strong>aturar-te, comentar i compartir experi\u00e8ncies amb altres docents i tornar al setembre amb criteri i idees concretes<\/strong>.<\/p>\n\n\n\n<p>Hi trobar\u00e0s:<\/p>\n\n\n\n<ul class=\"wp-block-list\">\n<li><img decoding=\"async\" src=\"https:\/\/fonts.gstatic.com\/s\/e\/notoemoji\/17.0\/1f3a4\/32.png\" alt=\"\ud83c\udfa4\">\u00a0La confer\u00e8ncia inaugural amb la\u00a0<em>coach\u00a0<\/em>i especialista en comunicaci\u00f3<strong>\u00a0Alba Castellv\u00ed<\/strong><\/li>\n\n\n\n<li><img decoding=\"async\" src=\"https:\/\/fonts.gstatic.com\/s\/e\/notoemoji\/17.0\/1f6e0_fe0f\/32.png\" alt=\"\ud83d\udee0\ufe0f\">\u00a0<strong>Tallers pr\u00e0ctics i transferibles a l\u2019aula<\/strong>\u00a0de diferents disciplines i per a totes les etapes educatives<\/li>\n\n\n\n<li><img decoding=\"async\" src=\"https:\/\/fonts.gstatic.com\/s\/e\/notoemoji\/17.0\/26a1\/32.png\" alt=\"\u26a1\">\u00a0<strong><em>Speed dating<\/em>\u00a0reflexiu<\/strong>\u00a0per compartir i pensar amb altres docents<\/li>\n\n\n\n<li><img decoding=\"async\" src=\"https:\/\/fonts.gstatic.com\/s\/e\/notoemoji\/17.0\/1f4ac\/32.png\" alt=\"\ud83d\udcac\">\u00a0Una taula rodona sobre<strong>\u00a0benestar docent i emocional<\/strong><\/li>\n<\/ul>\n\n\n\n<p><strong><\/strong><strong>&nbsp;<a href=\"https:\/\/www.uab.cat\/ca\/ice\/cursos-estiu\" target=\"_blank\" rel=\"noreferrer noopener\">Cursos d\u2019estiu<\/a>: portar el canvi a l\u2019aula<\/strong><\/p>\n\n\n\n<p>La formaci\u00f3 continua amb una \u00e0mplia oferta de&nbsp;<strong>cursos orientats a la transfer\u00e8ncia real.&nbsp;<\/strong>Dissenyats per aplicar a l\u2019aula, reflexionar sobre la pr\u00f2pia pr\u00e0ctica i incorporar estrat\u00e8gies basades en evid\u00e8ncies:<\/p>\n\n\n\n<ul class=\"wp-block-list\">\n<li><img decoding=\"async\" src=\"https:\/\/fonts.gstatic.com\/s\/e\/notoemoji\/17.0\/1f4d0\/32.png\" alt=\"\ud83d\udcd0\">\u00a0Matem\u00e0tiques (resoluci\u00f3 de problemes, materials manipulatius, etc.)<\/li>\n\n\n\n<li><img decoding=\"async\" src=\"https:\/\/fonts.gstatic.com\/s\/e\/notoemoji\/17.0\/1f5e3_fe0f\/32.png\" alt=\"\ud83d\udde3\ufe0f\">\u00a0Llengua i comunicaci\u00f3 (lectura, escriptura, orat\u00f2ria, ficci\u00f3 digital, etc.)<\/li>\n\n\n\n<li><img decoding=\"async\" src=\"https:\/\/fonts.gstatic.com\/s\/e\/notoemoji\/17.0\/1f52c\/32.png\" alt=\"\ud83d\udd2c\">\u00a0Ci\u00e8ncies (compet\u00e8ncia cient\u00edfica i pensament cr\u00edtic)<\/li>\n\n\n\n<li><img decoding=\"async\" src=\"https:\/\/fonts.gstatic.com\/s\/e\/notoemoji\/17.0\/1f30d\/32.png\" alt=\"\ud83c\udf0d\">\u00a0Compet\u00e8ncies transversals (situacions d\u2019aprenentatge, IA, personalitzaci\u00f3, etc.)<\/li>\n<\/ul>\n\n\n\n<p>L\u2019<strong><a href=\"https:\/\/www.uab.cat\/ca\/ice\/presentacio-escola-estiu-docents\" target=\"_blank\" rel=\"noreferrer noopener\">Escola d\u2019Estiu de l\u2019ICE-UAB<\/a>&nbsp;<\/strong>\u00e9s una oportunitat per:<\/p>\n\n\n\n<ul class=\"wp-block-list\">\n<li>recuperar el\u00a0<strong>temps per pensar en la pr\u00e0ctica docent<\/strong><\/li>\n\n\n\n<li>compartir\u00a0<strong>idees i experi\u00e8ncies<\/strong>\u00a0amb altres docents<\/li>\n\n\n\n<li>incorporar\u00a0<strong>canvis\u00a0petits per\u00f2 significatius<\/strong><\/li>\n<\/ul>\n\n\n\n<p><img decoding=\"async\" alt=\"\ud83d\udcc5\" src=\"https:\/\/fonts.gstatic.com\/s\/e\/notoemoji\/17.0\/1f4c5\/32.png\">&nbsp;<strong>Reserva dates<\/strong><br><a href=\"https:\/\/www.uab.cat\/ca\/ice\/habilitats-docents-comunicatives-ia\" target=\"_blank\" rel=\"noreferrer noopener\">Jornades<\/a>: 1, 2 i 3 de juliol (presencial, Campus de la UAB)<br><a href=\"https:\/\/www.uab.cat\/ca\/ice\/cursos-estiu\" target=\"_blank\" rel=\"noreferrer noopener\">Cursos<\/a>: primera quinzena de juliol<\/p>\n\n\n\n<p><img decoding=\"async\" src=\"https:\/\/fonts.gstatic.com\/s\/e\/notoemoji\/17.0\/1f517\/32.png\" alt=\"\ud83d\udd17\">\u00a0Consulta tota la informaci\u00f3 i inscriu-t\u2019hi:<br><a href=\"https:\/\/www.uab.cat\/ca\/ice\/presentacio-escola-estiu-docents\" target=\"_blank\" rel=\"noreferrer noopener\">https:\/\/www.uab.cat\/ca\/ice\/presentacio-escola-estiu-docents<\/a><\/p>\n","protected":false},"excerpt":{"rendered":"<p>L\u2019Escola d\u2019Estiu de l\u2019ICE-UAB 2026\u00a0torna\u00a0amb una proposta pensada per a docents que volen\u00a0escoltar i debatre propostes fresques per transformar la [&hellip;]<\/p>\n","protected":false},"author":1,"featured_media":10677,"comment_status":"closed","ping_status":"closed","sticky":false,"template":"","format":"standard","meta":{"_bbp_topic_count":0,"_bbp_reply_count":0,"_bbp_total_topic_count":0,"_bbp_total_reply_count":0,"_bbp_voice_count":0,"_bbp_anonymous_reply_count":0,"_bbp_topic_count_hidden":0,"_bbp_reply_count_hidden":0,"_bbp_forum_subforum_count":0,"site-sidebar-layout":"default","site-content-layout":"","ast-site-content-layout":"default","site-content-style":"default","site-sidebar-style":"default","ast-global-header-display":"","ast-banner-title-visibility":"","ast-main-header-display":"","ast-hfb-above-header-display":"","ast-hfb-below-header-display":"","ast-hfb-mobile-header-display":"","site-post-title":"","ast-breadcrumbs-content":"","ast-featured-img":"","footer-sml-layout":"","theme-transparent-header-meta":"","adv-header-id-meta":"","stick-header-meta":"","header-above-stick-meta":"","header-main-stick-meta":"","header-below-stick-meta":"","astra-migrate-meta-layouts":"set","ast-page-background-enabled":"default","ast-page-background-meta":{"desktop":{"background-color":"var(--ast-global-color-4)","background-image":"","background-repeat":"repeat","background-position":"center center","background-size":"auto","background-attachment":"scroll","background-type":"","background-media":"","overlay-type":"","overlay-color":"","overlay-opacity":"","overlay-gradient":""},"tablet":{"background-color":"","background-image":"","background-repeat":"repeat","background-position":"center center","background-size":"auto","background-attachment":"scroll","background-type":"","background-media":"","overlay-type":"","overlay-color":"","overlay-opacity":"","overlay-gradient":""},"mobile":{"background-color":"","background-image":"","background-repeat":"repeat","background-position":"center center","background-size":"auto","background-attachment":"scroll","background-type":"","background-media":"","overlay-type":"","overlay-color":"","overlay-opacity":"","overlay-gradient":""}},"ast-content-background-meta":{"desktop":{"background-color":"var(--ast-global-color-5)","background-image":"","background-repeat":"repeat","background-position":"center center","background-size":"auto","background-attachment":"scroll","background-type":"","background-media":"","overlay-type":"","overlay-color":"","overlay-opacity":"","overlay-gradient":""},"tablet":{"background-color":"var(--ast-global-color-5)","background-image":"","background-repeat":"repeat","background-position":"center center","background-size":"auto","background-attachment":"scroll","background-type":"","background-media":"","overlay-type":"","overlay-color":"","overlay-opacity":"","overlay-gradient":""},"mobile":{"background-color":"var(--ast-global-color-5)","background-image":"","background-repeat":"repeat","background-position":"center center","background-size":"auto","background-attachment":"scroll","background-type":"","background-media":"","overlay-type":"","overlay-color":"","overlay-opacity":"","overlay-gradient":""}},"footnotes":""},"categories":[1,29],"tags":[],"class_list":["post-11369","post","type-post","status-publish","format-standard","has-post-thumbnail","hentry","category-general","category-portada"],"post_mailing_queue_ids":[],"_links":{"self":[{"href":"https:\/\/serveiseducatius.xtec.cat\/catalunyacentral\/wp-json\/wp\/v2\/posts\/11369","targetHints":{"allow":["GET"]}}],"collection":[{"href":"https:\/\/serveiseducatius.xtec.cat\/catalunyacentral\/wp-json\/wp\/v2\/posts"}],"about":[{"href":"https:\/\/serveiseducatius.xtec.cat\/catalunyacentral\/wp-json\/wp\/v2\/types\/post"}],"author":[{"embeddable":true,"href":"https:\/\/serveiseducatius.xtec.cat\/catalunyacentral\/wp-json\/wp\/v2\/users\/1"}],"replies":[{"embeddable":true,"href":"https:\/\/serveiseducatius.xtec.cat\/catalunyacentral\/wp-json\/wp\/v2\/comments?post=11369"}],"version-history":[{"count":1,"href":"https:\/\/serveiseducatius.xtec.cat\/catalunyacentral\/wp-json\/wp\/v2\/posts\/11369\/revisions"}],"predecessor-version":[{"id":11370,"href":"https:\/\/serveiseducatius.xtec.cat\/catalunyacentral\/wp-json\/wp\/v2\/posts\/11369\/revisions\/11370"}],"wp:featuredmedia":[{"embeddable":true,"href":"https:\/\/serveiseducatius.xtec.cat\/catalunyacentral\/wp-json\/wp\/v2\/media\/10677"}],"wp:attachment":[{"href":"https:\/\/serveiseducatius.xtec.cat\/catalunyacentral\/wp-json\/wp\/v2\/media?parent=11369"}],"wp:term":[{"taxonomy":"category","embeddable":true,"href":"https:\/\/serveiseducatius.xtec.cat\/catalunyacentral\/wp-json\/wp\/v2\/categories?post=11369"},{"taxonomy":"post_tag","embeddable":true,"href":"https:\/\/serveiseducatius.xtec.cat\/catalunyacentral\/wp-json\/wp\/v2\/tags?post=11369"}],"curies":[{"name":"wp","href":"https:\/\/api.w.org\/{rel}","templated":true}]}}