{"id":10933,"date":"2025-04-14T10:21:38","date_gmt":"2025-04-14T08:21:38","guid":{"rendered":"https:\/\/serveiseducatius.xtec.cat\/catalunyacentral\/?p=10933"},"modified":"2025-09-09T13:19:26","modified_gmt":"2025-09-09T11:19:26","slug":"acte-de-commemoracio-a-persones-jubilades-2024-25","status":"publish","type":"post","link":"https:\/\/serveiseducatius.xtec.cat\/catalunyacentral\/jubilacions\/jubilacions-2024\/acte-de-commemoracio-a-persones-jubilades-2024-25\/","title":{"rendered":"Acte de commemoraci\u00f3 a persones jubilades, 2024\/25"},"content":{"rendered":"\n<p>El passat 27 de mar\u00e7 es va celebrar una nova edici\u00f3 de l&#8217;acte d&#8217;homenatge a les persones jubilades. <\/p>\n\n\n\n<p><br>L&#8217;acte d&#8217;homenatge a les persones jubilades \u00e9s una celebraci\u00f3 anual que t\u00e9 lloc als nostres ST (i a la resta de ST del pa\u00eds) amb la finalitat de recon\u00e8ixer la bona feina feta per les persones jubilades que han treballat en l&#8217;\u00e0mbit de l&#8217;educaci\u00f3, tant el professorat com el personal d&#8217;administraci\u00f3 i serveis (PAS).\u00a0 \u00c9s una jornada, doncs, d\u2019alegria i reconeixement per tot el temps, l\u2019esfor\u00e7, la implicaci\u00f3, la const\u00e0ncia, el treball, el rigor i la dedicaci\u00f3 que totes aquelles persones, ara jubilades, han abocat al servei de l\u2019educaci\u00f3 al llarg dels anys. En definitiva, se celebra que un nombre molt important de docents i professionals diversos lligats al m\u00f3n de l\u2019educaci\u00f3 han decidit obrir una nova etapa a la seva vida: la de la jubilaci\u00f3.<\/p>\n\n\n\n<p><br>Als nostres Serveis Territorials aquest esdeveniment sol ser organitzat pels serveis educatius, que dissenyem un acte proper, senzill i emotiu -per\u00f2 tamb\u00e9 solemne- que vol posar l&#8217;accent en l&#8217;agra\u00efment que la comunitat educativa sent per la implicaci\u00f3 i la dedicaci\u00f3 de tots\/es els\/les professionals jubilats\/des.\u00a0<\/p>\n\n\n\n<p><br>A la cerim\u00f2nia d&#8217;aquest curs han estat convocades prop de dues-centes persones que han treballat en centres educatius de cadascuna de les nostres comarques: Bages, Bergued\u00e0, Llu\u00e7an\u00e8s, Moian\u00e8s, Osona, Solson\u00e8s, a m\u00e9s dels municipis de l\u2019Anoia que actualment formen part dels nostres serveis territorials. Com que cada persona jubilada convidada a l&#8217;acte pot venir acompanyada d&#8217;un familiar i d&#8217;un\/a representant de l&#8217;equip directiu del seu centre educatiu, ens veiem obligats a organitzar dos actes per donar cabuda a tothom. Aix\u00ed, doncs, en la primera sessi\u00f3 homenatgem les persones jubilades de les comarques de l\u2019Anoia, el Bages, el Moian\u00e8s i el Solson\u00e8s; en la segona celebrem la jubilaci\u00f3 dels professionals de les comarques del Bergued\u00e0, Osona i Llu\u00e7an\u00e8s.<\/p>\n\n\n\n<p><br>Tamb\u00e9\u00a0van estar\u00a0presents\u00a0a\u00a0l&#8217;acte la directora dels serveis Territorials, Saray G\u00f3mez; el director adjunt dels Serveis, Marc Pe\u00f1arroya;\u00a0la inspectora en cap, Fina Haro; Antoni Noguerola, Cap del Servei de Personal Docent; i l\u2019Anna Vila, coordinadora dels Serveis Educatius.<\/p>\n\n\n\n<p><br>Per fer possible aquest acte, vam comptar amb la col\u00b7laboraci\u00f3 d&#8217;alguns centres educatius del territori que van fer tasques de suport log\u00edstic i art\u00edstic. Aix\u00ed, doncs, alumnes de l\u2019Escola L\u2019Olivar, de Castellnou de Bages, van protagonitzar un breu v\u00eddeo d&#8217;homenatge; l&#8217;alumnat de\u00a0l\u2019Institut\u00a0Castellet, de Sant Vicen\u00e7 de Castellet, va dissenyar uns plafons per a l&#8217;ocasi\u00f3; alumnes del Conservatori Municipal de M\u00fasica de Manresa van donar el toc musical a la cerim\u00f2nia; l&#8217;alumnat de l\u2019Escola d\u2019Art de Vic va dissenyar i crear un obsequi per a cada persona jubilada; i l&#8217;alumnat de l\u2019Escola d\u2019Hostaleria d\u2019Osona\u00a0va ser els encarregats del piscolabis amb qu\u00e8 es va tancar l&#8217;acte.<br><\/p>\n\n\n\n<p><\/p>\n\n\n\n<div class=\"wp-block-getwid-media-text-slider wp-block-getwid-media-text-slider--current-slide-1 has-arrows-outside has-dots-outside\" data-labels=\"[&quot;Recull d'imatges&quot;,&quot;V\u00eddeos &quot;,&quot;Escola d'Art&quot;]\" data-animation=\"fadeIn\" data-duration=\"1500ms\" data-delay=\"0ms\"><div class=\"wp-block-getwid-media-text-slider__slides-wrapper\"><div class=\"wp-block-getwid-media-text-slider__content\" data-slide-autoplay=\"false\" data-slide-pause-on-hover=\"true\" data-slide-autoplay-speed=\"5000\" data-slide-speed=\"1000\" data-infinite=\"true\">\n<div class=\"wp-block-getwid-media-text-slider-slide wp-block-getwid-media-text-slider-slide__content-wrapper slide-1\"><div class=\"wp-block-getwid-media-text-slider-slide__content\">\n<div style=\"max-width:479px\" class=\"wp-block-getwid-media-text-slider-slide-content\"><figure class=\"wp-block-getwid-media-text-slider-slide-content__media\"><img loading=\"lazy\" decoding=\"async\" width=\"2560\" height=\"1440\" src=\"https:\/\/serveiseducatius.xtec.cat\/catalunyacentral\/wp-content\/uploads\/usu2513\/2025\/04\/Red-Retro-Vintage-Trivia-Night-Party-TV-Show-Game-Presentation-2-2-scaled.jpg\" alt=\"\" class=\"wp-block-getwid-media-text-slider-slide-content__image wp-image-10969\" srcset=\"https:\/\/serveiseducatius.xtec.cat\/catalunyacentral\/wp-content\/uploads\/usu2513\/2025\/04\/Red-Retro-Vintage-Trivia-Night-Party-TV-Show-Game-Presentation-2-2-scaled.jpg 2560w, https:\/\/serveiseducatius.xtec.cat\/catalunyacentral\/wp-content\/uploads\/usu2513\/2025\/04\/Red-Retro-Vintage-Trivia-Night-Party-TV-Show-Game-Presentation-2-2-300x169.jpg 300w, https:\/\/serveiseducatius.xtec.cat\/catalunyacentral\/wp-content\/uploads\/usu2513\/2025\/04\/Red-Retro-Vintage-Trivia-Night-Party-TV-Show-Game-Presentation-2-2-1024x576.jpg 1024w, https:\/\/serveiseducatius.xtec.cat\/catalunyacentral\/wp-content\/uploads\/usu2513\/2025\/04\/Red-Retro-Vintage-Trivia-Night-Party-TV-Show-Game-Presentation-2-2-768x432.jpg 768w, https:\/\/serveiseducatius.xtec.cat\/catalunyacentral\/wp-content\/uploads\/usu2513\/2025\/04\/Red-Retro-Vintage-Trivia-Night-Party-TV-Show-Game-Presentation-2-2-1536x864.jpg 1536w, https:\/\/serveiseducatius.xtec.cat\/catalunyacentral\/wp-content\/uploads\/usu2513\/2025\/04\/Red-Retro-Vintage-Trivia-Night-Party-TV-Show-Game-Presentation-2-2-2048x1152.jpg 2048w\" sizes=\"auto, (max-width: 2560px) 100vw, 2560px\" \/><div class=\"wp-block-getwid-media-text-slider-slide-content__media-overlay\" style=\"opacity:0.3\"><\/div><\/figure><div class=\"wp-block-getwid-media-text-slider-slide-content__content\"><div class=\"wp-block-getwid-media-text-slider-slide-content__content-wrapper\">\n<p><\/p>\n\n\n\n<p><\/p>\n\n\n\n<p><\/p>\n\n\n\n<h2 class=\"wp-block-heading\"><a href=\"https:\/\/photos.app.goo.gl\/QrAxKGTMQzdWiL4H6\" data-type=\"link\" data-id=\"https:\/\/photos.app.goo.gl\/QrAxKGTMQzdWiL4H6\">Recull d&#8217;imatges<\/a><\/h2>\n<\/div><\/div><\/div>\n<\/div><\/div>\n\n\n\n<div class=\"wp-block-getwid-media-text-slider-slide wp-block-getwid-media-text-slider-slide__content-wrapper slide-2\"><div class=\"wp-block-getwid-media-text-slider-slide__content\">\n<div style=\"max-width:479px\" class=\"wp-block-getwid-media-text-slider-slide-content\"><figure class=\"wp-block-getwid-media-text-slider-slide-content__media\"><img loading=\"lazy\" decoding=\"async\" width=\"2560\" height=\"1440\" src=\"https:\/\/serveiseducatius.xtec.cat\/catalunyacentral\/wp-content\/uploads\/usu2513\/2025\/04\/Red-Retro-Vintage-Trivia-Night-Party-TV-Show-Game-Presentation-2-3-scaled.jpg\" alt=\"\" class=\"wp-block-getwid-media-text-slider-slide-content__image wp-image-10970\" srcset=\"https:\/\/serveiseducatius.xtec.cat\/catalunyacentral\/wp-content\/uploads\/usu2513\/2025\/04\/Red-Retro-Vintage-Trivia-Night-Party-TV-Show-Game-Presentation-2-3-scaled.jpg 2560w, https:\/\/serveiseducatius.xtec.cat\/catalunyacentral\/wp-content\/uploads\/usu2513\/2025\/04\/Red-Retro-Vintage-Trivia-Night-Party-TV-Show-Game-Presentation-2-3-300x169.jpg 300w, https:\/\/serveiseducatius.xtec.cat\/catalunyacentral\/wp-content\/uploads\/usu2513\/2025\/04\/Red-Retro-Vintage-Trivia-Night-Party-TV-Show-Game-Presentation-2-3-1024x576.jpg 1024w, https:\/\/serveiseducatius.xtec.cat\/catalunyacentral\/wp-content\/uploads\/usu2513\/2025\/04\/Red-Retro-Vintage-Trivia-Night-Party-TV-Show-Game-Presentation-2-3-768x432.jpg 768w, https:\/\/serveiseducatius.xtec.cat\/catalunyacentral\/wp-content\/uploads\/usu2513\/2025\/04\/Red-Retro-Vintage-Trivia-Night-Party-TV-Show-Game-Presentation-2-3-1536x864.jpg 1536w, https:\/\/serveiseducatius.xtec.cat\/catalunyacentral\/wp-content\/uploads\/usu2513\/2025\/04\/Red-Retro-Vintage-Trivia-Night-Party-TV-Show-Game-Presentation-2-3-2048x1152.jpg 2048w\" sizes=\"auto, (max-width: 2560px) 100vw, 2560px\" \/><div class=\"wp-block-getwid-media-text-slider-slide-content__media-overlay\" style=\"opacity:0.3\"><\/div><\/figure><div class=\"wp-block-getwid-media-text-slider-slide-content__content\"><div class=\"wp-block-getwid-media-text-slider-slide-content__content-wrapper\">\n<h2 class=\"wp-block-heading has-text-align-center\"><br><a href=\"https:\/\/drive.google.com\/file\/d\/1KPYdJXx31EZmj97Wdf2n-uYNbmQJAXbM\/view?usp=sharing\" data-type=\"link\" data-id=\"https:\/\/drive.google.com\/file\/d\/1KPYdJXx31EZmj97Wdf2n-uYNbmQJAXbM\/view?usp=sharing\">Torn 1<\/a> <br><a href=\"https:\/\/drive.google.com\/file\/d\/1xUmqWE0Ee-utmZLb2wo3uFgGLjRK3MZk\/view?usp=drive_link\" data-type=\"link\" data-id=\"https:\/\/drive.google.com\/file\/d\/1xUmqWE0Ee-utmZLb2wo3uFgGLjRK3MZk\/view?usp=drive_link\">Torn 2<\/a><\/h2>\n<\/div><\/div><\/div>\n<\/div><\/div>\n\n\n\n<div class=\"wp-block-getwid-media-text-slider-slide wp-block-getwid-media-text-slider-slide__content-wrapper slide-3\"><div class=\"wp-block-getwid-media-text-slider-slide__content\">\n<div style=\"max-width:479px\" class=\"wp-block-getwid-media-text-slider-slide-content\"><figure class=\"wp-block-getwid-media-text-slider-slide-content__media\"><img loading=\"lazy\" decoding=\"async\" width=\"2560\" height=\"1440\" src=\"https:\/\/serveiseducatius.xtec.cat\/catalunyacentral\/wp-content\/uploads\/usu2513\/2025\/04\/Red-Retro-Vintage-Trivia-Night-Party-TV-Show-Game-Presentation-2-4-1-scaled.jpg\" alt=\"\" class=\"wp-block-getwid-media-text-slider-slide-content__image wp-image-10973\" srcset=\"https:\/\/serveiseducatius.xtec.cat\/catalunyacentral\/wp-content\/uploads\/usu2513\/2025\/04\/Red-Retro-Vintage-Trivia-Night-Party-TV-Show-Game-Presentation-2-4-1-scaled.jpg 2560w, https:\/\/serveiseducatius.xtec.cat\/catalunyacentral\/wp-content\/uploads\/usu2513\/2025\/04\/Red-Retro-Vintage-Trivia-Night-Party-TV-Show-Game-Presentation-2-4-1-300x169.jpg 300w, https:\/\/serveiseducatius.xtec.cat\/catalunyacentral\/wp-content\/uploads\/usu2513\/2025\/04\/Red-Retro-Vintage-Trivia-Night-Party-TV-Show-Game-Presentation-2-4-1-1024x576.jpg 1024w, https:\/\/serveiseducatius.xtec.cat\/catalunyacentral\/wp-content\/uploads\/usu2513\/2025\/04\/Red-Retro-Vintage-Trivia-Night-Party-TV-Show-Game-Presentation-2-4-1-768x432.jpg 768w, https:\/\/serveiseducatius.xtec.cat\/catalunyacentral\/wp-content\/uploads\/usu2513\/2025\/04\/Red-Retro-Vintage-Trivia-Night-Party-TV-Show-Game-Presentation-2-4-1-1536x864.jpg 1536w, https:\/\/serveiseducatius.xtec.cat\/catalunyacentral\/wp-content\/uploads\/usu2513\/2025\/04\/Red-Retro-Vintage-Trivia-Night-Party-TV-Show-Game-Presentation-2-4-1-2048x1152.jpg 2048w\" sizes=\"auto, (max-width: 2560px) 100vw, 2560px\" \/><div class=\"wp-block-getwid-media-text-slider-slide-content__media-overlay\" style=\"opacity:0.3\"><\/div><\/figure><div class=\"wp-block-getwid-media-text-slider-slide-content__content\"><div class=\"wp-block-getwid-media-text-slider-slide-content__content-wrapper\">\n<h2 class=\"wp-block-heading\"><a href=\"https:\/\/www.youtube.com\/watch?v=Tn_-ccohlKU\" data-type=\"link\" data-id=\"https:\/\/www.youtube.com\/watch?v=Tn_-ccohlKU\">V\u00eddeo<\/a><\/h2>\n<\/div><\/div><\/div>\n<\/div><\/div>\n<\/div><\/div><\/div>\n","protected":false},"excerpt":{"rendered":"<p>El passat 27 de mar\u00e7 es va celebrar una nova edici\u00f3 de l&#8217;acte d&#8217;homenatge a les persones jubilades. L&#8217;acte d&#8217;homenatge [&hellip;]<\/p>\n","protected":false},"author":3,"featured_media":10996,"comment_status":"closed","ping_status":"closed","sticky":false,"template":"","format":"standard","meta":{"_bbp_topic_count":0,"_bbp_reply_count":0,"_bbp_total_topic_count":0,"_bbp_total_reply_count":0,"_bbp_voice_count":0,"_bbp_anonymous_reply_count":0,"_bbp_topic_count_hidden":0,"_bbp_reply_count_hidden":0,"_bbp_forum_subforum_count":0,"site-sidebar-layout":"default","site-content-layout":"","ast-site-content-layout":"default","site-content-style":"default","site-sidebar-style":"default","ast-global-header-display":"","ast-banner-title-visibility":"","ast-main-header-display":"","ast-hfb-above-header-display":"","ast-hfb-below-header-display":"","ast-hfb-mobile-header-display":"","site-post-title":"","ast-breadcrumbs-content":"","ast-featured-img":"","footer-sml-layout":"","theme-transparent-header-meta":"","adv-header-id-meta":"","stick-header-meta":"","header-above-stick-meta":"","header-main-stick-meta":"","header-below-stick-meta":"","astra-migrate-meta-layouts":"set","ast-page-background-enabled":"default","ast-page-background-meta":{"desktop":{"background-color":"var(--ast-global-color-4)","background-image":"","background-repeat":"repeat","background-position":"center center","background-size":"auto","background-attachment":"scroll","background-type":"","background-media":"","overlay-type":"","overlay-color":"","overlay-opacity":"","overlay-gradient":""},"tablet":{"background-color":"","background-image":"","background-repeat":"repeat","background-position":"center center","background-size":"auto","background-attachment":"scroll","background-type":"","background-media":"","overlay-type":"","overlay-color":"","overlay-opacity":"","overlay-gradient":""},"mobile":{"background-color":"","background-image":"","background-repeat":"repeat","background-position":"center center","background-size":"auto","background-attachment":"scroll","background-type":"","background-media":"","overlay-type":"","overlay-color":"","overlay-opacity":"","overlay-gradient":""}},"ast-content-background-meta":{"desktop":{"background-color":"var(--ast-global-color-5)","background-image":"","background-repeat":"repeat","background-position":"center center","background-size":"auto","background-attachment":"scroll","background-type":"","background-media":"","overlay-type":"","overlay-color":"","overlay-opacity":"","overlay-gradient":""},"tablet":{"background-color":"var(--ast-global-color-5)","background-image":"","background-repeat":"repeat","background-position":"center center","background-size":"auto","background-attachment":"scroll","background-type":"","background-media":"","overlay-type":"","overlay-color":"","overlay-opacity":"","overlay-gradient":""},"mobile":{"background-color":"var(--ast-global-color-5)","background-image":"","background-repeat":"repeat","background-position":"center center","background-size":"auto","background-attachment":"scroll","background-type":"","background-media":"","overlay-type":"","overlay-color":"","overlay-opacity":"","overlay-gradient":""}},"footnotes":""},"categories":[408],"tags":[],"class_list":["post-10933","post","type-post","status-publish","format-standard","has-post-thumbnail","hentry","category-jubilacions-2024"],"post_mailing_queue_ids":[],"_links":{"self":[{"href":"https:\/\/serveiseducatius.xtec.cat\/catalunyacentral\/wp-json\/wp\/v2\/posts\/10933","targetHints":{"allow":["GET"]}}],"collection":[{"href":"https:\/\/serveiseducatius.xtec.cat\/catalunyacentral\/wp-json\/wp\/v2\/posts"}],"about":[{"href":"https:\/\/serveiseducatius.xtec.cat\/catalunyacentral\/wp-json\/wp\/v2\/types\/post"}],"author":[{"embeddable":true,"href":"https:\/\/serveiseducatius.xtec.cat\/catalunyacentral\/wp-json\/wp\/v2\/users\/3"}],"replies":[{"embeddable":true,"href":"https:\/\/serveiseducatius.xtec.cat\/catalunyacentral\/wp-json\/wp\/v2\/comments?post=10933"}],"version-history":[{"count":6,"href":"https:\/\/serveiseducatius.xtec.cat\/catalunyacentral\/wp-json\/wp\/v2\/posts\/10933\/revisions"}],"predecessor-version":[{"id":10986,"href":"https:\/\/serveiseducatius.xtec.cat\/catalunyacentral\/wp-json\/wp\/v2\/posts\/10933\/revisions\/10986"}],"wp:featuredmedia":[{"embeddable":true,"href":"https:\/\/serveiseducatius.xtec.cat\/catalunyacentral\/wp-json\/wp\/v2\/media\/10996"}],"wp:attachment":[{"href":"https:\/\/serveiseducatius.xtec.cat\/catalunyacentral\/wp-json\/wp\/v2\/media?parent=10933"}],"wp:term":[{"taxonomy":"category","embeddable":true,"href":"https:\/\/serveiseducatius.xtec.cat\/catalunyacentral\/wp-json\/wp\/v2\/categories?post=10933"},{"taxonomy":"post_tag","embeddable":true,"href":"https:\/\/serveiseducatius.xtec.cat\/catalunyacentral\/wp-json\/wp\/v2\/tags?post=10933"}],"curies":[{"name":"wp","href":"https:\/\/api.w.org\/{rel}","templated":true}]}}