{"id":10857,"date":"2025-02-24T08:48:10","date_gmt":"2025-02-24T07:48:10","guid":{"rendered":"https:\/\/serveiseducatius.xtec.cat\/catalunyacentral\/?p=10857"},"modified":"2025-02-24T09:44:21","modified_gmt":"2025-02-24T08:44:21","slug":"1a-jornada-ie-a-la-catalunya-central","status":"publish","type":"post","link":"https:\/\/serveiseducatius.xtec.cat\/catalunyacentral\/portada\/1a-jornada-ie-a-la-catalunya-central\/","title":{"rendered":"1a Jornada IE a la Catalunya Central"},"content":{"rendered":"\n<h2 class=\"wp-block-heading has-medium-font-size\">El passat dijous 13 de febrer va tenir lloc la 1a Jornada d\u2019IE a la Catalunya Central. La jornada es va desenvolupar a l\u2019IE Manresa. Sota el t\u00edtol de \u201cContinu\u00eftat i coher\u00e8ncia pedag\u00f2gica. Coordinaci\u00f3 pedag\u00f2gica entre etapes\u201d. Una transici\u00f3 flu\u00efdificada.<\/h2>\n\n\n\n<figure class=\"wp-block-embed is-type-video is-provider-youtube wp-block-embed-youtube wp-embed-aspect-16-9 wp-has-aspect-ratio\"><div class=\"wp-block-embed__wrapper\">\n<div class=\"ast-oembed-container \" style=\"height: 100%;\"><iframe loading=\"lazy\" title=\"1a Jornada d&#039;IE a la Catalunya Central - Curs 2024\/2025\" width=\"500\" height=\"281\" src=\"https:\/\/www.youtube.com\/embed\/dEb8IsxU6z0?feature=oembed\" frameborder=\"0\" allow=\"accelerometer; autoplay; clipboard-write; encrypted-media; gyroscope; picture-in-picture; web-share\" referrerpolicy=\"strict-origin-when-cross-origin\" allowfullscreen><\/iframe><\/div>\n<\/div><\/figure>\n\n\n\n<p><br>Les l\u00ednies de treball de la jornada van ser la codoc\u00e8ncia i el pla d\u2019acollida i acompanyament del professorat nou al centre.<br><\/p>\n\n\n\n<p>Els objectius de la jornada:<br><\/p>\n\n\n\n<p>Reflexionar i analitzar les pr\u00e0ctiques educa\udbc0\udd9fves amb l&#8217;objectiu de millorar el proc\u00e9s d&#8217;ensenyament i aprenentatge.<br><\/p>\n\n\n\n<p>Garantir que tots els elements d&#8217;un proc\u00e9s d&#8217;ensenyament-aprenentatge (com els sabers, les metodologies, les avaluacions i les estrat\u00e8gies d&#8217;intervenci\u00f3) segueixen alineats atenent la coher\u00e8ncia pedag\u00f2gica entre les etapes educatives.<br><\/p>\n\n\n\n<p>Compartir experi\u00e8ncies entre els diferents centres, acompanyar i assessorar els centres, a trav\u00e9s d\u2019experi\u00e8ncies reeixides d\u2019altres.<br><\/p>\n\n\n\n<p>La formaci\u00f3 i el suport als professionals de l&#8217;educaci\u00f3 s\u00f3n fonamentals per garantir una doc\u00e8ncia de qualitat. En aquest context, la jornada de reflexi\u00f3 pedag\u00f2gica en codoc\u00e8ncia i acollida de professorat als centres educatius es presenta com una oportunitat clau per millorar les pr\u00e0ctiques educatives i promoure un entorn de treball col\u00b7laboratiu i participatiu.<\/p>\n\n\n\n<p><br>La jornada es va iniciar amb la pon\u00e8ncia de la <strong>Sra. Carmina Pinya, directora del CRP del Vall\u00e8s Occidental I<\/strong>, on ens va presentar la coher\u00e8ncia pedag\u00f2gica d\u2019una transici\u00f3 flu\u00efdificada. Una pon\u00e8ncia de gran solidesa i expertesa en el tema. Seguidament, vam tenir el plaer d\u2019assistir al taller impartit per la <strong>Sra. Marta del Campo, directora l&#8217;IE la Mina<\/strong>. Va aportar reflexi\u00f3 sobre l\u2019acompanyament del professorat nou al centre, i va exposar el pla d\u2019acollida del seu centre, ens va presentar eines i estrat\u00e8gies de treball enfocades en aquest punt.<br><\/p>\n\n\n\n<p>Durant aquesta jornada, es va abordar el concepte de la codoc\u00e8ncia com una estrat\u00e8gia pedag\u00f2gica a c\u00e0rrec de les <strong>docents de l\u2019IE Costa Llobera de Barcelona<\/strong> i per complementar el taller de la codoc\u00e8ncia, vam tenir el plaer d&#8217;escoltar la pon\u00e8ncia del <strong>Sr. David Duran Gibert, Doctor en Psicologia i Catedr\u00e0tic del Departament de Psicologia de l&#8217;Educaci\u00f3 de la UAB.<\/strong><br><\/p>\n\n\n\n<p>Volem agrair en especial la disposici\u00f3 i col\u00b7laboraci\u00f3 del centre amfitri\u00f3 l\u2019<strong>IE Manresa<\/strong>, per acollir-nos a casa seva. Molt agra\u00efdes per la col\u00b7laboraci\u00f3 de <strong>l\u2019IE la Mina i l\u2019IE Costa Llobera<\/strong>, per la seva generositat per compartir els seus treballs i gestions de centre. I tamb\u00e9 agrair l\u2019espl\u00e8ndid dinar que vam tenir el plaer de degustar a c\u00e0rrec de l\u2019escola <strong>d\u2019Hoteleria Joviat de Manresa.<\/strong><br><\/p>\n\n\n\n<p><strong>I a tots i totes per assistir i participar en aquesta 1a Jornada de reflexi\u00f3 pedag\u00f2gica en els IE del nostre territori, esperem de tot cor que hagi estat del vostre inter\u00e8s.<\/strong><\/p>\n","protected":false},"excerpt":{"rendered":"<p>El passat dijous 13 de febrer va tenir lloc la 1a Jornada d\u2019IE a la Catalunya Central. La jornada es [&hellip;]<\/p>\n","protected":false},"author":3,"featured_media":10859,"comment_status":"closed","ping_status":"closed","sticky":false,"template":"","format":"standard","meta":{"_bbp_topic_count":0,"_bbp_reply_count":0,"_bbp_total_topic_count":0,"_bbp_total_reply_count":0,"_bbp_voice_count":0,"_bbp_anonymous_reply_count":0,"_bbp_topic_count_hidden":0,"_bbp_reply_count_hidden":0,"_bbp_forum_subforum_count":0,"site-sidebar-layout":"default","site-content-layout":"","ast-site-content-layout":"default","site-content-style":"default","site-sidebar-style":"default","ast-global-header-display":"","ast-banner-title-visibility":"","ast-main-header-display":"","ast-hfb-above-header-display":"","ast-hfb-below-header-display":"","ast-hfb-mobile-header-display":"","site-post-title":"","ast-breadcrumbs-content":"","ast-featured-img":"","footer-sml-layout":"","theme-transparent-header-meta":"","adv-header-id-meta":"","stick-header-meta":"","header-above-stick-meta":"","header-main-stick-meta":"","header-below-stick-meta":"","astra-migrate-meta-layouts":"set","ast-page-background-enabled":"default","ast-page-background-meta":{"desktop":{"background-color":"var(--ast-global-color-4)","background-image":"","background-repeat":"repeat","background-position":"center center","background-size":"auto","background-attachment":"scroll","background-type":"","background-media":"","overlay-type":"","overlay-color":"","overlay-opacity":"","overlay-gradient":""},"tablet":{"background-color":"","background-image":"","background-repeat":"repeat","background-position":"center center","background-size":"auto","background-attachment":"scroll","background-type":"","background-media":"","overlay-type":"","overlay-color":"","overlay-opacity":"","overlay-gradient":""},"mobile":{"background-color":"","background-image":"","background-repeat":"repeat","background-position":"center center","background-size":"auto","background-attachment":"scroll","background-type":"","background-media":"","overlay-type":"","overlay-color":"","overlay-opacity":"","overlay-gradient":""}},"ast-content-background-meta":{"desktop":{"background-color":"var(--ast-global-color-5)","background-image":"","background-repeat":"repeat","background-position":"center center","background-size":"auto","background-attachment":"scroll","background-type":"","background-media":"","overlay-type":"","overlay-color":"","overlay-opacity":"","overlay-gradient":""},"tablet":{"background-color":"var(--ast-global-color-5)","background-image":"","background-repeat":"repeat","background-position":"center center","background-size":"auto","background-attachment":"scroll","background-type":"","background-media":"","overlay-type":"","overlay-color":"","overlay-opacity":"","overlay-gradient":""},"mobile":{"background-color":"var(--ast-global-color-5)","background-image":"","background-repeat":"repeat","background-position":"center center","background-size":"auto","background-attachment":"scroll","background-type":"","background-media":"","overlay-type":"","overlay-color":"","overlay-opacity":"","overlay-gradient":""}},"footnotes":""},"categories":[285,29],"tags":[],"class_list":["post-10857","post","type-post","status-publish","format-standard","has-post-thumbnail","hentry","category-innovacio","category-portada"],"post_mailing_queue_ids":[],"_links":{"self":[{"href":"https:\/\/serveiseducatius.xtec.cat\/catalunyacentral\/wp-json\/wp\/v2\/posts\/10857","targetHints":{"allow":["GET"]}}],"collection":[{"href":"https:\/\/serveiseducatius.xtec.cat\/catalunyacentral\/wp-json\/wp\/v2\/posts"}],"about":[{"href":"https:\/\/serveiseducatius.xtec.cat\/catalunyacentral\/wp-json\/wp\/v2\/types\/post"}],"author":[{"embeddable":true,"href":"https:\/\/serveiseducatius.xtec.cat\/catalunyacentral\/wp-json\/wp\/v2\/users\/3"}],"replies":[{"embeddable":true,"href":"https:\/\/serveiseducatius.xtec.cat\/catalunyacentral\/wp-json\/wp\/v2\/comments?post=10857"}],"version-history":[{"count":3,"href":"https:\/\/serveiseducatius.xtec.cat\/catalunyacentral\/wp-json\/wp\/v2\/posts\/10857\/revisions"}],"predecessor-version":[{"id":10864,"href":"https:\/\/serveiseducatius.xtec.cat\/catalunyacentral\/wp-json\/wp\/v2\/posts\/10857\/revisions\/10864"}],"wp:featuredmedia":[{"embeddable":true,"href":"https:\/\/serveiseducatius.xtec.cat\/catalunyacentral\/wp-json\/wp\/v2\/media\/10859"}],"wp:attachment":[{"href":"https:\/\/serveiseducatius.xtec.cat\/catalunyacentral\/wp-json\/wp\/v2\/media?parent=10857"}],"wp:term":[{"taxonomy":"category","embeddable":true,"href":"https:\/\/serveiseducatius.xtec.cat\/catalunyacentral\/wp-json\/wp\/v2\/categories?post=10857"},{"taxonomy":"post_tag","embeddable":true,"href":"https:\/\/serveiseducatius.xtec.cat\/catalunyacentral\/wp-json\/wp\/v2\/tags?post=10857"}],"curies":[{"name":"wp","href":"https:\/\/api.w.org\/{rel}","templated":true}]}}