{"id":10688,"date":"2025-01-14T10:22:09","date_gmt":"2025-01-14T09:22:09","guid":{"rendered":"https:\/\/serveiseducatius.xtec.cat\/catalunyacentral\/?p=10688"},"modified":"2025-01-14T10:38:41","modified_gmt":"2025-01-14T09:38:41","slug":"projecte-rurallab-0-6-a-les-zer-a-la-catalunya-central","status":"publish","type":"post","link":"https:\/\/serveiseducatius.xtec.cat\/catalunyacentral\/general\/projecte-rurallab-0-6-a-les-zer-a-la-catalunya-central\/","title":{"rendered":"Projecte RuralLab 0-6 a les ZER a la Catalunya Central"},"content":{"rendered":"<p>La consellera d\u2019Educaci\u00f3 i Formaci\u00f3 Professional, Esther Niub\u00f3, va visitar el dijous 9 de gener a<br \/>\nl\u2019escola Sant Quirze Safaja \u2013 ZER El Moian\u00e8s Llevant, en la presentaci\u00f3 del projecte RuralLab 0-6,<br \/>\njuntament amb la directora dels Serveis Territorials, Saray G\u00f2mez.<br \/>\nRuralLAB \u00e9s un projecte pilot amb una formaci\u00f3 itinerant per l&#8217;educaci\u00f3 cient\u00edfica a les escoles<br \/>\nrurals. El projecte \u00e9s realitzat per la Facultat de Ci\u00e8ncies Socials de Manresa (UVic-UCC) que<br \/>\ncompta amb el suport del Departament d&#8217;Educaci\u00f3 i Formaci\u00f3 Professional per fer arribar<br \/>\nrecursos i propostes d\u2019experimentaci\u00f3 cient\u00edfica del Lab 0-6 de la Universitat de Manresa, als<br \/>\ninfants i mestres de les zones escolars rurals (ZER) de la Catalunya Central, un territori que inclou<br \/>\nles comarques del Bages, el Bergued\u00e0, el Moian\u00e8s, el Llu\u00e7an\u00e8s, Osona, i el Solson\u00e8s i els municipis<br \/>\nde l\u2019Alta Anoia.<br \/>\nAquest projecte sorgeix a partir de l\u2019experi\u00e8ncia pionera acumulada i les evid\u00e8ncies recollides<br \/>\nper part del Lab 0-6, iniciada pel campus Manresa de la UVic-UCC l\u2019any 2015 amb l\u2019objectiu<br \/>\nd\u2019apropar i garantir l\u2019acc\u00e9s a serveis educatius de qualitat a tots els centres educatius del territori,<br \/>\nindependentment de la seva ubicaci\u00f3 geogr\u00e0fica.<br \/>\nEl nou projecte RuralLAB, que va comen\u00e7ar el seu pilotatge als centres educatius el passat 21<br \/>\nd\u2019octubre, ha arribar a les 37 escoles rurals dels serveis territorials de la Catalunya Central durant<br \/>\nels mesos d\u2019octubre, novembre i desembre de 2024 i gener de 2025.<br \/>\nRuralLAB compta amb el suport log\u00edstic d\u2019una unitat m\u00f2bil integrada per dues mestres<br \/>\nformadores i una furgoneta equipada amb diferents propostes d\u2019experimentaci\u00f3 orientada a<br \/>\nalumnat, i que pret\u00e9n generar impacte de manera que es puguin detectar talents per<br \/>\nl&#8217;experimentaci\u00f3 cient\u00edfica en edats primerenques.<\/p>\n<p><img loading=\"lazy\" decoding=\"async\" class=\"size-medium wp-image-10690 alignleft\" src=\"https:\/\/serveiseducatius.xtec.cat\/catalunyacentral\/wp-content\/uploads\/usu2513\/2025\/01\/WhatsApp-Image-2025-01-14-at-10.04.08-300x225.jpeg\" alt=\"\" width=\"300\" height=\"225\" srcset=\"https:\/\/serveiseducatius.xtec.cat\/catalunyacentral\/wp-content\/uploads\/usu2513\/2025\/01\/WhatsApp-Image-2025-01-14-at-10.04.08-300x225.jpeg 300w, https:\/\/serveiseducatius.xtec.cat\/catalunyacentral\/wp-content\/uploads\/usu2513\/2025\/01\/WhatsApp-Image-2025-01-14-at-10.04.08-1024x768.jpeg 1024w, https:\/\/serveiseducatius.xtec.cat\/catalunyacentral\/wp-content\/uploads\/usu2513\/2025\/01\/WhatsApp-Image-2025-01-14-at-10.04.08-768x576.jpeg 768w, https:\/\/serveiseducatius.xtec.cat\/catalunyacentral\/wp-content\/uploads\/usu2513\/2025\/01\/WhatsApp-Image-2025-01-14-at-10.04.08-1536x1152.jpeg 1536w, https:\/\/serveiseducatius.xtec.cat\/catalunyacentral\/wp-content\/uploads\/usu2513\/2025\/01\/WhatsApp-Image-2025-01-14-at-10.04.08-200x150.jpeg 200w, https:\/\/serveiseducatius.xtec.cat\/catalunyacentral\/wp-content\/uploads\/usu2513\/2025\/01\/WhatsApp-Image-2025-01-14-at-10.04.08.jpeg 1600w\" sizes=\"auto, (max-width: 300px) 100vw, 300px\" \/><\/p>\n<p><img loading=\"lazy\" decoding=\"async\" class=\"size-medium wp-image-10689 alignleft\" src=\"https:\/\/serveiseducatius.xtec.cat\/catalunyacentral\/wp-content\/uploads\/usu2513\/2025\/01\/WhatsApp-Image-2025-01-14-at-10.04.35-300x225.jpeg\" alt=\"\" width=\"300\" height=\"225\" srcset=\"https:\/\/serveiseducatius.xtec.cat\/catalunyacentral\/wp-content\/uploads\/usu2513\/2025\/01\/WhatsApp-Image-2025-01-14-at-10.04.35-300x225.jpeg 300w, https:\/\/serveiseducatius.xtec.cat\/catalunyacentral\/wp-content\/uploads\/usu2513\/2025\/01\/WhatsApp-Image-2025-01-14-at-10.04.35-1024x768.jpeg 1024w, https:\/\/serveiseducatius.xtec.cat\/catalunyacentral\/wp-content\/uploads\/usu2513\/2025\/01\/WhatsApp-Image-2025-01-14-at-10.04.35-768x576.jpeg 768w, https:\/\/serveiseducatius.xtec.cat\/catalunyacentral\/wp-content\/uploads\/usu2513\/2025\/01\/WhatsApp-Image-2025-01-14-at-10.04.35-1536x1152.jpeg 1536w, https:\/\/serveiseducatius.xtec.cat\/catalunyacentral\/wp-content\/uploads\/usu2513\/2025\/01\/WhatsApp-Image-2025-01-14-at-10.04.35-200x150.jpeg 200w, https:\/\/serveiseducatius.xtec.cat\/catalunyacentral\/wp-content\/uploads\/usu2513\/2025\/01\/WhatsApp-Image-2025-01-14-at-10.04.35.jpeg 1600w\" sizes=\"auto, (max-width: 300px) 100vw, 300px\" \/><\/p>\n","protected":false},"excerpt":{"rendered":"<p>La consellera d\u2019Educaci\u00f3 i Formaci\u00f3 Professional, Esther Niub\u00f3, va visitar el dijous 9 de gener a l\u2019escola Sant Quirze Safaja [&hellip;]<\/p>\n","protected":false},"author":3,"featured_media":0,"comment_status":"closed","ping_status":"closed","sticky":false,"template":"","format":"standard","meta":{"_bbp_topic_count":0,"_bbp_reply_count":0,"_bbp_total_topic_count":0,"_bbp_total_reply_count":0,"_bbp_voice_count":0,"_bbp_anonymous_reply_count":0,"_bbp_topic_count_hidden":0,"_bbp_reply_count_hidden":0,"_bbp_forum_subforum_count":0,"site-sidebar-layout":"default","site-content-layout":"","ast-site-content-layout":"","site-content-style":"default","site-sidebar-style":"default","ast-global-header-display":"","ast-banner-title-visibility":"","ast-main-header-display":"","ast-hfb-above-header-display":"","ast-hfb-below-header-display":"","ast-hfb-mobile-header-display":"","site-post-title":"","ast-breadcrumbs-content":"","ast-featured-img":"","footer-sml-layout":"","theme-transparent-header-meta":"","adv-header-id-meta":"","stick-header-meta":"","header-above-stick-meta":"","header-main-stick-meta":"","header-below-stick-meta":"","astra-migrate-meta-layouts":"default","ast-page-background-enabled":"default","ast-page-background-meta":{"desktop":{"background-color":"var(--ast-global-color-4)","background-image":"","background-repeat":"repeat","background-position":"center center","background-size":"auto","background-attachment":"scroll","background-type":"","background-media":"","overlay-type":"","overlay-color":"","overlay-opacity":"","overlay-gradient":""},"tablet":{"background-color":"","background-image":"","background-repeat":"repeat","background-position":"center center","background-size":"auto","background-attachment":"scroll","background-type":"","background-media":"","overlay-type":"","overlay-color":"","overlay-opacity":"","overlay-gradient":""},"mobile":{"background-color":"","background-image":"","background-repeat":"repeat","background-position":"center center","background-size":"auto","background-attachment":"scroll","background-type":"","background-media":"","overlay-type":"","overlay-color":"","overlay-opacity":"","overlay-gradient":""}},"ast-content-background-meta":{"desktop":{"background-color":"var(--ast-global-color-5)","background-image":"","background-repeat":"repeat","background-position":"center center","background-size":"auto","background-attachment":"scroll","background-type":"","background-media":"","overlay-type":"","overlay-color":"","overlay-opacity":"","overlay-gradient":""},"tablet":{"background-color":"var(--ast-global-color-5)","background-image":"","background-repeat":"repeat","background-position":"center center","background-size":"auto","background-attachment":"scroll","background-type":"","background-media":"","overlay-type":"","overlay-color":"","overlay-opacity":"","overlay-gradient":""},"mobile":{"background-color":"var(--ast-global-color-5)","background-image":"","background-repeat":"repeat","background-position":"center center","background-size":"auto","background-attachment":"scroll","background-type":"","background-media":"","overlay-type":"","overlay-color":"","overlay-opacity":"","overlay-gradient":""}},"footnotes":""},"categories":[1,285,29],"tags":[],"class_list":["post-10688","post","type-post","status-publish","format-standard","hentry","category-general","category-innovacio","category-portada"],"post_mailing_queue_ids":[],"_links":{"self":[{"href":"https:\/\/serveiseducatius.xtec.cat\/catalunyacentral\/wp-json\/wp\/v2\/posts\/10688","targetHints":{"allow":["GET"]}}],"collection":[{"href":"https:\/\/serveiseducatius.xtec.cat\/catalunyacentral\/wp-json\/wp\/v2\/posts"}],"about":[{"href":"https:\/\/serveiseducatius.xtec.cat\/catalunyacentral\/wp-json\/wp\/v2\/types\/post"}],"author":[{"embeddable":true,"href":"https:\/\/serveiseducatius.xtec.cat\/catalunyacentral\/wp-json\/wp\/v2\/users\/3"}],"replies":[{"embeddable":true,"href":"https:\/\/serveiseducatius.xtec.cat\/catalunyacentral\/wp-json\/wp\/v2\/comments?post=10688"}],"version-history":[{"count":7,"href":"https:\/\/serveiseducatius.xtec.cat\/catalunyacentral\/wp-json\/wp\/v2\/posts\/10688\/revisions"}],"predecessor-version":[{"id":10706,"href":"https:\/\/serveiseducatius.xtec.cat\/catalunyacentral\/wp-json\/wp\/v2\/posts\/10688\/revisions\/10706"}],"wp:attachment":[{"href":"https:\/\/serveiseducatius.xtec.cat\/catalunyacentral\/wp-json\/wp\/v2\/media?parent=10688"}],"wp:term":[{"taxonomy":"category","embeddable":true,"href":"https:\/\/serveiseducatius.xtec.cat\/catalunyacentral\/wp-json\/wp\/v2\/categories?post=10688"},{"taxonomy":"post_tag","embeddable":true,"href":"https:\/\/serveiseducatius.xtec.cat\/catalunyacentral\/wp-json\/wp\/v2\/tags?post=10688"}],"curies":[{"name":"wp","href":"https:\/\/api.w.org\/{rel}","templated":true}]}}