{"id":10614,"date":"2024-10-28T08:19:04","date_gmt":"2024-10-28T07:19:04","guid":{"rendered":"https:\/\/serveiseducatius.xtec.cat\/catalunyacentral\/?p=10614"},"modified":"2024-10-28T08:19:04","modified_gmt":"2024-10-28T07:19:04","slug":"jornada-tesperem-al-florence-programa-per-a-la-millora-de-la-competencia-matematica","status":"publish","type":"post","link":"https:\/\/serveiseducatius.xtec.cat\/catalunyacentral\/portada\/jornada-tesperem-al-florence-programa-per-a-la-millora-de-la-competencia-matematica\/","title":{"rendered":"Jornada T&#8217;esperem al Florence: Programa per a la millora de la compet\u00e8ncia matem\u00e0tica"},"content":{"rendered":"<p><a href=\"https:\/\/drive.google.com\/file\/d\/1lsTn2vdAO4G_6WgL44pUao6i1dQse2fw\/view?usp=sharing\"><strong><u>JORANADA T\u2019ESPEREM AL FLORENCE<\/u><\/strong><\/a><\/p>\n<p>Ens complau convidar-vos\u00a0 a la Jornada \u201c<strong>T\u2019esperem al Florence<\/strong>\u201d el dijous <strong>dia 7 de novembre a les 17:00 a 19:00<\/strong> a la sala d\u2019actes dels Serveis Territorials a la Catalunya Central.<\/p>\n<p>La Jornada <strong>est\u00e0 focalitzada a informar, assessorar i acompanyar en les \u00e0mplies possibilitats del programa FLORENCE. <\/strong><\/p>\n<p><a href=\"https:\/\/drive.google.com\/file\/d\/1lsTn2vdAO4G_6WgL44pUao6i1dQse2fw\/view?usp=sharing\"><u>Us presentem el desenvolupament de la jornada:<\/u><\/a><\/p>\n<p>17:00 Acollida<\/p>\n<p>17:15 Benvinguda institucional a c\u00e0rrec de la directora dels Serveis Territorials la Sra. Saray G\u00f3mez Ortiz<\/p>\n<p>17:30 Explicaci\u00f3 del programa, objectius, finalitats i informacions d\u2019inter\u00e8s.<\/p>\n<p>17:45 Pla d\u2019actuacions als centres de prim\u00e0ria i secund\u00e0ria<\/p>\n<p>18:00 Desenvolupament de diferents tallers matem\u00e0tics amb el suport del material did\u00e0ctic del programa.<\/p>\n<p>19:00 Cloenda de la Jornada<\/p>\n<p>Per a poder assistir a la jornada cal fer la inscripci\u00f3 a l\u2019enlla\u00e7 seg\u00fcent:<\/p>\n<p><a href=\"https:\/\/aplicacions.gestioeducativa.gencat.cat\/pls\/soloas\/pk_for_mod_ins.p_for_pre_cons_activitats?p_any=2024-2025&amp;p_codi=B00106050B\">Jornada T\u2019esperem al Florence<\/a>, la jornada va destinada a directors i directores, coordinadors i coordinadores i cap de departament de matem\u00e0tiques o docent referent de l\u2019\u00e0mbit matem\u00e0tic. El termini d\u2019inscripci\u00f3 \u00e9s fins al 5 de novembre.<\/p>\n<p><strong>El programa Florence<\/strong> \u00e9s un programa d\u2019innovaci\u00f3 de tres cursos acad\u00e8mics (2024-2027). T\u00e9 una intervenci\u00f3 decidida en el conjunt del sistema educatiu amb l\u2019objectiu d\u2019implementar un pla <strong>de millora en la compet\u00e8ncia matem\u00e0tica.<\/strong><\/p>\n<p>El programa, primer fa una diagnosi dels resultats en matem\u00e0tiques per a poder dissenyar un pla d\u2019intervenci\u00f3 al centre.<\/p>\n<p>Aquest pla d\u2019intervenci\u00f3 inclou:<\/p>\n<ol>\n<li>Suport organitzatiu, metodol\u00f2gic i avaluaci\u00f3 (d\u20191 a 4 hores m\u00e9s de matem\u00e0tiques)<\/li>\n<li>Formaci\u00f3 i acompanyament a professorat i claustre.<\/li>\n<li>Recursos i materials did\u00e0ctics per entendre millor les matem\u00e0tiques.<\/li>\n<\/ol>\n<p><strong>Inscripcions<\/strong> <strong>del 22 d\u2019octubre al 19 de novembre de 2024<\/strong><\/p>\n<p><strong>Enlla\u00e7 inscripci\u00f3<\/strong>: <a href=\"https:\/\/espai.educacio.gencat.cat\/Centres\/Innovacio-pedagogica\/Suport-Innovacio\/Programa-Florence\/Pagines\/default.aspx#!\">Portal de centre<\/a><\/p>\n<p style=\"text-align: center;\"><a href=\"https:\/\/drive.google.com\/file\/d\/1lsTn2vdAO4G_6WgL44pUao6i1dQse2fw\/view?usp=sharing\"><img loading=\"lazy\" decoding=\"async\" class=\"aligncenter size-full wp-image-10616\" src=\"https:\/\/serveiseducatius.xtec.cat\/catalunyacentral\/wp-content\/uploads\/usu2513\/2024\/10\/florence.png\" alt=\"\" width=\"895\" height=\"676\" srcset=\"https:\/\/serveiseducatius.xtec.cat\/catalunyacentral\/wp-content\/uploads\/usu2513\/2024\/10\/florence.png 895w, https:\/\/serveiseducatius.xtec.cat\/catalunyacentral\/wp-content\/uploads\/usu2513\/2024\/10\/florence-300x227.png 300w, https:\/\/serveiseducatius.xtec.cat\/catalunyacentral\/wp-content\/uploads\/usu2513\/2024\/10\/florence-768x580.png 768w, https:\/\/serveiseducatius.xtec.cat\/catalunyacentral\/wp-content\/uploads\/usu2513\/2024\/10\/florence-200x150.png 200w\" sizes=\"auto, (max-width: 895px) 100vw, 895px\" \/><\/a><\/p>\n","protected":false},"excerpt":{"rendered":"<p>JORANADA T\u2019ESPEREM AL FLORENCE Ens complau convidar-vos\u00a0 a la Jornada \u201cT\u2019esperem al Florence\u201d el dijous dia 7 de novembre a [&hellip;]<\/p>\n","protected":false},"author":3,"featured_media":0,"comment_status":"closed","ping_status":"closed","sticky":false,"template":"","format":"standard","meta":{"_bbp_topic_count":0,"_bbp_reply_count":0,"_bbp_total_topic_count":0,"_bbp_total_reply_count":0,"_bbp_voice_count":0,"_bbp_anonymous_reply_count":0,"_bbp_topic_count_hidden":0,"_bbp_reply_count_hidden":0,"_bbp_forum_subforum_count":0,"site-sidebar-layout":"default","site-content-layout":"","ast-site-content-layout":"","site-content-style":"default","site-sidebar-style":"default","ast-global-header-display":"","ast-banner-title-visibility":"","ast-main-header-display":"","ast-hfb-above-header-display":"","ast-hfb-below-header-display":"","ast-hfb-mobile-header-display":"","site-post-title":"","ast-breadcrumbs-content":"","ast-featured-img":"","footer-sml-layout":"","theme-transparent-header-meta":"","adv-header-id-meta":"","stick-header-meta":"","header-above-stick-meta":"","header-main-stick-meta":"","header-below-stick-meta":"","astra-migrate-meta-layouts":"default","ast-page-background-enabled":"default","ast-page-background-meta":{"desktop":{"background-color":"var(--ast-global-color-4)","background-image":"","background-repeat":"repeat","background-position":"center center","background-size":"auto","background-attachment":"scroll","background-type":"","background-media":"","overlay-type":"","overlay-color":"","overlay-opacity":"","overlay-gradient":""},"tablet":{"background-color":"","background-image":"","background-repeat":"repeat","background-position":"center center","background-size":"auto","background-attachment":"scroll","background-type":"","background-media":"","overlay-type":"","overlay-color":"","overlay-opacity":"","overlay-gradient":""},"mobile":{"background-color":"","background-image":"","background-repeat":"repeat","background-position":"center center","background-size":"auto","background-attachment":"scroll","background-type":"","background-media":"","overlay-type":"","overlay-color":"","overlay-opacity":"","overlay-gradient":""}},"ast-content-background-meta":{"desktop":{"background-color":"var(--ast-global-color-5)","background-image":"","background-repeat":"repeat","background-position":"center center","background-size":"auto","background-attachment":"scroll","background-type":"","background-media":"","overlay-type":"","overlay-color":"","overlay-opacity":"","overlay-gradient":""},"tablet":{"background-color":"var(--ast-global-color-5)","background-image":"","background-repeat":"repeat","background-position":"center center","background-size":"auto","background-attachment":"scroll","background-type":"","background-media":"","overlay-type":"","overlay-color":"","overlay-opacity":"","overlay-gradient":""},"mobile":{"background-color":"var(--ast-global-color-5)","background-image":"","background-repeat":"repeat","background-position":"center center","background-size":"auto","background-attachment":"scroll","background-type":"","background-media":"","overlay-type":"","overlay-color":"","overlay-opacity":"","overlay-gradient":""}},"footnotes":""},"categories":[285,29],"tags":[],"class_list":["post-10614","post","type-post","status-publish","format-standard","hentry","category-innovacio","category-portada"],"post_mailing_queue_ids":[],"_links":{"self":[{"href":"https:\/\/serveiseducatius.xtec.cat\/catalunyacentral\/wp-json\/wp\/v2\/posts\/10614","targetHints":{"allow":["GET"]}}],"collection":[{"href":"https:\/\/serveiseducatius.xtec.cat\/catalunyacentral\/wp-json\/wp\/v2\/posts"}],"about":[{"href":"https:\/\/serveiseducatius.xtec.cat\/catalunyacentral\/wp-json\/wp\/v2\/types\/post"}],"author":[{"embeddable":true,"href":"https:\/\/serveiseducatius.xtec.cat\/catalunyacentral\/wp-json\/wp\/v2\/users\/3"}],"replies":[{"embeddable":true,"href":"https:\/\/serveiseducatius.xtec.cat\/catalunyacentral\/wp-json\/wp\/v2\/comments?post=10614"}],"version-history":[{"count":2,"href":"https:\/\/serveiseducatius.xtec.cat\/catalunyacentral\/wp-json\/wp\/v2\/posts\/10614\/revisions"}],"predecessor-version":[{"id":10618,"href":"https:\/\/serveiseducatius.xtec.cat\/catalunyacentral\/wp-json\/wp\/v2\/posts\/10614\/revisions\/10618"}],"wp:attachment":[{"href":"https:\/\/serveiseducatius.xtec.cat\/catalunyacentral\/wp-json\/wp\/v2\/media?parent=10614"}],"wp:term":[{"taxonomy":"category","embeddable":true,"href":"https:\/\/serveiseducatius.xtec.cat\/catalunyacentral\/wp-json\/wp\/v2\/categories?post=10614"},{"taxonomy":"post_tag","embeddable":true,"href":"https:\/\/serveiseducatius.xtec.cat\/catalunyacentral\/wp-json\/wp\/v2\/tags?post=10614"}],"curies":[{"name":"wp","href":"https:\/\/api.w.org\/{rel}","templated":true}]}}