{"id":10592,"date":"2024-10-17T08:19:21","date_gmt":"2024-10-17T06:19:21","guid":{"rendered":"https:\/\/serveiseducatius.xtec.cat\/catalunyacentral\/?p=10592"},"modified":"2024-10-17T08:20:57","modified_gmt":"2024-10-17T06:20:57","slug":"comunicacio-i-prevencio-de-les-violencies-sexuals-a-la-infancia-mitjancant-lalbum-illustrat-la-bici-de-la-lola","status":"publish","type":"post","link":"https:\/\/serveiseducatius.xtec.cat\/catalunyacentral\/general\/comunicacio-i-prevencio-de-les-violencies-sexuals-a-la-infancia-mitjancant-lalbum-illustrat-la-bici-de-la-lola\/","title":{"rendered":"Comunicaci\u00f3 i prevenci\u00f3 de les viol\u00e8ncies sexuals a la inf\u00e0ncia mitjan\u00e7ant l&#8217;\u00e0lbum il\u00b7lustrat &#8220;La bici de la Lola&#8221;"},"content":{"rendered":"<p>El conte La bici de la Lola ofereix un espai per abordar les viol\u00e8ncies sexuals en la inf\u00e0ncia. Es presenta com una lectura preventiva que proporciona eines per detectar i enfrontar aquest tipus de viol\u00e8ncies.<\/p>\n<p>&nbsp;<\/p>\n<p>Alhora, aquest \u00e0lbum il\u00b7lustrat compta tamb\u00e9 amb el suport d\u2019una <a href=\"https:\/\/educacio.gencat.cat\/ca\/departament\/publicacions\/monografies\/bici-lola\/index.html\">Guia d&#8217;acompanyament a la lectura<\/a>. Aquesta guia tamb\u00e9 ser\u00e0 presentada durant la sessi\u00f3 i t\u00e9 els seg\u00fcents objectius:<\/p>\n<p>\u00b7 Oferir instruccions i recursos sobre com abordar la lectura del conte, adaptant-lo a cada etapa de desenvolupament;<\/p>\n<p>\u00b7 Donar indicacions de com crear espais segurs i protectors.<\/p>\n<p>&nbsp;<\/p>\n<p>Les autores realitzaran 3 sessions adre\u00e7ades a diferents col\u00b7lectius:<\/p>\n<p>&#8211; Sessi\u00f3 10 a 11:30 h: Claustres d\u2019escoles bressol i prim\u00e0ria.<\/p>\n<p>&#8211; Sessi\u00f3 13 a 14:30 h: Associacions de Fam\u00edlies d\u2019Alumnes (AFA), Coordinadors\/es de Coeducaci\u00f3, Conviv\u00e8ncia i Benestar Emocional dels centres educatius (COCOBE) i responsables i t\u00e8cnics d\u2019entitats esportives i de lleure.<\/p>\n<p>&#8211; Sessi\u00f3 17 a 18:30 h: Ciutadania en general.<\/p>\n<p><a href=\"https:\/\/igualtat.gencat.cat\/ca\/ambits-dactuacio\/violencies-masclistes\/prevencio-de-les-violencies-sexuals-a-la-infancia-mitjancant-lalbum-illustrat-la-bici-de-la-lola-manresa\/\">INSCRIPCIONS<\/a><\/p>\n<p style=\"text-align: center;\"><img loading=\"lazy\" decoding=\"async\" class=\"aligncenter size-full wp-image-10594\" src=\"https:\/\/serveiseducatius.xtec.cat\/catalunyacentral\/wp-content\/uploads\/usu2513\/2024\/10\/image010.jpg\" alt=\"\" width=\"194\" height=\"232\" \/><\/p>\n","protected":false},"excerpt":{"rendered":"<p>El conte La bici de la Lola ofereix un espai per abordar les viol\u00e8ncies sexuals en la inf\u00e0ncia. Es presenta [&hellip;]<\/p>\n","protected":false},"author":3,"featured_media":10594,"comment_status":"closed","ping_status":"closed","sticky":false,"template":"","format":"standard","meta":{"_bbp_topic_count":0,"_bbp_reply_count":0,"_bbp_total_topic_count":0,"_bbp_total_reply_count":0,"_bbp_voice_count":0,"_bbp_anonymous_reply_count":0,"_bbp_topic_count_hidden":0,"_bbp_reply_count_hidden":0,"_bbp_forum_subforum_count":0,"site-sidebar-layout":"default","site-content-layout":"","ast-site-content-layout":"","site-content-style":"default","site-sidebar-style":"default","ast-global-header-display":"","ast-banner-title-visibility":"","ast-main-header-display":"","ast-hfb-above-header-display":"","ast-hfb-below-header-display":"","ast-hfb-mobile-header-display":"","site-post-title":"","ast-breadcrumbs-content":"","ast-featured-img":"","footer-sml-layout":"","theme-transparent-header-meta":"","adv-header-id-meta":"","stick-header-meta":"","header-above-stick-meta":"","header-main-stick-meta":"","header-below-stick-meta":"","astra-migrate-meta-layouts":"default","ast-page-background-enabled":"default","ast-page-background-meta":{"desktop":{"background-color":"var(--ast-global-color-4)","background-image":"","background-repeat":"repeat","background-position":"center center","background-size":"auto","background-attachment":"scroll","background-type":"","background-media":"","overlay-type":"","overlay-color":"","overlay-opacity":"","overlay-gradient":""},"tablet":{"background-color":"","background-image":"","background-repeat":"repeat","background-position":"center center","background-size":"auto","background-attachment":"scroll","background-type":"","background-media":"","overlay-type":"","overlay-color":"","overlay-opacity":"","overlay-gradient":""},"mobile":{"background-color":"","background-image":"","background-repeat":"repeat","background-position":"center center","background-size":"auto","background-attachment":"scroll","background-type":"","background-media":"","overlay-type":"","overlay-color":"","overlay-opacity":"","overlay-gradient":""}},"ast-content-background-meta":{"desktop":{"background-color":"var(--ast-global-color-5)","background-image":"","background-repeat":"repeat","background-position":"center center","background-size":"auto","background-attachment":"scroll","background-type":"","background-media":"","overlay-type":"","overlay-color":"","overlay-opacity":"","overlay-gradient":""},"tablet":{"background-color":"var(--ast-global-color-5)","background-image":"","background-repeat":"repeat","background-position":"center center","background-size":"auto","background-attachment":"scroll","background-type":"","background-media":"","overlay-type":"","overlay-color":"","overlay-opacity":"","overlay-gradient":""},"mobile":{"background-color":"var(--ast-global-color-5)","background-image":"","background-repeat":"repeat","background-position":"center center","background-size":"auto","background-attachment":"scroll","background-type":"","background-media":"","overlay-type":"","overlay-color":"","overlay-opacity":"","overlay-gradient":""}},"footnotes":""},"categories":[1,29],"tags":[],"class_list":["post-10592","post","type-post","status-publish","format-standard","has-post-thumbnail","hentry","category-general","category-portada"],"post_mailing_queue_ids":[],"_links":{"self":[{"href":"https:\/\/serveiseducatius.xtec.cat\/catalunyacentral\/wp-json\/wp\/v2\/posts\/10592","targetHints":{"allow":["GET"]}}],"collection":[{"href":"https:\/\/serveiseducatius.xtec.cat\/catalunyacentral\/wp-json\/wp\/v2\/posts"}],"about":[{"href":"https:\/\/serveiseducatius.xtec.cat\/catalunyacentral\/wp-json\/wp\/v2\/types\/post"}],"author":[{"embeddable":true,"href":"https:\/\/serveiseducatius.xtec.cat\/catalunyacentral\/wp-json\/wp\/v2\/users\/3"}],"replies":[{"embeddable":true,"href":"https:\/\/serveiseducatius.xtec.cat\/catalunyacentral\/wp-json\/wp\/v2\/comments?post=10592"}],"version-history":[{"count":3,"href":"https:\/\/serveiseducatius.xtec.cat\/catalunyacentral\/wp-json\/wp\/v2\/posts\/10592\/revisions"}],"predecessor-version":[{"id":10596,"href":"https:\/\/serveiseducatius.xtec.cat\/catalunyacentral\/wp-json\/wp\/v2\/posts\/10592\/revisions\/10596"}],"wp:featuredmedia":[{"embeddable":true,"href":"https:\/\/serveiseducatius.xtec.cat\/catalunyacentral\/wp-json\/wp\/v2\/media\/10594"}],"wp:attachment":[{"href":"https:\/\/serveiseducatius.xtec.cat\/catalunyacentral\/wp-json\/wp\/v2\/media?parent=10592"}],"wp:term":[{"taxonomy":"category","embeddable":true,"href":"https:\/\/serveiseducatius.xtec.cat\/catalunyacentral\/wp-json\/wp\/v2\/categories?post=10592"},{"taxonomy":"post_tag","embeddable":true,"href":"https:\/\/serveiseducatius.xtec.cat\/catalunyacentral\/wp-json\/wp\/v2\/tags?post=10592"}],"curies":[{"name":"wp","href":"https:\/\/api.w.org\/{rel}","templated":true}]}}