{"id":10484,"date":"2024-09-12T09:23:12","date_gmt":"2024-09-12T07:23:12","guid":{"rendered":"https:\/\/serveiseducatius.xtec.cat\/catalunyacentral\/?p=10484"},"modified":"2024-09-16T07:57:00","modified_gmt":"2024-09-16T05:57:00","slug":"formacions-del-servei-dorientacio-i-participacio-de-lalumnat-conducta-alimentaria-i-conducta-suicida-curs-2024-25","status":"publish","type":"post","link":"https:\/\/serveiseducatius.xtec.cat\/catalunyacentral\/portada\/formacions-del-servei-dorientacio-i-participacio-de-lalumnat-conducta-alimentaria-i-conducta-suicida-curs-2024-25\/","title":{"rendered":"Formacions del Servei d&#8217;Orientaci\u00f3 i Participaci\u00f3 de l&#8217;Alumnat (Conducta aliment\u00e0ria i Conducta su\u00efcida) &#8211; Curs 2024-25"},"content":{"rendered":"<div>\n<div><span style=\"font-size: small;\">Des del Servei d&#8217;Orientaci\u00f3 i Participaci\u00f3 de l&#8217;Alumnat<span class=\"gmail_default\">, novament,\u00a0<\/span>ens ofereixen les seg\u00fcents formacions:\u00a0<\/span><\/div>\n<div><\/div>\n<div><span style=\"font-size: small;\">\u00a0<\/span><\/div>\n<\/div>\n<div class=\"gmail_quote\">\n<div>\n<table style=\"width: 43.1224%; height: 149px;\" border=\"0\" width=\"575\" cellpadding=\"0\">\n<tbody>\n<tr style=\"height: 158px;\">\n<td style=\"height: 158px;\" width=\"20\"><span style=\"font-size: small;\">\u00a0<\/span><\/td>\n<td style=\"height: 158px;\">\n<table border=\"0\" width=\"100%\" cellspacing=\"0\" cellpadding=\"0\">\n<tbody>\n<tr>\n<td><span style=\"font-size: small;\"><b><a href=\"https:\/\/aplicacions.gestioeducativa.gencat.cat\/pls\/soloas\/pk_for_mod_ins.p_for_pre_cons_activitats?p_any=2024-2025&amp;p_codi=B000110519\" target=\"_blank\" rel=\"noopener\" data-saferedirecturl=\"https:\/\/www.google.com\/url?q=https:\/\/aplicacions.gestioeducativa.gencat.cat\/pls\/soloas\/pk_for_mod_ins.p_for_pre_cons_activitats?p_any%3D2024-2025%26p_codi%3DB000110519&amp;source=gmail&amp;ust=1726034786206000&amp;usg=AOvVaw2lxzDS7ZQHRqi8XQpJIdt2\">B000110519\u00a0\u00a0<\/a><\/b><\/span><span style=\"font-size: small;\"><b><a href=\"https:\/\/aplicacions.gestioeducativa.gencat.cat\/pls\/soloas\/pk_for_mod_ins.p_for_pre_cons_activitats?p_any=2024-2025&amp;p_codi=B000110519\" target=\"_blank\" rel=\"noopener\" data-saferedirecturl=\"https:\/\/www.google.com\/url?q=https:\/\/aplicacions.gestioeducativa.gencat.cat\/pls\/soloas\/pk_for_mod_ins.p_for_pre_cons_activitats?p_any%3D2024-2025%26p_codi%3DB000110519&amp;source=gmail&amp;ust=1726034786206000&amp;usg=AOvVaw2lxzDS7ZQHRqi8XQpJIdt2\">\u00a0<\/a><\/b><\/span><span style=\"font-size: small;\"><b><a href=\"https:\/\/aplicacions.gestioeducativa.gencat.cat\/pls\/soloas\/pk_for_mod_ins.p_for_pre_cons_activitats?p_any=2024-2025&amp;p_codi=B000110519\" target=\"_blank\" rel=\"noopener\" data-saferedirecturl=\"https:\/\/www.google.com\/url?q=https:\/\/aplicacions.gestioeducativa.gencat.cat\/pls\/soloas\/pk_for_mod_ins.p_for_pre_cons_activitats?p_any%3D2024-2025%26p_codi%3DB000110519&amp;source=gmail&amp;ust=1726034786206000&amp;usg=AOvVaw2lxzDS7ZQHRqi8XQpJIdt2\"><span class=\"gmail_default\">C\u00e0psules\u00a0<\/span><\/a><\/b><\/span><span style=\"font-size: small;\"><b><a href=\"https:\/\/aplicacions.gestioeducativa.gencat.cat\/pls\/soloas\/pk_for_mod_ins.p_for_pre_cons_activitats?p_any=2024-2025&amp;p_codi=B000110519\" target=\"_blank\" rel=\"noopener\" data-saferedirecturl=\"https:\/\/www.google.com\/url?q=https:\/\/aplicacions.gestioeducativa.gencat.cat\/pls\/soloas\/pk_for_mod_ins.p_for_pre_cons_activitats?p_any%3D2024-2025%26p_codi%3DB000110519&amp;source=gmail&amp;ust=1726034786206000&amp;usg=AOvVaw2lxzDS7ZQHRqi8XQpJIdt2\">Els Trastorns de la Conducta Aliment\u00e0ria. Prevenci\u00f3 i acompanyament des del centre docent<\/a><\/b><\/span><\/td>\n<\/tr>\n<tr>\n<td><span style=\"font-size: small;\">\u00a0<span class=\"gmail_default\">Del<\/span>l\u00a0<span class=\"gmail_default\">21<\/span>\/10\/202<span class=\"gmail_default\">4<\/span>\u00a0i\u00a0<span class=\"gmail_default\">al 23<\/span>\/10\/202<span class=\"gmail_default\">4<\/span>\u00a0(5 hores) de 17:00h a 19:00h\u00a0<b>Format online.<\/b><br \/>\n<\/span><\/td>\n<\/tr>\n<tr>\n<td>\n<div class=\"gmail_quote\"><\/div>\n<div class=\"gmail_quote\">\n<div><span style=\"font-size: large;\"><b>Termini d&#8217;inscripci\u00f3 fins al\u00a0<span class=\"gmail_default\">22 de setembre<\/span><\/b><\/span><\/div>\n<\/div>\n<\/td>\n<\/tr>\n<\/tbody>\n<\/table>\n<\/td>\n<\/tr>\n<\/tbody>\n<\/table>\n<\/div>\n<\/div>\n<div class=\"gmail_quote\">\n<div>\n<p>La formaci\u00f3 la realitza la\u00a0<span class=\"gmail_default\">Sara Bujalance<\/span><span lang=\"CA-ES\">\u00a0<\/span>de\u00a0l&#8217;Associaci\u00f3 contra l&#8217;Anor\u00e8xia i la bul\u00edmia<span class=\"gmail_default\">\u00a0(ACAB)<\/span>.<\/p>\n<p><b>Aquesta activitat\u00a0\u00a0va\u00a0dirigida a professionals de l&#8217;educaci\u00f3\u00a0que treballen\u00a0amb alumnat\u00a0<span class=\"gmail_default\">de l&#8217;\u00faltim cicle de prim\u00e0ria,\u00a0<\/span>secund\u00e0ria<span class=\"gmail_default\">, batxillerat, cicles formatius i adults<\/span>.\u00a0\u00a0<\/b><\/p>\n<\/div>\n<\/div>\n<div class=\"gmail_quote\"><i><span style=\"font-size: small;\"><a id=\"m_2627146728007599064m_1659089429530405205m_8587598287743078394m_-4621858889159857201m_7790725917151477534m_-6667672512754564762m_-4047364281820227613m_5537743956143460925LPlnk115691\" title=\"https:\/\/xtec.gencat.cat\/ca\/formacio\/formaciogeneralprofessorat\/benestar-de-lalumnat\/habits-saludables\/#bloc1_c32f8497-2a31-11ef-8d72-005056ba51b2\" href=\"https:\/\/xtec.gencat.cat\/ca\/formacio\/formaciogeneralprofessorat\/benestar-de-lalumnat\/habits-saludables\/#bloc1_c32f8497-2a31-11ef-8d72-005056ba51b2\" target=\"_blank\" rel=\"noopener\" data-saferedirecturl=\"https:\/\/www.google.com\/url?q=https:\/\/xtec.gencat.cat\/ca\/formacio\/formaciogeneralprofessorat\/benestar-de-lalumnat\/habits-saludables\/%23bloc1_c32f8497-2a31-11ef-8d72-005056ba51b2&amp;source=gmail&amp;ust=1726034786207000&amp;usg=AOvVaw1pyI17gkkg7XXhutYBAWH5\"><\/a><a id=\"m_2627146728007599064m_1659089429530405205m_8587598287743078394m_-4621858889159857201m_7790725917151477534m_-6667672512754564762m_-4047364281820227613m_5537743956143460925LPlnk115691\" title=\"https:\/\/xtec.gencat.cat\/ca\/formacio\/formaciogeneralprofessorat\/benestar-de-lalumnat\/habits-saludables\/#bloc1_c32f8497-2a31-11ef-8d72-005056ba51b2\" href=\"https:\/\/xtec.gencat.cat\/ca\/formacio\/formaciogeneralprofessorat\/benestar-de-lalumnat\/habits-saludables\/#bloc1_c32f8497-2a31-11ef-8d72-005056ba51b2\" target=\"_blank\" rel=\"noopener\" data-saferedirecturl=\"https:\/\/www.google.com\/url?q=https:\/\/xtec.gencat.cat\/ca\/formacio\/formaciogeneralprofessorat\/benestar-de-lalumnat\/habits-saludables\/%23bloc1_c32f8497-2a31-11ef-8d72-005056ba51b2&amp;source=gmail&amp;ust=1726034786207000&amp;usg=AOvVaw1pyI17gkkg7XXhutYBAWH5\"><span class=\"gmail_default\">En aquest enlla\u00e7 podeu trobar m\u00e9s informaci\u00f3 sobre la conducta aliment\u00e0ria<\/span><\/a><br \/>\n<\/span><\/i><\/div>\n<div class=\"gmail_quote\"><span style=\"font-size: small;\">\u00a0<\/span><\/div>\n<div class=\"gmail_quote\"><span style=\"font-size: small;\">\u00a0<\/span><\/div>\n<div class=\"gmail_quote\">\n<table border=\"0\" width=\"575\" cellpadding=\"0\">\n<tbody>\n<tr>\n<td width=\"20\"><span style=\"font-size: small;\">\u00a0<\/span><\/td>\n<td>\n<table border=\"0\" width=\"100%\" cellspacing=\"0\" cellpadding=\"0\">\n<tbody>\n<tr>\n<td><span style=\"font-size: small;\"><b><a href=\"https:\/\/aplicacions.gestioeducativa.gencat.cat\/pls\/soloas\/pk_for_mod_ins.p_for_pre_cons_activitats?p_any=2023-2024&amp;p_codi=B000100519\" target=\"_blank\" rel=\"noopener\" data-saferedirecturl=\"https:\/\/www.google.com\/url?q=https:\/\/aplicacions.gestioeducativa.gencat.cat\/pls\/soloas\/pk_for_mod_ins.p_for_pre_cons_activitats?p_any%3D2023-2024%26p_codi%3DB000100519&amp;source=gmail&amp;ust=1726034786207000&amp;usg=AOvVaw1UqzD6Lg37FCA3ou6Q2tsM\">B000100519\u00a0\u00a0\u00a0La conducta su\u00efcida i la mort per su\u00efcidi en l&#8217;adolesc\u00e8ncia<\/a><\/b><\/span><\/td>\n<\/tr>\n<tr>\n<td><span style=\"font-size: small;\">El 2<span class=\"gmail_default\">2<\/span>\/1<span class=\"gmail_default\">0<\/span>\/202<span class=\"gmail_default\">4<\/span>\u00a0i el\u00a0\u00a0<span class=\"gmail_default\">29<\/span>\/1<span class=\"gmail_default\">0<\/span>\/202<span class=\"gmail_default\">4<\/span>\u00a0(5 hores) de 17:30h a 19:30h\u00a0<b>\u00a0Format online<\/b><br \/>\n<\/span><span style=\"font-size: large;\"><b>Termini d&#8217;inscripci\u00f3 fins al\u00a0<span class=\"gmail_default\">22 de setembre<\/span><\/b><\/span><\/td>\n<\/tr>\n<\/tbody>\n<\/table>\n<\/td>\n<\/tr>\n<\/tbody>\n<\/table>\n<\/div>\n<div class=\"gmail_quote\"><span style=\"font-size: small;\">\u00a0<\/span><\/div>\n<div class=\"gmail_quote\">\n<div>\n<p>La formaci\u00f3 la realitza\u00a0<span class=\"gmail_default\">Joan Roa<\/span>\u00a0de\u00a0l\u2019Associaci\u00f3 per la prevenci\u00f3 del su\u00efcidi i l&#8217;atenci\u00f3 al supervivent<span class=\"gmail_default\">\u00a0(<\/span><span class=\"gmail_default\">APSAS)<\/span><span class=\"gmail_default\">.<\/span><\/p>\n<p><b>Aquesta activitat\u00a0va\u00a0dirigida a professionals de l&#8217;educaci\u00f3\u00a0que treballen\u00a0amb alumnat de secund\u00e0ria<span class=\"gmail_default\">,\u00a0<\/span>Batxillerat,<span class=\"gmail_default\">\u00a0i<\/span>\u00a0orientadors<span class=\"gmail_default\">\/es<\/span>.<\/b><\/p>\n<p><b><\/b><span style=\"font-size: small;\"><a id=\"m_2627146728007599064m_1659089429530405205m_8587598287743078394m_-4621858889159857201m_7790725917151477534m_-6667672512754564762m_-4047364281820227613m_5537743956143460925LPlnk938198\" title=\"https:\/\/xtec.gencat.cat\/ca\/formacio\/formaciogeneralprofessorat\/benestar-de-lalumnat\/benestar-emocional\/#bloc1_fb1f4889-2a31-11ef-8d72-005056ba51b2\" href=\"https:\/\/xtec.gencat.cat\/ca\/formacio\/formaciogeneralprofessorat\/benestar-de-lalumnat\/benestar-emocional\/#bloc1_fb1f4889-2a31-11ef-8d72-005056ba51b2\" target=\"_blank\" rel=\"noopener\" data-saferedirecturl=\"https:\/\/www.google.com\/url?q=https:\/\/xtec.gencat.cat\/ca\/formacio\/formaciogeneralprofessorat\/benestar-de-lalumnat\/benestar-emocional\/%23bloc1_fb1f4889-2a31-11ef-8d72-005056ba51b2&amp;source=gmail&amp;ust=1726034786207000&amp;usg=AOvVaw3LkQfy0zvhYF5N1UzPW5fB\"><i><span class=\"gmail_default\">En aquest enlla\u00e7 podeu trobar m\u00e9s informaci\u00f3 sobre la\u00a0<\/span>\u00a0conducta su\u00efcida i la mort per su\u00efcidi en l&#8217;adolesc\u00e8ncia<\/i><\/a><\/span><\/p>\n<\/div>\n<\/div>\n","protected":false},"excerpt":{"rendered":"<p>Des del Servei d&#8217;Orientaci\u00f3 i Participaci\u00f3 de l&#8217;Alumnat, novament,\u00a0ens ofereixen les seg\u00fcents formacions:\u00a0 \u00a0 \u00a0 B000110519\u00a0\u00a0\u00a0C\u00e0psules\u00a0Els Trastorns de la Conducta [&hellip;]<\/p>\n","protected":false},"author":3,"featured_media":0,"comment_status":"closed","ping_status":"closed","sticky":false,"template":"","format":"standard","meta":{"_bbp_topic_count":0,"_bbp_reply_count":0,"_bbp_total_topic_count":0,"_bbp_total_reply_count":0,"_bbp_voice_count":0,"_bbp_anonymous_reply_count":0,"_bbp_topic_count_hidden":0,"_bbp_reply_count_hidden":0,"_bbp_forum_subforum_count":0,"site-sidebar-layout":"default","site-content-layout":"","ast-site-content-layout":"","site-content-style":"default","site-sidebar-style":"default","ast-global-header-display":"","ast-banner-title-visibility":"","ast-main-header-display":"","ast-hfb-above-header-display":"","ast-hfb-below-header-display":"","ast-hfb-mobile-header-display":"","site-post-title":"","ast-breadcrumbs-content":"","ast-featured-img":"","footer-sml-layout":"","theme-transparent-header-meta":"","adv-header-id-meta":"","stick-header-meta":"","header-above-stick-meta":"","header-main-stick-meta":"","header-below-stick-meta":"","astra-migrate-meta-layouts":"default","ast-page-background-enabled":"default","ast-page-background-meta":{"desktop":{"background-color":"var(--ast-global-color-4)","background-image":"","background-repeat":"repeat","background-position":"center center","background-size":"auto","background-attachment":"scroll","background-type":"","background-media":"","overlay-type":"","overlay-color":"","overlay-opacity":"","overlay-gradient":""},"tablet":{"background-color":"","background-image":"","background-repeat":"repeat","background-position":"center center","background-size":"auto","background-attachment":"scroll","background-type":"","background-media":"","overlay-type":"","overlay-color":"","overlay-opacity":"","overlay-gradient":""},"mobile":{"background-color":"","background-image":"","background-repeat":"repeat","background-position":"center center","background-size":"auto","background-attachment":"scroll","background-type":"","background-media":"","overlay-type":"","overlay-color":"","overlay-opacity":"","overlay-gradient":""}},"ast-content-background-meta":{"desktop":{"background-color":"var(--ast-global-color-5)","background-image":"","background-repeat":"repeat","background-position":"center center","background-size":"auto","background-attachment":"scroll","background-type":"","background-media":"","overlay-type":"","overlay-color":"","overlay-opacity":"","overlay-gradient":""},"tablet":{"background-color":"var(--ast-global-color-5)","background-image":"","background-repeat":"repeat","background-position":"center center","background-size":"auto","background-attachment":"scroll","background-type":"","background-media":"","overlay-type":"","overlay-color":"","overlay-opacity":"","overlay-gradient":""},"mobile":{"background-color":"var(--ast-global-color-5)","background-image":"","background-repeat":"repeat","background-position":"center center","background-size":"auto","background-attachment":"scroll","background-type":"","background-media":"","overlay-type":"","overlay-color":"","overlay-opacity":"","overlay-gradient":""}},"footnotes":""},"categories":[288,29],"tags":[],"class_list":["post-10484","post","type-post","status-publish","format-standard","hentry","category-formaciopermanent","category-portada"],"post_mailing_queue_ids":[],"_links":{"self":[{"href":"https:\/\/serveiseducatius.xtec.cat\/catalunyacentral\/wp-json\/wp\/v2\/posts\/10484","targetHints":{"allow":["GET"]}}],"collection":[{"href":"https:\/\/serveiseducatius.xtec.cat\/catalunyacentral\/wp-json\/wp\/v2\/posts"}],"about":[{"href":"https:\/\/serveiseducatius.xtec.cat\/catalunyacentral\/wp-json\/wp\/v2\/types\/post"}],"author":[{"embeddable":true,"href":"https:\/\/serveiseducatius.xtec.cat\/catalunyacentral\/wp-json\/wp\/v2\/users\/3"}],"replies":[{"embeddable":true,"href":"https:\/\/serveiseducatius.xtec.cat\/catalunyacentral\/wp-json\/wp\/v2\/comments?post=10484"}],"version-history":[{"count":2,"href":"https:\/\/serveiseducatius.xtec.cat\/catalunyacentral\/wp-json\/wp\/v2\/posts\/10484\/revisions"}],"predecessor-version":[{"id":10486,"href":"https:\/\/serveiseducatius.xtec.cat\/catalunyacentral\/wp-json\/wp\/v2\/posts\/10484\/revisions\/10486"}],"wp:attachment":[{"href":"https:\/\/serveiseducatius.xtec.cat\/catalunyacentral\/wp-json\/wp\/v2\/media?parent=10484"}],"wp:term":[{"taxonomy":"category","embeddable":true,"href":"https:\/\/serveiseducatius.xtec.cat\/catalunyacentral\/wp-json\/wp\/v2\/categories?post=10484"},{"taxonomy":"post_tag","embeddable":true,"href":"https:\/\/serveiseducatius.xtec.cat\/catalunyacentral\/wp-json\/wp\/v2\/tags?post=10484"}],"curies":[{"name":"wp","href":"https:\/\/api.w.org\/{rel}","templated":true}]}}