{"id":10434,"date":"2024-06-14T08:30:19","date_gmt":"2024-06-14T06:30:19","guid":{"rendered":"https:\/\/serveiseducatius.xtec.cat\/catalunyacentral\/?p=10434"},"modified":"2024-06-14T08:30:19","modified_gmt":"2024-06-14T06:30:19","slug":"nou-espai-web-amb-recursos-relacionats-amb-lorientacio-la-participacio-el-benestar-de-lalumnat-i-labordatge-de-les-violencies","status":"publish","type":"post","link":"https:\/\/serveiseducatius.xtec.cat\/catalunyacentral\/portada\/nou-espai-web-amb-recursos-relacionats-amb-lorientacio-la-participacio-el-benestar-de-lalumnat-i-labordatge-de-les-violencies\/","title":{"rendered":"Nou espai web amb recursos relacionats amb l\u2019orientaci\u00f3, la participaci\u00f3, el benestar de l\u2019alumnat i l\u2019abordatge de les viol\u00e8ncies"},"content":{"rendered":"<p>Us fem arribar una nova iniciativa de la Direcci\u00f3 General de l\u2019Alumnat en relaci\u00f3 a l&#8217;abordatge de les viol\u00e8ncies a l&#8217;\u00e0mbit educatiu.<\/p>\n<p>S&#8217;ha creat un <u><a href=\"https:\/\/projectes.xtec.cat\/alumnat\/\" data-saferedirecturl=\"https:\/\/www.google.com\/url?q=https:\/\/projectes.xtec.cat\/alumnat\/&amp;source=gmail&amp;ust=1718431431672000&amp;usg=AOvVaw3PZgEXr_1RQi047ABU_u0K\">nou espai web<\/a><\/u>\u00a0on es poden trobar tota mena de recursos relacionats amb l<strong>\u2019orientaci\u00f3, la participaci\u00f3, el benestar de l\u2019alumnat i l\u2019abordatge de les viol\u00e8ncies. <\/strong>Aquest espai web ofereix els continguts per\u00a0<strong>\u00e0mbits:\u00a0<\/strong>orientaci\u00f3, participaci\u00f3, benestar i viol\u00e8ncies.\u00a0Aix\u00ed mateix,\u00a0s\u2019han\u00a0creat uns<strong>\u00a0filtres avan\u00e7ats<\/strong> per trobar la informaci\u00f3 necess\u00e0ria de manera m\u00e9s eficient. En destaquen el de<strong>\u00a0Rol i Etapa educativa.<\/strong><\/p>\n<p>Finalment, tamb\u00e9 hi trobareu els apartats d\u2019esdeveniments<strong>, formacions, not\u00edcies i agenda.<\/strong><\/p>\n<p>Us animem a visitar la p\u00e0gina web <u><a href=\"https:\/\/projectes.xtec.cat\/alumnat\/\" data-saferedirecturl=\"https:\/\/www.google.com\/url?q=https:\/\/projectes.xtec.cat\/alumnat\/&amp;source=gmail&amp;ust=1718431431672000&amp;usg=AOvVaw3PZgEXr_1RQi047ABU_u0K\">https:\/\/projectes.xtec.cat\/alumnat\/<\/a><\/u> i a subscriure-us-hi per estar al dia de totes les novetats.<\/p>\n","protected":false},"excerpt":{"rendered":"<p>Us fem arribar una nova iniciativa de la Direcci\u00f3 General de l\u2019Alumnat en relaci\u00f3 a l&#8217;abordatge de les viol\u00e8ncies a [&hellip;]<\/p>\n","protected":false},"author":3,"featured_media":0,"comment_status":"closed","ping_status":"closed","sticky":false,"template":"","format":"standard","meta":{"_bbp_topic_count":0,"_bbp_reply_count":0,"_bbp_total_topic_count":0,"_bbp_total_reply_count":0,"_bbp_voice_count":0,"_bbp_anonymous_reply_count":0,"_bbp_topic_count_hidden":0,"_bbp_reply_count_hidden":0,"_bbp_forum_subforum_count":0,"site-sidebar-layout":"default","site-content-layout":"","ast-site-content-layout":"","site-content-style":"default","site-sidebar-style":"default","ast-global-header-display":"","ast-banner-title-visibility":"","ast-main-header-display":"","ast-hfb-above-header-display":"","ast-hfb-below-header-display":"","ast-hfb-mobile-header-display":"","site-post-title":"","ast-breadcrumbs-content":"","ast-featured-img":"","footer-sml-layout":"","theme-transparent-header-meta":"","adv-header-id-meta":"","stick-header-meta":"","header-above-stick-meta":"","header-main-stick-meta":"","header-below-stick-meta":"","astra-migrate-meta-layouts":"default","ast-page-background-enabled":"default","ast-page-background-meta":{"desktop":{"background-color":"var(--ast-global-color-4)","background-image":"","background-repeat":"repeat","background-position":"center center","background-size":"auto","background-attachment":"scroll","background-type":"","background-media":"","overlay-type":"","overlay-color":"","overlay-opacity":"","overlay-gradient":""},"tablet":{"background-color":"","background-image":"","background-repeat":"repeat","background-position":"center center","background-size":"auto","background-attachment":"scroll","background-type":"","background-media":"","overlay-type":"","overlay-color":"","overlay-opacity":"","overlay-gradient":""},"mobile":{"background-color":"","background-image":"","background-repeat":"repeat","background-position":"center center","background-size":"auto","background-attachment":"scroll","background-type":"","background-media":"","overlay-type":"","overlay-color":"","overlay-opacity":"","overlay-gradient":""}},"ast-content-background-meta":{"desktop":{"background-color":"var(--ast-global-color-5)","background-image":"","background-repeat":"repeat","background-position":"center center","background-size":"auto","background-attachment":"scroll","background-type":"","background-media":"","overlay-type":"","overlay-color":"","overlay-opacity":"","overlay-gradient":""},"tablet":{"background-color":"var(--ast-global-color-5)","background-image":"","background-repeat":"repeat","background-position":"center center","background-size":"auto","background-attachment":"scroll","background-type":"","background-media":"","overlay-type":"","overlay-color":"","overlay-opacity":"","overlay-gradient":""},"mobile":{"background-color":"var(--ast-global-color-5)","background-image":"","background-repeat":"repeat","background-position":"center center","background-size":"auto","background-attachment":"scroll","background-type":"","background-media":"","overlay-type":"","overlay-color":"","overlay-opacity":"","overlay-gradient":""}},"footnotes":""},"categories":[392,29],"tags":[],"class_list":["post-10434","post","type-post","status-publish","format-standard","hentry","category-intervencioviolencies","category-portada"],"post_mailing_queue_ids":[],"_links":{"self":[{"href":"https:\/\/serveiseducatius.xtec.cat\/catalunyacentral\/wp-json\/wp\/v2\/posts\/10434","targetHints":{"allow":["GET"]}}],"collection":[{"href":"https:\/\/serveiseducatius.xtec.cat\/catalunyacentral\/wp-json\/wp\/v2\/posts"}],"about":[{"href":"https:\/\/serveiseducatius.xtec.cat\/catalunyacentral\/wp-json\/wp\/v2\/types\/post"}],"author":[{"embeddable":true,"href":"https:\/\/serveiseducatius.xtec.cat\/catalunyacentral\/wp-json\/wp\/v2\/users\/3"}],"replies":[{"embeddable":true,"href":"https:\/\/serveiseducatius.xtec.cat\/catalunyacentral\/wp-json\/wp\/v2\/comments?post=10434"}],"version-history":[{"count":1,"href":"https:\/\/serveiseducatius.xtec.cat\/catalunyacentral\/wp-json\/wp\/v2\/posts\/10434\/revisions"}],"predecessor-version":[{"id":10435,"href":"https:\/\/serveiseducatius.xtec.cat\/catalunyacentral\/wp-json\/wp\/v2\/posts\/10434\/revisions\/10435"}],"wp:attachment":[{"href":"https:\/\/serveiseducatius.xtec.cat\/catalunyacentral\/wp-json\/wp\/v2\/media?parent=10434"}],"wp:term":[{"taxonomy":"category","embeddable":true,"href":"https:\/\/serveiseducatius.xtec.cat\/catalunyacentral\/wp-json\/wp\/v2\/categories?post=10434"},{"taxonomy":"post_tag","embeddable":true,"href":"https:\/\/serveiseducatius.xtec.cat\/catalunyacentral\/wp-json\/wp\/v2\/tags?post=10434"}],"curies":[{"name":"wp","href":"https:\/\/api.w.org\/{rel}","templated":true}]}}