{"id":10412,"date":"2024-05-13T14:42:07","date_gmt":"2024-05-13T12:42:07","guid":{"rendered":"https:\/\/serveiseducatius.xtec.cat\/catalunyacentral\/?p=10412"},"modified":"2024-05-13T14:42:07","modified_gmt":"2024-05-13T12:42:07","slug":"6a-sessio-xtte-la-competencia-transversal-emprenedora-tancament-de-la-xtte-i-tancament-del-programa-inn-pacte","status":"publish","type":"post","link":"https:\/\/serveiseducatius.xtec.cat\/catalunyacentral\/portada\/6a-sessio-xtte-la-competencia-transversal-emprenedora-tancament-de-la-xtte-i-tancament-del-programa-inn-pacte\/","title":{"rendered":"6a sessi\u00f3 XTTE La Compet\u00e8ncia Transversal Emprenedora, Tancament de la XTTE i Tancament del Programa INN PACTE"},"content":{"rendered":"<p>El passat 8 de maig, va tenir lloc la sisena sessi\u00f3 de la XTTE a la Catalunya Central. Es va treballar:<\/p>\n<ul>\n<li><strong>l<\/strong>a compet\u00e8ncia emprenedora dins del nou curr\u00edculum.<\/li>\n<li>Tancament de la xarxa territorial de transformaci\u00f3 educativa<\/li>\n<li>Tancament del Programa PAcTE<\/li>\n<\/ul>\n<p>Vam abordar <strong>la compet\u00e8ncia emprenedora<\/strong> a trav\u00e9s de la taula rodona \u201cL\u2019emprenedoria a prim\u00e0ria i secund\u00e0ria\u201d amb representants del territori, amb agents i t\u00e8cnics experts per a parlar, dialogar i reflexionar, a m\u00e9s de donar a con\u00e8ixer la tasca del treball de la cultura emprenedora a l\u2019aula.<\/p>\n<p>Els centres: l\u2019escola de la Valldan de Berga, l\u2019I-E Moss\u00e8n Cinto de Folgueroles i l\u2019I-E Sant Jordi de Nav\u00e0s, van presentar els seus projectes on queda clara la import\u00e0ncia de la compet\u00e8ncia emprenedora a l\u2019aula.<\/p>\n<p>Es va fer <strong>el tancament de la XTTE,<\/strong> fent un rep\u00e0s dels continguts treballats a les sessions. S\u2019ha treballat unes infografies de les compet\u00e8ncies transversals a prim\u00e0ria i secund\u00e0ria, fruit del treball de tots els participants. (<a href=\"https:\/\/drive.google.com\/drive\/folders\/1MfBFE6D0ycTUi_ibCJ_xiUAynC4OoX6e?usp=sharing\">enlla\u00e7 infografies)<\/a><\/p>\n<p>A m\u00e9s, va tenir lloc <strong>l\u2019acte de tancament del programa d\u2019Innovaci\u00f3 Pedag\u00f2gica<\/strong> d\u2019Acceleraci\u00f3 de la Transformaci\u00f3 Educativa, eines per al canvi (PAcTE) i va comptar amb la intervenci\u00f3 del Sr. Manel Merino i Valencia Cap de Serveis d\u2019Innovaci\u00f3 Educativa del Departament d\u2019Educaci\u00f3.<\/p>\n<p>Des d\u2019aqu\u00ed, volem agrair la participaci\u00f3 de totes les participants a la taula rodona, els centres participants en l\u2019exposici\u00f3 de bones pr\u00e0ctiques i a tots i totes per participar activament a la xarxa de transformaci\u00f3 educativa.<\/p>\n<p>Moltes gr\u00e0cies.<\/p>\n<p><img loading=\"lazy\" decoding=\"async\" class=\"aligncenter size-large wp-image-10413\" src=\"https:\/\/serveiseducatius.xtec.cat\/catalunyacentral\/wp-content\/uploads\/usu2513\/2024\/05\/foto-grup-Tancament-PACTE-21-24-1024x450.jpeg\" alt=\"\" width=\"1024\" height=\"450\" srcset=\"https:\/\/serveiseducatius.xtec.cat\/catalunyacentral\/wp-content\/uploads\/usu2513\/2024\/05\/foto-grup-Tancament-PACTE-21-24-1024x450.jpeg 1024w, https:\/\/serveiseducatius.xtec.cat\/catalunyacentral\/wp-content\/uploads\/usu2513\/2024\/05\/foto-grup-Tancament-PACTE-21-24-300x132.jpeg 300w, https:\/\/serveiseducatius.xtec.cat\/catalunyacentral\/wp-content\/uploads\/usu2513\/2024\/05\/foto-grup-Tancament-PACTE-21-24-768x337.jpeg 768w, https:\/\/serveiseducatius.xtec.cat\/catalunyacentral\/wp-content\/uploads\/usu2513\/2024\/05\/foto-grup-Tancament-PACTE-21-24.jpeg 1243w\" sizes=\"auto, (max-width: 1024px) 100vw, 1024px\" \/><\/p>\n","protected":false},"excerpt":{"rendered":"<p>El passat 8 de maig, va tenir lloc la sisena sessi\u00f3 de la XTTE a la Catalunya Central. Es va [&hellip;]<\/p>\n","protected":false},"author":3,"featured_media":0,"comment_status":"open","ping_status":"closed","sticky":false,"template":"","format":"standard","meta":{"_bbp_topic_count":0,"_bbp_reply_count":0,"_bbp_total_topic_count":0,"_bbp_total_reply_count":0,"_bbp_voice_count":0,"_bbp_anonymous_reply_count":0,"_bbp_topic_count_hidden":0,"_bbp_reply_count_hidden":0,"_bbp_forum_subforum_count":0,"site-sidebar-layout":"default","site-content-layout":"","ast-site-content-layout":"","site-content-style":"default","site-sidebar-style":"default","ast-global-header-display":"","ast-banner-title-visibility":"","ast-main-header-display":"","ast-hfb-above-header-display":"","ast-hfb-below-header-display":"","ast-hfb-mobile-header-display":"","site-post-title":"","ast-breadcrumbs-content":"","ast-featured-img":"","footer-sml-layout":"","theme-transparent-header-meta":"","adv-header-id-meta":"","stick-header-meta":"","header-above-stick-meta":"","header-main-stick-meta":"","header-below-stick-meta":"","astra-migrate-meta-layouts":"default","ast-page-background-enabled":"default","ast-page-background-meta":{"desktop":{"background-color":"var(--ast-global-color-4)","background-image":"","background-repeat":"repeat","background-position":"center center","background-size":"auto","background-attachment":"scroll","background-type":"","background-media":"","overlay-type":"","overlay-color":"","overlay-opacity":"","overlay-gradient":""},"tablet":{"background-color":"","background-image":"","background-repeat":"repeat","background-position":"center center","background-size":"auto","background-attachment":"scroll","background-type":"","background-media":"","overlay-type":"","overlay-color":"","overlay-opacity":"","overlay-gradient":""},"mobile":{"background-color":"","background-image":"","background-repeat":"repeat","background-position":"center center","background-size":"auto","background-attachment":"scroll","background-type":"","background-media":"","overlay-type":"","overlay-color":"","overlay-opacity":"","overlay-gradient":""}},"ast-content-background-meta":{"desktop":{"background-color":"var(--ast-global-color-5)","background-image":"","background-repeat":"repeat","background-position":"center center","background-size":"auto","background-attachment":"scroll","background-type":"","background-media":"","overlay-type":"","overlay-color":"","overlay-opacity":"","overlay-gradient":""},"tablet":{"background-color":"var(--ast-global-color-5)","background-image":"","background-repeat":"repeat","background-position":"center center","background-size":"auto","background-attachment":"scroll","background-type":"","background-media":"","overlay-type":"","overlay-color":"","overlay-opacity":"","overlay-gradient":""},"mobile":{"background-color":"var(--ast-global-color-5)","background-image":"","background-repeat":"repeat","background-position":"center center","background-size":"auto","background-attachment":"scroll","background-type":"","background-media":"","overlay-type":"","overlay-color":"","overlay-opacity":"","overlay-gradient":""}},"footnotes":""},"categories":[285,29],"tags":[],"class_list":["post-10412","post","type-post","status-publish","format-standard","hentry","category-innovacio","category-portada"],"post_mailing_queue_ids":[],"_links":{"self":[{"href":"https:\/\/serveiseducatius.xtec.cat\/catalunyacentral\/wp-json\/wp\/v2\/posts\/10412","targetHints":{"allow":["GET"]}}],"collection":[{"href":"https:\/\/serveiseducatius.xtec.cat\/catalunyacentral\/wp-json\/wp\/v2\/posts"}],"about":[{"href":"https:\/\/serveiseducatius.xtec.cat\/catalunyacentral\/wp-json\/wp\/v2\/types\/post"}],"author":[{"embeddable":true,"href":"https:\/\/serveiseducatius.xtec.cat\/catalunyacentral\/wp-json\/wp\/v2\/users\/3"}],"replies":[{"embeddable":true,"href":"https:\/\/serveiseducatius.xtec.cat\/catalunyacentral\/wp-json\/wp\/v2\/comments?post=10412"}],"version-history":[{"count":1,"href":"https:\/\/serveiseducatius.xtec.cat\/catalunyacentral\/wp-json\/wp\/v2\/posts\/10412\/revisions"}],"predecessor-version":[{"id":10414,"href":"https:\/\/serveiseducatius.xtec.cat\/catalunyacentral\/wp-json\/wp\/v2\/posts\/10412\/revisions\/10414"}],"wp:attachment":[{"href":"https:\/\/serveiseducatius.xtec.cat\/catalunyacentral\/wp-json\/wp\/v2\/media?parent=10412"}],"wp:term":[{"taxonomy":"category","embeddable":true,"href":"https:\/\/serveiseducatius.xtec.cat\/catalunyacentral\/wp-json\/wp\/v2\/categories?post=10412"},{"taxonomy":"post_tag","embeddable":true,"href":"https:\/\/serveiseducatius.xtec.cat\/catalunyacentral\/wp-json\/wp\/v2\/tags?post=10412"}],"curies":[{"name":"wp","href":"https:\/\/api.w.org\/{rel}","templated":true}]}}