{"id":10396,"date":"2024-04-11T08:11:03","date_gmt":"2024-04-11T06:11:03","guid":{"rendered":"https:\/\/serveiseducatius.xtec.cat\/catalunyacentral\/?p=10396"},"modified":"2024-04-10T14:20:01","modified_gmt":"2024-04-10T12:20:01","slug":"abordatge-de-la-mutilacio-genital-femenina-i-els-matrimonis-forcats-als-centres-educatius-xerrada","status":"publish","type":"post","link":"https:\/\/serveiseducatius.xtec.cat\/catalunyacentral\/portada\/abordatge-de-la-mutilacio-genital-femenina-i-els-matrimonis-forcats-als-centres-educatius-xerrada\/","title":{"rendered":"Abordatge de la mutilaci\u00f3 genital femenina i els matrimonis for\u00e7ats als centres educatius &#8211; Xerrada"},"content":{"rendered":"<p>Des dels Serveis Educatius a la Catalunya Central hem organitzat una xerrada sota el t\u00edtol &#8220;<b>Abordatge de la mutilaci\u00f3 genital femenina i els matrimonis for\u00e7ats als centres educatius<\/b>&#8220;, la qual es realitzar\u00e0 el\u00a0<b>dilluns 29 d&#8217;abril\u00a0<\/b>de\u00a0<b>2\/4 de 5 a 2\/4 de 7<\/b>, a la\u00a0<b>Sala d&#8217;Actes dels Serveis Territorials d&#8217;Educaci\u00f3 a la Catalunya Centra<\/b>l (Carretera de Vic 175-177, Manresa), en\u00a0<b>format presencial.<\/b><\/p>\n<p>Els objectius d&#8217;aquesta xerrada s\u00f3n donar una pinzellada sobre\u00a0<b>qu\u00e8 \u00e9s la mutilaci\u00f3 genital femenina (MGF) i els matrimonis for\u00e7ats<\/b>, i\u00a0<b>orientar als docents<\/b>\u00a0de Catalunya Central de diferents etapes educatives sobre els\u00a0<b>procediments\u00a0<\/b>i\u00a0<b>accions\u00a0<\/b>que es poden dur a terme en cas de\u00a0<b>detectar un possible cas o situaci\u00f3 de risc\u00a0<\/b>relacionada amb aquest \u00e0mbit.<\/p>\n<p>Podeu fer la inscripci\u00f3 a la xerrada fent clic\u00a0<a href=\"https:\/\/aplicacions.gestioeducativa.gencat.cat\/pls\/soloas\/pk_for_mod_ins.p_for_pre_cons_activitats?p_any=2023-2024&amp;p_codi=B00275050B\" target=\"_blank\" rel=\"noopener\" data-saferedirecturl=\"https:\/\/www.google.com\/url?q=https:\/\/aplicacions.gestioeducativa.gencat.cat\/pls\/soloas\/pk_for_mod_ins.p_for_pre_cons_activitats?p_any%3D2023-2024%26p_codi%3DB00275050B&amp;source=gmail&amp;ust=1712837243229000&amp;usg=AOvVaw3u-rINFDoMGKWQ_fU1vMey\">aqu\u00ed<\/a>.<\/p>\n<p>Per a qualsevol consulta relacionada amb la xerrada podeu escriure a l&#8217;adre\u00e7a lelvcatcentral@xtec.cat.<\/p>\n","protected":false},"excerpt":{"rendered":"<p>Des dels Serveis Educatius a la Catalunya Central hem organitzat una xerrada sota el t\u00edtol &#8220;Abordatge de la mutilaci\u00f3 genital [&hellip;]<\/p>\n","protected":false},"author":3,"featured_media":0,"comment_status":"closed","ping_status":"closed","sticky":false,"template":"","format":"standard","meta":{"_bbp_topic_count":0,"_bbp_reply_count":0,"_bbp_total_topic_count":0,"_bbp_total_reply_count":0,"_bbp_voice_count":0,"_bbp_anonymous_reply_count":0,"_bbp_topic_count_hidden":0,"_bbp_reply_count_hidden":0,"_bbp_forum_subforum_count":0,"site-sidebar-layout":"default","site-content-layout":"","ast-site-content-layout":"","site-content-style":"default","site-sidebar-style":"default","ast-global-header-display":"","ast-banner-title-visibility":"","ast-main-header-display":"","ast-hfb-above-header-display":"","ast-hfb-below-header-display":"","ast-hfb-mobile-header-display":"","site-post-title":"","ast-breadcrumbs-content":"","ast-featured-img":"","footer-sml-layout":"","theme-transparent-header-meta":"","adv-header-id-meta":"","stick-header-meta":"","header-above-stick-meta":"","header-main-stick-meta":"","header-below-stick-meta":"","astra-migrate-meta-layouts":"default","ast-page-background-enabled":"default","ast-page-background-meta":{"desktop":{"background-color":"var(--ast-global-color-4)","background-image":"","background-repeat":"repeat","background-position":"center center","background-size":"auto","background-attachment":"scroll","background-type":"","background-media":"","overlay-type":"","overlay-color":"","overlay-opacity":"","overlay-gradient":""},"tablet":{"background-color":"","background-image":"","background-repeat":"repeat","background-position":"center center","background-size":"auto","background-attachment":"scroll","background-type":"","background-media":"","overlay-type":"","overlay-color":"","overlay-opacity":"","overlay-gradient":""},"mobile":{"background-color":"","background-image":"","background-repeat":"repeat","background-position":"center center","background-size":"auto","background-attachment":"scroll","background-type":"","background-media":"","overlay-type":"","overlay-color":"","overlay-opacity":"","overlay-gradient":""}},"ast-content-background-meta":{"desktop":{"background-color":"var(--ast-global-color-5)","background-image":"","background-repeat":"repeat","background-position":"center center","background-size":"auto","background-attachment":"scroll","background-type":"","background-media":"","overlay-type":"","overlay-color":"","overlay-opacity":"","overlay-gradient":""},"tablet":{"background-color":"var(--ast-global-color-5)","background-image":"","background-repeat":"repeat","background-position":"center center","background-size":"auto","background-attachment":"scroll","background-type":"","background-media":"","overlay-type":"","overlay-color":"","overlay-opacity":"","overlay-gradient":""},"mobile":{"background-color":"var(--ast-global-color-5)","background-image":"","background-repeat":"repeat","background-position":"center center","background-size":"auto","background-attachment":"scroll","background-type":"","background-media":"","overlay-type":"","overlay-color":"","overlay-opacity":"","overlay-gradient":""}},"footnotes":""},"categories":[286,29],"tags":[],"class_list":["post-10396","post","type-post","status-publish","format-standard","hentry","category-inclusio","category-portada"],"post_mailing_queue_ids":[],"_links":{"self":[{"href":"https:\/\/serveiseducatius.xtec.cat\/catalunyacentral\/wp-json\/wp\/v2\/posts\/10396","targetHints":{"allow":["GET"]}}],"collection":[{"href":"https:\/\/serveiseducatius.xtec.cat\/catalunyacentral\/wp-json\/wp\/v2\/posts"}],"about":[{"href":"https:\/\/serveiseducatius.xtec.cat\/catalunyacentral\/wp-json\/wp\/v2\/types\/post"}],"author":[{"embeddable":true,"href":"https:\/\/serveiseducatius.xtec.cat\/catalunyacentral\/wp-json\/wp\/v2\/users\/3"}],"replies":[{"embeddable":true,"href":"https:\/\/serveiseducatius.xtec.cat\/catalunyacentral\/wp-json\/wp\/v2\/comments?post=10396"}],"version-history":[{"count":2,"href":"https:\/\/serveiseducatius.xtec.cat\/catalunyacentral\/wp-json\/wp\/v2\/posts\/10396\/revisions"}],"predecessor-version":[{"id":10398,"href":"https:\/\/serveiseducatius.xtec.cat\/catalunyacentral\/wp-json\/wp\/v2\/posts\/10396\/revisions\/10398"}],"wp:attachment":[{"href":"https:\/\/serveiseducatius.xtec.cat\/catalunyacentral\/wp-json\/wp\/v2\/media?parent=10396"}],"wp:term":[{"taxonomy":"category","embeddable":true,"href":"https:\/\/serveiseducatius.xtec.cat\/catalunyacentral\/wp-json\/wp\/v2\/categories?post=10396"},{"taxonomy":"post_tag","embeddable":true,"href":"https:\/\/serveiseducatius.xtec.cat\/catalunyacentral\/wp-json\/wp\/v2\/tags?post=10396"}],"curies":[{"name":"wp","href":"https:\/\/api.w.org\/{rel}","templated":true}]}}