{"id":10389,"date":"2024-04-05T11:24:02","date_gmt":"2024-04-05T09:24:02","guid":{"rendered":"https:\/\/serveiseducatius.xtec.cat\/catalunyacentral\/?p=10389"},"modified":"2024-04-05T15:04:41","modified_gmt":"2024-04-05T13:04:41","slug":"5a-sessio-xtte-les-habilitats-toves-a-carrec-de-la-professora-meritxell-cano-autet","status":"publish","type":"post","link":"https:\/\/serveiseducatius.xtec.cat\/catalunyacentral\/portada\/5a-sessio-xtte-les-habilitats-toves-a-carrec-de-la-professora-meritxell-cano-autet\/","title":{"rendered":"5a sessi\u00f3 XTTE: Les habilitats toves, a c\u00e0rrec de la professora Meritxell Cano Autet"},"content":{"rendered":"<p style=\"text-align: left;\"><span data-contrast=\"auto\">El passat 3 d\u2019abril, va tenir lloc la cinquena sessi\u00f3 de la XTTE a la Catalunya Central. Es va treballar en <\/span><b><span data-contrast=\"auto\">el nou curr\u00edculum les soft-skills<\/span><\/b> <b><span data-contrast=\"auto\">que <\/span><\/b><b><span data-contrast=\"auto\">corresponen<\/span><\/b><span data-contrast=\"auto\"> a les compet\u00e8ncies transversals: personal, social, aprendre a aprendre i la compet\u00e8ncia emprenedora).<\/span><span data-ccp-props=\"{&quot;201341983&quot;:0,&quot;335551550&quot;:6,&quot;335551620&quot;:6,&quot;335559739&quot;:160,&quot;335559740&quot;:360}\">\u00a0<\/span><\/p>\n<p style=\"text-align: left;\"><span data-contrast=\"auto\">Les habilitats toves, <\/span><b><span data-contrast=\"auto\">representen una combinaci\u00f3 din\u00e0mica d\u2019habilitats cognitives i metacognitives, interpersonals, intel\u00b7lectuals i pr\u00e0ctiques<\/span><\/b><span data-contrast=\"auto\">.\u00a0<\/span><span data-ccp-props=\"{&quot;201341983&quot;:0,&quot;335551550&quot;:6,&quot;335551620&quot;:6,&quot;335559739&quot;:160,&quot;335559740&quot;:360}\">\u00a0<\/span><\/p>\n<p style=\"text-align: left;\"><b><span data-contrast=\"auto\">Les m\u00e9s destacades<\/span><\/b><span data-contrast=\"auto\"> s\u00f3n: comunicaci\u00f3, treball en equip, negociaci\u00f3, assertivitat, lideratge, escolat activa, resoluci\u00f3 de conflictes, habilitats per donar feedback, \u00e8tica i bones maneres, responsabilitat, resoluci\u00f3 de problemes, presa de decisions, creativitat, flexibilitat, pensament cr\u00edtic &#8230; <\/span><i><span data-contrast=\"auto\">Bhatnagar i Bhatnagar (2012)<\/span><\/i><span data-ccp-props=\"{&quot;201341983&quot;:0,&quot;335551550&quot;:6,&quot;335551620&quot;:6,&quot;335559739&quot;:160,&quot;335559740&quot;:360}\">\u00a0<\/span><\/p>\n<p style=\"text-align: left;\"><span data-contrast=\"auto\">La traducci\u00f3 educativa <\/span><span data-contrast=\"auto\">t\u00e9<\/span><span data-contrast=\"auto\">, agafant diferents models, les classifica <\/span><span data-contrast=\"auto\">en tres grans grups:\u00a0<\/span><span data-ccp-props=\"{&quot;201341983&quot;:0,&quot;335551550&quot;:6,&quot;335551620&quot;:6,&quot;335559739&quot;:160,&quot;335559740&quot;:360}\">\u00a0<\/span><\/p>\n<ol style=\"text-align: left;\">\n<li data-leveltext=\"%1-\" data-font=\"Arial\" data-listid=\"1\" data-list-defn-props=\"{&quot;335552541&quot;:0,&quot;335559685&quot;:720,&quot;335559991&quot;:360,&quot;469769242&quot;:[65533,0],&quot;469777803&quot;:&quot;left&quot;,&quot;469777804&quot;:&quot;%1-&quot;,&quot;469777815&quot;:&quot;hybridMultilevel&quot;}\" aria-setsize=\"-1\" data-aria-posinset=\"1\" data-aria-level=\"1\"><b><span data-contrast=\"auto\">Habilitats socials \/relacionals<\/span><\/b><span data-ccp-props=\"{&quot;201341983&quot;:0,&quot;335551550&quot;:6,&quot;335551620&quot;:6,&quot;335559739&quot;:160,&quot;335559740&quot;:360}\">\u00a0<\/span><\/li>\n<li data-leveltext=\"%1-\" data-font=\"Arial\" data-listid=\"1\" data-list-defn-props=\"{&quot;335552541&quot;:0,&quot;335559685&quot;:720,&quot;335559991&quot;:360,&quot;469769242&quot;:[65533,0],&quot;469777803&quot;:&quot;left&quot;,&quot;469777804&quot;:&quot;%1-&quot;,&quot;469777815&quot;:&quot;hybridMultilevel&quot;}\" aria-setsize=\"-1\" data-aria-posinset=\"1\" data-aria-level=\"1\"><b><span data-contrast=\"auto\">Habilitats \/ destreses de pensament<\/span><\/b><\/li>\n<li data-leveltext=\"%1-\" data-font=\"Arial\" data-listid=\"1\" data-list-defn-props=\"{&quot;335552541&quot;:0,&quot;335559685&quot;:720,&quot;335559991&quot;:360,&quot;469769242&quot;:[65533,0],&quot;469777803&quot;:&quot;left&quot;,&quot;469777804&quot;:&quot;%1-&quot;,&quot;469777815&quot;:&quot;hybridMultilevel&quot;}\" aria-setsize=\"-1\" data-aria-posinset=\"1\" data-aria-level=\"1\"><b><span data-contrast=\"auto\">Habilitats personals<\/span><\/b><span data-ccp-props=\"{&quot;201341983&quot;:0,&quot;335551550&quot;:6,&quot;335551620&quot;:6,&quot;335559739&quot;:160,&quot;335559740&quot;:360}\">\u00a0<\/span><\/li>\n<\/ol>\n<p style=\"text-align: left;\"><span data-contrast=\"auto\">Aquestes habilitats s\u00f3n molt presents en el nostre curr\u00edculum actual, tant a l\u2019ESO com al Batxillerat.<\/span><span data-ccp-props=\"{&quot;201341983&quot;:0,&quot;335551550&quot;:6,&quot;335551620&quot;:6,&quot;335559739&quot;:160,&quot;335559740&quot;:360}\">\u00a0<\/span><\/p>\n<p style=\"text-align: left;\"><span data-contrast=\"auto\">Vam treballar, com <\/span><b><span data-contrast=\"auto\">definir-les i entendre-les<\/span><\/b><span data-contrast=\"auto\">, \u00e9s a dir, que tots parlem del mateix quan parlem de creativitat, per exemple<\/span> <span data-contrast=\"auto\">i tamb\u00e9 com abordar-les i avaluar-les, responent a la pregunta de: Hem definit indicadors i tenim instruments d\u2019avaluaci\u00f3 comuns?<\/span><span data-ccp-props=\"{&quot;201341983&quot;:0,&quot;335551550&quot;:6,&quot;335551620&quot;:6,&quot;335559739&quot;:160,&quot;335559740&quot;:360}\">\u00a0<\/span><\/p>\n<p style=\"text-align: left;\"><span data-contrast=\"auto\">Per a treballar aquests tres aspectes es va fer un treball per grups, utilitzant una r\u00fabrica d\u2019un sol punt amb algunes idees importants de les soft-skills en la <\/span><b><span data-contrast=\"auto\">creativitat, en el pensament cr\u00edtic, en la metacognici\u00f3 i en la cooperaci\u00f3<\/span><\/b><span data-contrast=\"auto\">. Aquesta \u00faltima part es va centrar en el treball i la reflexi\u00f3 comuna entre tots.<\/span><span data-ccp-props=\"{&quot;201341983&quot;:0,&quot;335551550&quot;:6,&quot;335551620&quot;:6,&quot;335559739&quot;:160,&quot;335559740&quot;:360}\">\u00a0<\/span><\/p>\n<p style=\"text-align: left;\"><span data-contrast=\"auto\">Des d\u2019aqu\u00ed, volem agrair la participaci\u00f3 de la professora Meritxell Cano Autet, en aquesta 5a sessi\u00f3 de la xarxa de transformaci\u00f3 educativa, que ben segur ha estat enriquidora per a tots els assistents.<\/span><span data-ccp-props=\"{&quot;201341983&quot;:0,&quot;335551550&quot;:6,&quot;335551620&quot;:6,&quot;335559739&quot;:160,&quot;335559740&quot;:360}\">\u00a0<\/span><\/p>\n<p style=\"text-align: left;\"><span data-contrast=\"auto\">Moltes gr\u00e0cies.<\/span><span data-ccp-props=\"{&quot;201341983&quot;:0,&quot;335551550&quot;:6,&quot;335551620&quot;:6,&quot;335559739&quot;:160,&quot;335559740&quot;:360}\">\u00a0<\/span><\/p>\n<p><img loading=\"lazy\" decoding=\"async\" class=\"aligncenter wp-image-10390\" src=\"https:\/\/serveiseducatius.xtec.cat\/catalunyacentral\/wp-content\/uploads\/usu2513\/2024\/04\/IMG_1694-1-1024x768.jpg\" alt=\"\" width=\"712\" height=\"534\" srcset=\"https:\/\/serveiseducatius.xtec.cat\/catalunyacentral\/wp-content\/uploads\/usu2513\/2024\/04\/IMG_1694-1-1024x768.jpg 1024w, https:\/\/serveiseducatius.xtec.cat\/catalunyacentral\/wp-content\/uploads\/usu2513\/2024\/04\/IMG_1694-1-300x225.jpg 300w, https:\/\/serveiseducatius.xtec.cat\/catalunyacentral\/wp-content\/uploads\/usu2513\/2024\/04\/IMG_1694-1-768x576.jpg 768w, https:\/\/serveiseducatius.xtec.cat\/catalunyacentral\/wp-content\/uploads\/usu2513\/2024\/04\/IMG_1694-1-1536x1152.jpg 1536w, https:\/\/serveiseducatius.xtec.cat\/catalunyacentral\/wp-content\/uploads\/usu2513\/2024\/04\/IMG_1694-1-2048x1536.jpg 2048w, https:\/\/serveiseducatius.xtec.cat\/catalunyacentral\/wp-content\/uploads\/usu2513\/2024\/04\/IMG_1694-1-200x150.jpg 200w\" sizes=\"auto, (max-width: 712px) 100vw, 712px\" \/><\/p>\n","protected":false},"excerpt":{"rendered":"<p>El passat 3 d\u2019abril, va tenir lloc la cinquena sessi\u00f3 de la XTTE a la Catalunya Central. Es va treballar [&hellip;]<\/p>\n","protected":false},"author":3,"featured_media":0,"comment_status":"closed","ping_status":"closed","sticky":false,"template":"","format":"standard","meta":{"_bbp_topic_count":0,"_bbp_reply_count":0,"_bbp_total_topic_count":0,"_bbp_total_reply_count":0,"_bbp_voice_count":0,"_bbp_anonymous_reply_count":0,"_bbp_topic_count_hidden":0,"_bbp_reply_count_hidden":0,"_bbp_forum_subforum_count":0,"site-sidebar-layout":"default","site-content-layout":"","ast-site-content-layout":"","site-content-style":"default","site-sidebar-style":"default","ast-global-header-display":"","ast-banner-title-visibility":"","ast-main-header-display":"","ast-hfb-above-header-display":"","ast-hfb-below-header-display":"","ast-hfb-mobile-header-display":"","site-post-title":"","ast-breadcrumbs-content":"","ast-featured-img":"","footer-sml-layout":"","theme-transparent-header-meta":"","adv-header-id-meta":"","stick-header-meta":"","header-above-stick-meta":"","header-main-stick-meta":"","header-below-stick-meta":"","astra-migrate-meta-layouts":"default","ast-page-background-enabled":"default","ast-page-background-meta":{"desktop":{"background-color":"var(--ast-global-color-4)","background-image":"","background-repeat":"repeat","background-position":"center center","background-size":"auto","background-attachment":"scroll","background-type":"","background-media":"","overlay-type":"","overlay-color":"","overlay-opacity":"","overlay-gradient":""},"tablet":{"background-color":"","background-image":"","background-repeat":"repeat","background-position":"center center","background-size":"auto","background-attachment":"scroll","background-type":"","background-media":"","overlay-type":"","overlay-color":"","overlay-opacity":"","overlay-gradient":""},"mobile":{"background-color":"","background-image":"","background-repeat":"repeat","background-position":"center center","background-size":"auto","background-attachment":"scroll","background-type":"","background-media":"","overlay-type":"","overlay-color":"","overlay-opacity":"","overlay-gradient":""}},"ast-content-background-meta":{"desktop":{"background-color":"var(--ast-global-color-5)","background-image":"","background-repeat":"repeat","background-position":"center center","background-size":"auto","background-attachment":"scroll","background-type":"","background-media":"","overlay-type":"","overlay-color":"","overlay-opacity":"","overlay-gradient":""},"tablet":{"background-color":"var(--ast-global-color-5)","background-image":"","background-repeat":"repeat","background-position":"center center","background-size":"auto","background-attachment":"scroll","background-type":"","background-media":"","overlay-type":"","overlay-color":"","overlay-opacity":"","overlay-gradient":""},"mobile":{"background-color":"var(--ast-global-color-5)","background-image":"","background-repeat":"repeat","background-position":"center center","background-size":"auto","background-attachment":"scroll","background-type":"","background-media":"","overlay-type":"","overlay-color":"","overlay-opacity":"","overlay-gradient":""}},"footnotes":""},"categories":[285,29],"tags":[],"class_list":["post-10389","post","type-post","status-publish","format-standard","hentry","category-innovacio","category-portada"],"post_mailing_queue_ids":[],"_links":{"self":[{"href":"https:\/\/serveiseducatius.xtec.cat\/catalunyacentral\/wp-json\/wp\/v2\/posts\/10389","targetHints":{"allow":["GET"]}}],"collection":[{"href":"https:\/\/serveiseducatius.xtec.cat\/catalunyacentral\/wp-json\/wp\/v2\/posts"}],"about":[{"href":"https:\/\/serveiseducatius.xtec.cat\/catalunyacentral\/wp-json\/wp\/v2\/types\/post"}],"author":[{"embeddable":true,"href":"https:\/\/serveiseducatius.xtec.cat\/catalunyacentral\/wp-json\/wp\/v2\/users\/3"}],"replies":[{"embeddable":true,"href":"https:\/\/serveiseducatius.xtec.cat\/catalunyacentral\/wp-json\/wp\/v2\/comments?post=10389"}],"version-history":[{"count":3,"href":"https:\/\/serveiseducatius.xtec.cat\/catalunyacentral\/wp-json\/wp\/v2\/posts\/10389\/revisions"}],"predecessor-version":[{"id":10395,"href":"https:\/\/serveiseducatius.xtec.cat\/catalunyacentral\/wp-json\/wp\/v2\/posts\/10389\/revisions\/10395"}],"wp:attachment":[{"href":"https:\/\/serveiseducatius.xtec.cat\/catalunyacentral\/wp-json\/wp\/v2\/media?parent=10389"}],"wp:term":[{"taxonomy":"category","embeddable":true,"href":"https:\/\/serveiseducatius.xtec.cat\/catalunyacentral\/wp-json\/wp\/v2\/categories?post=10389"},{"taxonomy":"post_tag","embeddable":true,"href":"https:\/\/serveiseducatius.xtec.cat\/catalunyacentral\/wp-json\/wp\/v2\/tags?post=10389"}],"curies":[{"name":"wp","href":"https:\/\/api.w.org\/{rel}","templated":true}]}}