{"id":10311,"date":"2024-02-12T09:26:38","date_gmt":"2024-02-12T08:26:38","guid":{"rendered":"https:\/\/serveiseducatius.xtec.cat\/catalunyacentral\/?p=10311"},"modified":"2024-02-12T09:26:38","modified_gmt":"2024-02-12T08:26:38","slug":"jornades-deducacio-umanresa-el-poder-transformador-de-la-lectura-el-valor-de-la-literatura-infantil-i-juvenil","status":"publish","type":"post","link":"https:\/\/serveiseducatius.xtec.cat\/catalunyacentral\/portada\/jornades-deducacio-umanresa-el-poder-transformador-de-la-lectura-el-valor-de-la-literatura-infantil-i-juvenil\/","title":{"rendered":"Jornades d&#8217;Educaci\u00f3 UManresa: El poder transformador de la lectura: el valor de la literatura infantil i juvenil"},"content":{"rendered":"<p style=\"text-align: center;\"><img loading=\"lazy\" decoding=\"async\" class=\"aligncenter size-large wp-image-10312\" src=\"https:\/\/serveiseducatius.xtec.cat\/catalunyacentral\/wp-content\/uploads\/usu2513\/2024\/02\/umanresa-1024x280.jpg\" alt=\"\" width=\"1024\" height=\"280\" srcset=\"https:\/\/serveiseducatius.xtec.cat\/catalunyacentral\/wp-content\/uploads\/usu2513\/2024\/02\/umanresa-1024x280.jpg 1024w, https:\/\/serveiseducatius.xtec.cat\/catalunyacentral\/wp-content\/uploads\/usu2513\/2024\/02\/umanresa-300x82.jpg 300w, https:\/\/serveiseducatius.xtec.cat\/catalunyacentral\/wp-content\/uploads\/usu2513\/2024\/02\/umanresa-768x210.jpg 768w, https:\/\/serveiseducatius.xtec.cat\/catalunyacentral\/wp-content\/uploads\/usu2513\/2024\/02\/umanresa.jpg 1170w\" sizes=\"auto, (max-width: 1024px) 100vw, 1024px\" \/><\/p>\n<p>Els estudis d&#8217;Educaci\u00f3 Infantil d&#8217;UManresa organitzen les Jornades d&#8217;Educaci\u00f3 sota el t\u00edtol\u00a0<strong>El poder transformador de la lectura: el valor de la literatura infantil i juvenil.\u00a0<\/strong>El programa d&#8217;aquest acte, que se celebrar\u00e0 el dissabte 9 de mar\u00e7 de 2024, inclou dues\u00a0xerrades i dos\u00a0tallers que giren\u00a0al voltant de la literatura infantil i juvenil i del poder de la lectura.<\/p>\n<p>La confer\u00e8ncia\u00a0inaugural\u00a0<strong>La passi\u00f3 per la lectura s\u2019encomana<\/strong>\u00a0anir\u00e0 a c\u00e0rrec de Marta Luna i Maite Carranza i es clour\u00e0 la jornada amb la intervenci\u00f3 de Teresa Duran amb l&#8217;homenatge\u00a0<strong>La petja d&#8217;Anna D\u00edaz Plaja en la did\u00e0ctica universit\u00e0ria\u00a0de la LIJ (literatura infantil i juvenil)<\/strong>. Durant el mat\u00ed els participants podran assistir a les dues confer\u00e8ncies i podran triar dos dels sis\u00a0tallers programats. Tamb\u00e9 es podr\u00e0 visitar l\u2019exposici\u00f3 \u201cEl llibre, una finestra oberta al m\u00f3n\u201d sobre la figura de Josep Maria Aloy.<\/p>\n<p>Aquesta proposta dels estudis d&#8217;Educaci\u00f3 Infantil d&#8217;UManresa forma part del comprom\u00eds\u00a0per impulsar la compet\u00e8ncia lectora i liter\u00e0ria de les futures mestres. La jornada est\u00e0 organitzada juntament amb el\u00a0<a title=\"Centre de Documentaci\u00f3 en Literatura Infantil i Juvenil Josep Maria Aloy\" href=\"https:\/\/www.umanresa.cat\/ca\/centre-de-documentacio-en-literatura-infantil-i-juvenil-josep-maria-aloy\" data-entity-substitution=\"canonical\" data-entity-type=\"node\" data-entity-uuid=\"155491a9-47b7-46e7-b873-4f86326b296b\">Centre de Documentaci\u00f3 en Literatura Infantil i Juvenil Josep Maria Aloy<\/a>, que compta amb un fons de\u00a0m\u00e9s de 8.000 volums de novel\u00b7la, contes, teatre\u00a0i poesia per a infants i joves\u00a0en llengua catalana.<\/p>\n<p>M\u00e9s informaci\u00f3 fent clic <a href=\"https:\/\/www.umanresa.cat\/ca\/jornades-educacio-umanresa\">aqu\u00ed<\/a>.<\/p>\n","protected":false},"excerpt":{"rendered":"<p>Els estudis d&#8217;Educaci\u00f3 Infantil d&#8217;UManresa organitzen les Jornades d&#8217;Educaci\u00f3 sota el t\u00edtol\u00a0El poder transformador de la lectura: el valor de [&hellip;]<\/p>\n","protected":false},"author":3,"featured_media":0,"comment_status":"closed","ping_status":"closed","sticky":false,"template":"","format":"standard","meta":{"_bbp_topic_count":0,"_bbp_reply_count":0,"_bbp_total_topic_count":0,"_bbp_total_reply_count":0,"_bbp_voice_count":0,"_bbp_anonymous_reply_count":0,"_bbp_topic_count_hidden":0,"_bbp_reply_count_hidden":0,"_bbp_forum_subforum_count":0,"site-sidebar-layout":"default","site-content-layout":"","ast-site-content-layout":"","site-content-style":"default","site-sidebar-style":"default","ast-global-header-display":"","ast-banner-title-visibility":"","ast-main-header-display":"","ast-hfb-above-header-display":"","ast-hfb-below-header-display":"","ast-hfb-mobile-header-display":"","site-post-title":"","ast-breadcrumbs-content":"","ast-featured-img":"","footer-sml-layout":"","theme-transparent-header-meta":"","adv-header-id-meta":"","stick-header-meta":"","header-above-stick-meta":"","header-main-stick-meta":"","header-below-stick-meta":"","astra-migrate-meta-layouts":"default","ast-page-background-enabled":"default","ast-page-background-meta":{"desktop":{"background-color":"var(--ast-global-color-4)","background-image":"","background-repeat":"repeat","background-position":"center center","background-size":"auto","background-attachment":"scroll","background-type":"","background-media":"","overlay-type":"","overlay-color":"","overlay-opacity":"","overlay-gradient":""},"tablet":{"background-color":"","background-image":"","background-repeat":"repeat","background-position":"center center","background-size":"auto","background-attachment":"scroll","background-type":"","background-media":"","overlay-type":"","overlay-color":"","overlay-opacity":"","overlay-gradient":""},"mobile":{"background-color":"","background-image":"","background-repeat":"repeat","background-position":"center center","background-size":"auto","background-attachment":"scroll","background-type":"","background-media":"","overlay-type":"","overlay-color":"","overlay-opacity":"","overlay-gradient":""}},"ast-content-background-meta":{"desktop":{"background-color":"var(--ast-global-color-5)","background-image":"","background-repeat":"repeat","background-position":"center center","background-size":"auto","background-attachment":"scroll","background-type":"","background-media":"","overlay-type":"","overlay-color":"","overlay-opacity":"","overlay-gradient":""},"tablet":{"background-color":"var(--ast-global-color-5)","background-image":"","background-repeat":"repeat","background-position":"center center","background-size":"auto","background-attachment":"scroll","background-type":"","background-media":"","overlay-type":"","overlay-color":"","overlay-opacity":"","overlay-gradient":""},"mobile":{"background-color":"var(--ast-global-color-5)","background-image":"","background-repeat":"repeat","background-position":"center center","background-size":"auto","background-attachment":"scroll","background-type":"","background-media":"","overlay-type":"","overlay-color":"","overlay-opacity":"","overlay-gradient":""}},"footnotes":""},"categories":[29],"tags":[],"class_list":["post-10311","post","type-post","status-publish","format-standard","hentry","category-portada"],"post_mailing_queue_ids":[],"_links":{"self":[{"href":"https:\/\/serveiseducatius.xtec.cat\/catalunyacentral\/wp-json\/wp\/v2\/posts\/10311","targetHints":{"allow":["GET"]}}],"collection":[{"href":"https:\/\/serveiseducatius.xtec.cat\/catalunyacentral\/wp-json\/wp\/v2\/posts"}],"about":[{"href":"https:\/\/serveiseducatius.xtec.cat\/catalunyacentral\/wp-json\/wp\/v2\/types\/post"}],"author":[{"embeddable":true,"href":"https:\/\/serveiseducatius.xtec.cat\/catalunyacentral\/wp-json\/wp\/v2\/users\/3"}],"replies":[{"embeddable":true,"href":"https:\/\/serveiseducatius.xtec.cat\/catalunyacentral\/wp-json\/wp\/v2\/comments?post=10311"}],"version-history":[{"count":1,"href":"https:\/\/serveiseducatius.xtec.cat\/catalunyacentral\/wp-json\/wp\/v2\/posts\/10311\/revisions"}],"predecessor-version":[{"id":10313,"href":"https:\/\/serveiseducatius.xtec.cat\/catalunyacentral\/wp-json\/wp\/v2\/posts\/10311\/revisions\/10313"}],"wp:attachment":[{"href":"https:\/\/serveiseducatius.xtec.cat\/catalunyacentral\/wp-json\/wp\/v2\/media?parent=10311"}],"wp:term":[{"taxonomy":"category","embeddable":true,"href":"https:\/\/serveiseducatius.xtec.cat\/catalunyacentral\/wp-json\/wp\/v2\/categories?post=10311"},{"taxonomy":"post_tag","embeddable":true,"href":"https:\/\/serveiseducatius.xtec.cat\/catalunyacentral\/wp-json\/wp\/v2\/tags?post=10311"}],"curies":[{"name":"wp","href":"https:\/\/api.w.org\/{rel}","templated":true}]}}