{"id":10295,"date":"2024-02-07T08:00:43","date_gmt":"2024-02-07T07:00:43","guid":{"rendered":"https:\/\/serveiseducatius.xtec.cat\/catalunyacentral\/?p=10295"},"modified":"2024-02-09T09:13:29","modified_gmt":"2024-02-09T08:13:29","slug":"8-de-febrer-dia-internacional-per-leradicacio-de-la-mutilacio-genital-femenina","status":"publish","type":"post","link":"https:\/\/serveiseducatius.xtec.cat\/catalunyacentral\/portada\/8-de-febrer-dia-internacional-per-leradicacio-de-la-mutilacio-genital-femenina\/","title":{"rendered":"Acte sobre el Dia Internacional per l&#8217;Eradicaci\u00f3 de la Mutilaci\u00f3 Genital Femenina"},"content":{"rendered":"<p style=\"font-weight: 400;\">En motiu del\u00a0<b style=\"font-weight: 400;\">Dia internacional per a <\/b><b>l&#8217;eradicaci\u00f3<\/b><b style=\"font-weight: 400;\"> de la Mutilaci\u00f3 Genital Femenina (MGF)<\/b>, la Direcci\u00f3 General per a l&#8217;eradicaci\u00f3 de les Viol\u00e8ncies Masclistes i la Direcci\u00f3 General de Migracions, Refugi i Antiracisme organitzen aquest acte conjunt per recordar que la MGF \u00e9s una manifestaci\u00f3 m\u00e9s de les viol\u00e8ncies que s&#8217;exerceixen vers les dones, infants i adolescents i, tamb\u00e9 \u00e9s una violaci\u00f3 dels seus drets sexuals i reproductius.<\/p>\n<p style=\"font-weight: 400;\">L&#8217;acte consta del visionat d&#8217;un v\u00eddeo que s&#8217;emmarca en el projecte &#8220;Cures en la di\u00e0spora&#8221;. Un projecte audiovisual de Cris\u00e0lide Comunicaci\u00f3 dedicat a visibilitzar la tasca d&#8217;empoderament i ajuda que fan cinc dones migrades a Catalunya amb altres persones migrades.<\/p>\n<p style=\"font-weight: 400;\">Posteriorment, hi haur\u00e0 un col\u00b7loqui amb la protagonista del v\u00eddeo, la sra Dialla Diarra que compartir\u00e0 la seva experi\u00e8ncia personal i professional com a coordinadora de Legki Yakaru.<\/p>\n<p>La jornada es podr\u00e0 seguir de manera telem\u00e0tica.<\/p>\n<p style=\"text-align: center;\"><img loading=\"lazy\" decoding=\"async\" class=\"aligncenter size-full wp-image-10296\" src=\"https:\/\/serveiseducatius.xtec.cat\/catalunyacentral\/wp-content\/uploads\/usu2513\/2024\/02\/image007-1.jpg\" alt=\"\" width=\"855\" height=\"482\" srcset=\"https:\/\/serveiseducatius.xtec.cat\/catalunyacentral\/wp-content\/uploads\/usu2513\/2024\/02\/image007-1.jpg 855w, https:\/\/serveiseducatius.xtec.cat\/catalunyacentral\/wp-content\/uploads\/usu2513\/2024\/02\/image007-1-300x169.jpg 300w, https:\/\/serveiseducatius.xtec.cat\/catalunyacentral\/wp-content\/uploads\/usu2513\/2024\/02\/image007-1-768x433.jpg 768w\" sizes=\"auto, (max-width: 855px) 100vw, 855px\" \/><\/p>\n<p style=\"text-align: center;\"><b><a href=\"https:\/\/igualtat.gencat.cat\/ca\/ambits-dactuacio\/violencies-masclistes\/inscripcio-a-lacte-erradicar-la-mutilacio-genital-femenina.-cures-en-la-diaspora\/\" target=\"_blank\" rel=\"noopener\" data-saferedirecturl=\"https:\/\/www.google.com\/url?q=https:\/\/igualtat.gencat.cat\/ca\/ambits-dactuacio\/violencies-masclistes\/inscripcio-a-lacte-erradicar-la-mutilacio-genital-femenina.-cures-en-la-diaspora\/&amp;source=gmail&amp;ust=1706949564496000&amp;usg=AOvVaw3in6o1T1aHChJ6_clVONT5\">INSCRIPCIONS<\/a><\/b><\/p>\n","protected":false},"excerpt":{"rendered":"<p>En motiu del\u00a0Dia internacional per a l&#8217;eradicaci\u00f3 de la Mutilaci\u00f3 Genital Femenina (MGF), la Direcci\u00f3 General per a l&#8217;eradicaci\u00f3 de [&hellip;]<\/p>\n","protected":false},"author":3,"featured_media":0,"comment_status":"closed","ping_status":"closed","sticky":false,"template":"","format":"standard","meta":{"_bbp_topic_count":0,"_bbp_reply_count":0,"_bbp_total_topic_count":0,"_bbp_total_reply_count":0,"_bbp_voice_count":0,"_bbp_anonymous_reply_count":0,"_bbp_topic_count_hidden":0,"_bbp_reply_count_hidden":0,"_bbp_forum_subforum_count":0,"site-sidebar-layout":"default","site-content-layout":"","ast-site-content-layout":"","site-content-style":"default","site-sidebar-style":"default","ast-global-header-display":"","ast-banner-title-visibility":"","ast-main-header-display":"","ast-hfb-above-header-display":"","ast-hfb-below-header-display":"","ast-hfb-mobile-header-display":"","site-post-title":"","ast-breadcrumbs-content":"","ast-featured-img":"","footer-sml-layout":"","theme-transparent-header-meta":"","adv-header-id-meta":"","stick-header-meta":"","header-above-stick-meta":"","header-main-stick-meta":"","header-below-stick-meta":"","astra-migrate-meta-layouts":"default","ast-page-background-enabled":"default","ast-page-background-meta":{"desktop":{"background-color":"var(--ast-global-color-4)","background-image":"","background-repeat":"repeat","background-position":"center center","background-size":"auto","background-attachment":"scroll","background-type":"","background-media":"","overlay-type":"","overlay-color":"","overlay-opacity":"","overlay-gradient":""},"tablet":{"background-color":"","background-image":"","background-repeat":"repeat","background-position":"center center","background-size":"auto","background-attachment":"scroll","background-type":"","background-media":"","overlay-type":"","overlay-color":"","overlay-opacity":"","overlay-gradient":""},"mobile":{"background-color":"","background-image":"","background-repeat":"repeat","background-position":"center center","background-size":"auto","background-attachment":"scroll","background-type":"","background-media":"","overlay-type":"","overlay-color":"","overlay-opacity":"","overlay-gradient":""}},"ast-content-background-meta":{"desktop":{"background-color":"var(--ast-global-color-5)","background-image":"","background-repeat":"repeat","background-position":"center center","background-size":"auto","background-attachment":"scroll","background-type":"","background-media":"","overlay-type":"","overlay-color":"","overlay-opacity":"","overlay-gradient":""},"tablet":{"background-color":"var(--ast-global-color-5)","background-image":"","background-repeat":"repeat","background-position":"center center","background-size":"auto","background-attachment":"scroll","background-type":"","background-media":"","overlay-type":"","overlay-color":"","overlay-opacity":"","overlay-gradient":""},"mobile":{"background-color":"var(--ast-global-color-5)","background-image":"","background-repeat":"repeat","background-position":"center center","background-size":"auto","background-attachment":"scroll","background-type":"","background-media":"","overlay-type":"","overlay-color":"","overlay-opacity":"","overlay-gradient":""}},"footnotes":""},"categories":[29],"tags":[],"class_list":["post-10295","post","type-post","status-publish","format-standard","hentry","category-portada"],"post_mailing_queue_ids":[],"_links":{"self":[{"href":"https:\/\/serveiseducatius.xtec.cat\/catalunyacentral\/wp-json\/wp\/v2\/posts\/10295","targetHints":{"allow":["GET"]}}],"collection":[{"href":"https:\/\/serveiseducatius.xtec.cat\/catalunyacentral\/wp-json\/wp\/v2\/posts"}],"about":[{"href":"https:\/\/serveiseducatius.xtec.cat\/catalunyacentral\/wp-json\/wp\/v2\/types\/post"}],"author":[{"embeddable":true,"href":"https:\/\/serveiseducatius.xtec.cat\/catalunyacentral\/wp-json\/wp\/v2\/users\/3"}],"replies":[{"embeddable":true,"href":"https:\/\/serveiseducatius.xtec.cat\/catalunyacentral\/wp-json\/wp\/v2\/comments?post=10295"}],"version-history":[{"count":4,"href":"https:\/\/serveiseducatius.xtec.cat\/catalunyacentral\/wp-json\/wp\/v2\/posts\/10295\/revisions"}],"predecessor-version":[{"id":10310,"href":"https:\/\/serveiseducatius.xtec.cat\/catalunyacentral\/wp-json\/wp\/v2\/posts\/10295\/revisions\/10310"}],"wp:attachment":[{"href":"https:\/\/serveiseducatius.xtec.cat\/catalunyacentral\/wp-json\/wp\/v2\/media?parent=10295"}],"wp:term":[{"taxonomy":"category","embeddable":true,"href":"https:\/\/serveiseducatius.xtec.cat\/catalunyacentral\/wp-json\/wp\/v2\/categories?post=10295"},{"taxonomy":"post_tag","embeddable":true,"href":"https:\/\/serveiseducatius.xtec.cat\/catalunyacentral\/wp-json\/wp\/v2\/tags?post=10295"}],"curies":[{"name":"wp","href":"https:\/\/api.w.org\/{rel}","templated":true}]}}