{"id":10283,"date":"2024-01-29T08:07:58","date_gmt":"2024-01-29T07:07:58","guid":{"rendered":"https:\/\/serveiseducatius.xtec.cat\/catalunyacentral\/?p=10283"},"modified":"2024-01-29T08:07:58","modified_gmt":"2024-01-29T07:07:58","slug":"matricula-oberta-itinerari-i-jornades-de-lice-uab-de-febrer-i-marc-de-2024","status":"publish","type":"post","link":"https:\/\/serveiseducatius.xtec.cat\/catalunyacentral\/portada\/matricula-oberta-itinerari-i-jornades-de-lice-uab-de-febrer-i-marc-de-2024\/","title":{"rendered":"Matr\u00edcula oberta. Itinerari i Jornades de l&#8217;ICE UAB de febrer i mar\u00e7 de 2024"},"content":{"rendered":"<p style=\"font-weight: 400;\"><strong>Matr\u00edcula oberta; places disponibles!<\/strong><\/p>\n<p style=\"font-weight: 400;\">Us fem arribar el cat\u00e0leg de les activitats formatives amb la matr\u00edcula oberta que es duran a terme durant els mesos de febrer i mar\u00e7.<\/p>\n<p><img loading=\"lazy\" decoding=\"async\" class=\"aligncenter size-full wp-image-10284\" src=\"https:\/\/serveiseducatius.xtec.cat\/catalunyacentral\/wp-content\/uploads\/usu2513\/2024\/01\/Outlook-na2oosxi.png\" alt=\"\" width=\"997\" height=\"247\" srcset=\"https:\/\/serveiseducatius.xtec.cat\/catalunyacentral\/wp-content\/uploads\/usu2513\/2024\/01\/Outlook-na2oosxi.png 997w, https:\/\/serveiseducatius.xtec.cat\/catalunyacentral\/wp-content\/uploads\/usu2513\/2024\/01\/Outlook-na2oosxi-300x74.png 300w, https:\/\/serveiseducatius.xtec.cat\/catalunyacentral\/wp-content\/uploads\/usu2513\/2024\/01\/Outlook-na2oosxi-768x190.png 768w\" sizes=\"auto, (max-width: 997px) 100vw, 997px\" \/><\/p>\n<p style=\"font-weight: 400;\"><strong>Jornades<\/strong><\/p>\n<ul>\n<li>17 de febrer,\u00a0<a href=\"https:\/\/www.uab.cat\/ca\/ice\/pensament-critic\" data-saferedirecturl=\"https:\/\/www.google.com\/url?q=https:\/\/www.uab.cat\/ca\/ice\/pensament-critic&amp;source=gmail&amp;ust=1706598097779000&amp;usg=AOvVaw3cFf_HymwjXzQD3HnoagQe\">Situacions d&#8217;Aprenentatge a l&#8217;Aula de Ci\u00e8ncies. Pensament Cr\u00edtic<\/a>, al campus de Bellaterra de la UAB<strong>.\u00a0<\/strong><\/li>\n<\/ul>\n<ul>\n<li>19 i 26 de febrer; 24 de febrer,\u00a0<a href=\"https:\/\/www.uab.cat\/ca\/ice\/jornada-argo-geografia\" data-saferedirecturl=\"https:\/\/www.google.com\/url?q=https:\/\/www.uab.cat\/ca\/ice\/jornada-argo-geografia&amp;source=gmail&amp;ust=1706598097779000&amp;usg=AOvVaw2ga_hWIg8aOzi6qZJstpiW\">Jornada Arg\u00f3 de Geografia. Conflictivitat Territorial com a Problema Social Rellevant<\/a>, al campus de Bellaterra de la UAB i a Barcelona.<\/li>\n<\/ul>\n<ul>\n<li>9 de mar\u00e7,\u00a0<a href=\"https:\/\/www.uab.cat\/ca\/ice\/actualitzacio-didactica-llengues-estrangeres\" data-saferedirecturl=\"https:\/\/www.google.com\/url?q=https:\/\/www.uab.cat\/ca\/ice\/actualitzacio-didactica-llengues-estrangeres&amp;source=gmail&amp;ust=1706598097779000&amp;usg=AOvVaw3efjwAZ27h6ptiAbeIqFrv\">VIII Trobada d&#8217;actualitzaci\u00f3 de did\u00e0ctica de lleng\u00fces estrangeres. Ensenyar i aprendre una llengua addicional, avui: l\u2019impacte de les eines generatives<\/a>, a l&#8217;Ateneu Barcelon\u00e8s, Barcelona.<\/li>\n<\/ul>\n<ul>\n<li>16 de mar\u00e7,\u00a0<a href=\"https:\/\/www.uab.cat\/ca\/ice\/llegir-escriure-educacio-infantil-i-primaria\" data-saferedirecturl=\"https:\/\/www.google.com\/url?q=https:\/\/www.uab.cat\/ca\/ice\/llegir-escriure-educacio-infantil-i-primaria&amp;source=gmail&amp;ust=1706598097779000&amp;usg=AOvVaw2ilp3jIlSJB1inD_CGWjB3\">VI Jornada Llegir i Escriure a l&#8217;Educaci\u00f3 Infantil i a Prim\u00e0ria. El comprom\u00eds amb la Lectura<\/a>, al campus de Bellaterra de la UAB.<\/li>\n<\/ul>\n<p style=\"font-weight: 400;\">\n<p style=\"font-weight: 400;\"><strong>Itinerari<\/strong><\/p>\n<ul>\n<li>Del 22 de febrer al 21 de mar\u00e7:\u00a0<a href=\"https:\/\/www.uab.cat\/ca\/ice\/itinerari-bases-estrategies-foment-catala-centres-escolars\" data-saferedirecturl=\"https:\/\/www.google.com\/url?q=https:\/\/www.uab.cat\/ca\/ice\/itinerari-bases-estrategies-foment-catala-centres-escolars&amp;source=gmail&amp;ust=1706598097779000&amp;usg=AOvVaw20Ha36DqxYjMDpMop5ulaM\">L&#8217;escola en catal\u00e0: bases i estrat\u00e8gies per al foment de l&#8217;\u00fas del catal\u00e0 als centres escolars<\/a>, en l\u00ednia.<\/li>\n<\/ul>\n","protected":false},"excerpt":{"rendered":"<p>Matr\u00edcula oberta; places disponibles! Us fem arribar el cat\u00e0leg de les activitats formatives amb la matr\u00edcula oberta que es duran [&hellip;]<\/p>\n","protected":false},"author":3,"featured_media":0,"comment_status":"closed","ping_status":"closed","sticky":false,"template":"","format":"standard","meta":{"_bbp_topic_count":0,"_bbp_reply_count":0,"_bbp_total_topic_count":0,"_bbp_total_reply_count":0,"_bbp_voice_count":0,"_bbp_anonymous_reply_count":0,"_bbp_topic_count_hidden":0,"_bbp_reply_count_hidden":0,"_bbp_forum_subforum_count":0,"site-sidebar-layout":"default","site-content-layout":"","ast-site-content-layout":"","site-content-style":"default","site-sidebar-style":"default","ast-global-header-display":"","ast-banner-title-visibility":"","ast-main-header-display":"","ast-hfb-above-header-display":"","ast-hfb-below-header-display":"","ast-hfb-mobile-header-display":"","site-post-title":"","ast-breadcrumbs-content":"","ast-featured-img":"","footer-sml-layout":"","theme-transparent-header-meta":"","adv-header-id-meta":"","stick-header-meta":"","header-above-stick-meta":"","header-main-stick-meta":"","header-below-stick-meta":"","astra-migrate-meta-layouts":"default","ast-page-background-enabled":"default","ast-page-background-meta":{"desktop":{"background-color":"var(--ast-global-color-4)","background-image":"","background-repeat":"repeat","background-position":"center center","background-size":"auto","background-attachment":"scroll","background-type":"","background-media":"","overlay-type":"","overlay-color":"","overlay-opacity":"","overlay-gradient":""},"tablet":{"background-color":"","background-image":"","background-repeat":"repeat","background-position":"center center","background-size":"auto","background-attachment":"scroll","background-type":"","background-media":"","overlay-type":"","overlay-color":"","overlay-opacity":"","overlay-gradient":""},"mobile":{"background-color":"","background-image":"","background-repeat":"repeat","background-position":"center center","background-size":"auto","background-attachment":"scroll","background-type":"","background-media":"","overlay-type":"","overlay-color":"","overlay-opacity":"","overlay-gradient":""}},"ast-content-background-meta":{"desktop":{"background-color":"var(--ast-global-color-5)","background-image":"","background-repeat":"repeat","background-position":"center center","background-size":"auto","background-attachment":"scroll","background-type":"","background-media":"","overlay-type":"","overlay-color":"","overlay-opacity":"","overlay-gradient":""},"tablet":{"background-color":"var(--ast-global-color-5)","background-image":"","background-repeat":"repeat","background-position":"center center","background-size":"auto","background-attachment":"scroll","background-type":"","background-media":"","overlay-type":"","overlay-color":"","overlay-opacity":"","overlay-gradient":""},"mobile":{"background-color":"var(--ast-global-color-5)","background-image":"","background-repeat":"repeat","background-position":"center center","background-size":"auto","background-attachment":"scroll","background-type":"","background-media":"","overlay-type":"","overlay-color":"","overlay-opacity":"","overlay-gradient":""}},"footnotes":""},"categories":[288,29],"tags":[],"class_list":["post-10283","post","type-post","status-publish","format-standard","hentry","category-formaciopermanent","category-portada"],"post_mailing_queue_ids":[],"_links":{"self":[{"href":"https:\/\/serveiseducatius.xtec.cat\/catalunyacentral\/wp-json\/wp\/v2\/posts\/10283","targetHints":{"allow":["GET"]}}],"collection":[{"href":"https:\/\/serveiseducatius.xtec.cat\/catalunyacentral\/wp-json\/wp\/v2\/posts"}],"about":[{"href":"https:\/\/serveiseducatius.xtec.cat\/catalunyacentral\/wp-json\/wp\/v2\/types\/post"}],"author":[{"embeddable":true,"href":"https:\/\/serveiseducatius.xtec.cat\/catalunyacentral\/wp-json\/wp\/v2\/users\/3"}],"replies":[{"embeddable":true,"href":"https:\/\/serveiseducatius.xtec.cat\/catalunyacentral\/wp-json\/wp\/v2\/comments?post=10283"}],"version-history":[{"count":1,"href":"https:\/\/serveiseducatius.xtec.cat\/catalunyacentral\/wp-json\/wp\/v2\/posts\/10283\/revisions"}],"predecessor-version":[{"id":10285,"href":"https:\/\/serveiseducatius.xtec.cat\/catalunyacentral\/wp-json\/wp\/v2\/posts\/10283\/revisions\/10285"}],"wp:attachment":[{"href":"https:\/\/serveiseducatius.xtec.cat\/catalunyacentral\/wp-json\/wp\/v2\/media?parent=10283"}],"wp:term":[{"taxonomy":"category","embeddable":true,"href":"https:\/\/serveiseducatius.xtec.cat\/catalunyacentral\/wp-json\/wp\/v2\/categories?post=10283"},{"taxonomy":"post_tag","embeddable":true,"href":"https:\/\/serveiseducatius.xtec.cat\/catalunyacentral\/wp-json\/wp\/v2\/tags?post=10283"}],"curies":[{"name":"wp","href":"https:\/\/api.w.org\/{rel}","templated":true}]}}