{"id":10101,"date":"2023-10-19T09:15:43","date_gmt":"2023-10-19T07:15:43","guid":{"rendered":"https:\/\/serveiseducatius.xtec.cat\/catalunyacentral\/?p=10101"},"modified":"2023-10-19T09:15:43","modified_gmt":"2023-10-19T07:15:43","slug":"jornada-tecnica-en-linia-23-doctubre-a-les-16-00h-prevencio-del-malbaratament-alimentari-en-menjadors-escolars","status":"publish","type":"post","link":"https:\/\/serveiseducatius.xtec.cat\/catalunyacentral\/portada\/jornada-tecnica-en-linia-23-doctubre-a-les-16-00h-prevencio-del-malbaratament-alimentari-en-menjadors-escolars\/","title":{"rendered":"Jornada t\u00e8cnica en l\u00ednia, 23 d&#8217;octubre a les 16.00h  | Prevenci\u00f3 del malbaratament alimentari en menjadors escolars."},"content":{"rendered":"<p style=\"text-align: center;\"><a href=\"https:\/\/serveiseducatius.xtec.cat\/catalunyacentral\/wp-content\/uploads\/usu2513\/2023\/10\/malbaratament.jpg\"><img loading=\"lazy\" decoding=\"async\" class=\"alignnone size-full wp-image-10102\" src=\"https:\/\/serveiseducatius.xtec.cat\/catalunyacentral\/wp-content\/uploads\/usu2513\/2023\/10\/malbaratament.jpg\" alt=\"\" width=\"778\" height=\"312\" \/><\/a><\/p>\n<p style=\"font-weight: 400;\">El pr\u00f2xim<strong>\u00a0dilluns dia 23 d\u2019octubre a les 16.00h de la tarda,\u00a0<\/strong>s&#8217;organitza en el marc del Pla Anual de Transfer\u00e8ncia Tecnol\u00f2gica 2023, la jornada t\u00e8cnica\u00a0<strong>en l\u00ednia<\/strong>\u00a0sobre \u201c<strong>Apr\u00e8n a dissenyar el Pla de Prevenci\u00f3 del malbaratament alimentari per menjadors escolars\u201d.<\/strong><\/p>\n<p style=\"font-weight: 400;\">La jornada consistir\u00e0 en una formaci\u00f3 b\u00e0sica per ajudar les empreses que gestionen \u00e0pats per a menjadors escolars en l\u2019elaboraci\u00f3 del pla de prevenci\u00f3 i d\u2019educaci\u00f3 del malbaratament alimentari, dues de les obligacions principals de la Llei 3\/2020 de prevenci\u00f3 de les p\u00e8rdues i el malbaratament alimentaris. Entre d\u2019altres obligacions, la llei obliga a totes les empreses del sector agroalimentari a disposar d\u2019un pla de prevenci\u00f3 del malbaratament alimentari i, en particular, l\u2019obligaci\u00f3 d\u2019establir programes d\u2019educaci\u00f3 als menjadors escolars.<\/p>\n<p style=\"font-weight: 400;\">Formalitzeu la inscripci\u00f3 a la jornada mitjan\u00e7ant l\u2019enlla\u00e7 seg\u00fcent:<strong>\u00a0<a href=\"https:\/\/ruralcat.gencat.cat\/web\/guest\/transferencia\/preinscripcio-jornada-tecnica?p_auth=MA64DEcP&amp;p_p_id=JornadesPATT_WAR_jornadesPATT100SNAPSHOT&amp;p_p_lifecycle=1&amp;p_p_state=normal&amp;p_p_mode=view&amp;p_p_col_id=column-1&amp;p_p_col_pos=1&amp;p_p_col_count=2&amp;_JornadesPATT_WAR_jornadesPATT100SNAPSHOT_tipusJornadaClicat=0&amp;_JornadesPATT_WAR_jornadesPATT100SNAPSHOT_idJornada=4044173&amp;_JornadesPATT_WAR_jornadesPATT100SNAPSHOT_cmd=subscribeJornada\" data-saferedirecturl=\"https:\/\/www.google.com\/url?q=https:\/\/ruralcat.gencat.cat\/web\/guest\/transferencia\/preinscripcio-jornada-tecnica?p_auth%3DMA64DEcP%26p_p_id%3DJornadesPATT_WAR_jornadesPATT100SNAPSHOT%26p_p_lifecycle%3D1%26p_p_state%3Dnormal%26p_p_mode%3Dview%26p_p_col_id%3Dcolumn-1%26p_p_col_pos%3D1%26p_p_col_count%3D2%26_JornadesPATT_WAR_jornadesPATT100SNAPSHOT_tipusJornadaClicat%3D0%26_JornadesPATT_WAR_jornadesPATT100SNAPSHOT_idJornada%3D4044173%26_JornadesPATT_WAR_jornadesPATT100SNAPSHOT_cmd%3DsubscribeJornada&amp;source=gmail&amp;ust=1697785503084000&amp;usg=AOvVaw18LkkxZrhPhlWE1maWflnM\">Inscripcions<\/a><\/strong><strong>\u00a0<\/strong>(el dia abans de la jornada rebreu l\u2019enlla\u00e7 d\u2019acc\u00e9s a l\u2019aula virtual des d\u2019on podreu seguir-la).<\/p>\n<p><a href=\"https:\/\/drive.google.com\/file\/d\/1WSjw7ilV3hHSNLh7D6JP2yd_9qxfaGxK\/view?usp=sharing\">M\u00e9s informaci\u00f3.<\/a><\/p>\n<p>&nbsp;<\/p>\n","protected":false},"excerpt":{"rendered":"<p>El pr\u00f2xim\u00a0dilluns dia 23 d\u2019octubre a les 16.00h de la tarda,\u00a0s&#8217;organitza en el marc del Pla Anual de Transfer\u00e8ncia Tecnol\u00f2gica [&hellip;]<\/p>\n","protected":false},"author":3,"featured_media":10102,"comment_status":"closed","ping_status":"closed","sticky":false,"template":"","format":"standard","meta":{"_bbp_topic_count":0,"_bbp_reply_count":0,"_bbp_total_topic_count":0,"_bbp_total_reply_count":0,"_bbp_voice_count":0,"_bbp_anonymous_reply_count":0,"_bbp_topic_count_hidden":0,"_bbp_reply_count_hidden":0,"_bbp_forum_subforum_count":0,"site-sidebar-layout":"default","site-content-layout":"","ast-site-content-layout":"","site-content-style":"default","site-sidebar-style":"default","ast-global-header-display":"","ast-banner-title-visibility":"","ast-main-header-display":"","ast-hfb-above-header-display":"","ast-hfb-below-header-display":"","ast-hfb-mobile-header-display":"","site-post-title":"","ast-breadcrumbs-content":"","ast-featured-img":"","footer-sml-layout":"","theme-transparent-header-meta":"","adv-header-id-meta":"","stick-header-meta":"","header-above-stick-meta":"","header-main-stick-meta":"","header-below-stick-meta":"","astra-migrate-meta-layouts":"default","ast-page-background-enabled":"default","ast-page-background-meta":{"desktop":{"background-color":"var(--ast-global-color-4)","background-image":"","background-repeat":"repeat","background-position":"center center","background-size":"auto","background-attachment":"scroll","background-type":"","background-media":"","overlay-type":"","overlay-color":"","overlay-opacity":"","overlay-gradient":""},"tablet":{"background-color":"","background-image":"","background-repeat":"repeat","background-position":"center center","background-size":"auto","background-attachment":"scroll","background-type":"","background-media":"","overlay-type":"","overlay-color":"","overlay-opacity":"","overlay-gradient":""},"mobile":{"background-color":"","background-image":"","background-repeat":"repeat","background-position":"center center","background-size":"auto","background-attachment":"scroll","background-type":"","background-media":"","overlay-type":"","overlay-color":"","overlay-opacity":"","overlay-gradient":""}},"ast-content-background-meta":{"desktop":{"background-color":"var(--ast-global-color-5)","background-image":"","background-repeat":"repeat","background-position":"center center","background-size":"auto","background-attachment":"scroll","background-type":"","background-media":"","overlay-type":"","overlay-color":"","overlay-opacity":"","overlay-gradient":""},"tablet":{"background-color":"var(--ast-global-color-5)","background-image":"","background-repeat":"repeat","background-position":"center center","background-size":"auto","background-attachment":"scroll","background-type":"","background-media":"","overlay-type":"","overlay-color":"","overlay-opacity":"","overlay-gradient":""},"mobile":{"background-color":"var(--ast-global-color-5)","background-image":"","background-repeat":"repeat","background-position":"center center","background-size":"auto","background-attachment":"scroll","background-type":"","background-media":"","overlay-type":"","overlay-color":"","overlay-opacity":"","overlay-gradient":""}},"footnotes":""},"categories":[288,29],"tags":[],"class_list":["post-10101","post","type-post","status-publish","format-standard","has-post-thumbnail","hentry","category-formaciopermanent","category-portada"],"post_mailing_queue_ids":[],"_links":{"self":[{"href":"https:\/\/serveiseducatius.xtec.cat\/catalunyacentral\/wp-json\/wp\/v2\/posts\/10101","targetHints":{"allow":["GET"]}}],"collection":[{"href":"https:\/\/serveiseducatius.xtec.cat\/catalunyacentral\/wp-json\/wp\/v2\/posts"}],"about":[{"href":"https:\/\/serveiseducatius.xtec.cat\/catalunyacentral\/wp-json\/wp\/v2\/types\/post"}],"author":[{"embeddable":true,"href":"https:\/\/serveiseducatius.xtec.cat\/catalunyacentral\/wp-json\/wp\/v2\/users\/3"}],"replies":[{"embeddable":true,"href":"https:\/\/serveiseducatius.xtec.cat\/catalunyacentral\/wp-json\/wp\/v2\/comments?post=10101"}],"version-history":[{"count":1,"href":"https:\/\/serveiseducatius.xtec.cat\/catalunyacentral\/wp-json\/wp\/v2\/posts\/10101\/revisions"}],"predecessor-version":[{"id":10103,"href":"https:\/\/serveiseducatius.xtec.cat\/catalunyacentral\/wp-json\/wp\/v2\/posts\/10101\/revisions\/10103"}],"wp:featuredmedia":[{"embeddable":true,"href":"https:\/\/serveiseducatius.xtec.cat\/catalunyacentral\/wp-json\/wp\/v2\/media\/10102"}],"wp:attachment":[{"href":"https:\/\/serveiseducatius.xtec.cat\/catalunyacentral\/wp-json\/wp\/v2\/media?parent=10101"}],"wp:term":[{"taxonomy":"category","embeddable":true,"href":"https:\/\/serveiseducatius.xtec.cat\/catalunyacentral\/wp-json\/wp\/v2\/categories?post=10101"},{"taxonomy":"post_tag","embeddable":true,"href":"https:\/\/serveiseducatius.xtec.cat\/catalunyacentral\/wp-json\/wp\/v2\/tags?post=10101"}],"curies":[{"name":"wp","href":"https:\/\/api.w.org\/{rel}","templated":true}]}}