{"id":10083,"date":"2023-10-19T08:10:54","date_gmt":"2023-10-19T06:10:54","guid":{"rendered":"https:\/\/serveiseducatius.xtec.cat\/catalunyacentral\/?p=10083"},"modified":"2023-10-19T08:24:15","modified_gmt":"2023-10-19T06:24:15","slug":"1a-sessio-xtte-4-doctubre-de-2023","status":"publish","type":"post","link":"https:\/\/serveiseducatius.xtec.cat\/catalunyacentral\/portada\/1a-sessio-xtte-4-doctubre-de-2023\/","title":{"rendered":"1a Sessi\u00f3\u00a0XTTE\u00a0&#8211; 4 d&#8217;octubre de 2023"},"content":{"rendered":"<p>El passat 4 d\u2019octubre vam iniciar la Xarxa Territorial de Transformaci\u00f3 Educativa a la Catalunya Central. Vam organitzar la sessi\u00f3 en dues parts.<\/p>\n<p>A la primera part, vam abordar les <strong>compet\u00e8ncies transversals i la seva avaluaci\u00f3<\/strong> amb la pon\u00e8ncia del<strong> Sr. Ram\u00f3n Grau S\u00e1nchez<\/strong>, sub-director general de Curr\u00edculum del Departament d\u2019Educaci\u00f3, jubilat recentment. Ens va parlar de les compet\u00e8ncies transversals, fent esment els sentits dels recursos orientant-los cap a la vida. Ens va portar a la reflexi\u00f3 amb la pregunta de:<em> Com sabrem si una persona \u00e9s competent?<\/em><\/p>\n<p>Va fer esment del <strong>referencial competencia<\/strong>l i del curr\u00edculum que ha de treballar les compet\u00e8ncies socials, personals i acad\u00e8miques dels nostres alumnes. I va esmentar que les <strong>compet\u00e8ncies transversals<\/strong> s\u00f3n aquelles que s\u00f3n aplicables a diferents contextos i situacions.<\/p>\n<p>Va ser una pon\u00e8ncia molt enriquidora. Des d\u2019aqu\u00ed, volem agrair-li la seva aportaci\u00f3 a la xarxa i la seva dedicaci\u00f3.<\/p>\n<p><a href=\"https:\/\/serveiseducatius.xtec.cat\/catalunyacentral\/wp-content\/uploads\/usu2513\/2023\/10\/IMG-0251-scaled.jpg\"><img loading=\"lazy\" decoding=\"async\" class=\"wp-image-10086 aligncenter\" src=\"https:\/\/serveiseducatius.xtec.cat\/catalunyacentral\/wp-content\/uploads\/usu2513\/2023\/10\/IMG-0251-1024x768.jpg\" alt=\"\" width=\"614\" height=\"460\" srcset=\"https:\/\/serveiseducatius.xtec.cat\/catalunyacentral\/wp-content\/uploads\/usu2513\/2023\/10\/IMG-0251-1024x768.jpg 1024w, https:\/\/serveiseducatius.xtec.cat\/catalunyacentral\/wp-content\/uploads\/usu2513\/2023\/10\/IMG-0251-300x225.jpg 300w, https:\/\/serveiseducatius.xtec.cat\/catalunyacentral\/wp-content\/uploads\/usu2513\/2023\/10\/IMG-0251-768x576.jpg 768w, https:\/\/serveiseducatius.xtec.cat\/catalunyacentral\/wp-content\/uploads\/usu2513\/2023\/10\/IMG-0251-1536x1152.jpg 1536w, https:\/\/serveiseducatius.xtec.cat\/catalunyacentral\/wp-content\/uploads\/usu2513\/2023\/10\/IMG-0251-2048x1536.jpg 2048w, https:\/\/serveiseducatius.xtec.cat\/catalunyacentral\/wp-content\/uploads\/usu2513\/2023\/10\/IMG-0251-200x150.jpg 200w\" sizes=\"auto, (max-width: 614px) 100vw, 614px\" \/><\/a><\/p>\n<p>La segona part de la sessi\u00f3 la vam dedicar a compartir, reflexionar i debatre a partir de les aportacions fetes de cada centre. Es van fer uns tallers de dinamitzaci\u00f3 per grups. D\u2019aqu\u00ed en va <strong>sorgir una finalitat, un objectiu i una idea clau<\/strong> de cadascuna de les compet\u00e8ncies treballades.<\/p>\n<p><a href=\"https:\/\/serveiseducatius.xtec.cat\/catalunyacentral\/wp-content\/uploads\/usu2513\/2023\/10\/IMG-0258-scaled.jpg\"><img loading=\"lazy\" decoding=\"async\" class=\" wp-image-10088 aligncenter\" src=\"https:\/\/serveiseducatius.xtec.cat\/catalunyacentral\/wp-content\/uploads\/usu2513\/2023\/10\/IMG-0258-1024x768.jpg\" alt=\"\" width=\"745\" height=\"559\" srcset=\"https:\/\/serveiseducatius.xtec.cat\/catalunyacentral\/wp-content\/uploads\/usu2513\/2023\/10\/IMG-0258-1024x768.jpg 1024w, https:\/\/serveiseducatius.xtec.cat\/catalunyacentral\/wp-content\/uploads\/usu2513\/2023\/10\/IMG-0258-300x225.jpg 300w, https:\/\/serveiseducatius.xtec.cat\/catalunyacentral\/wp-content\/uploads\/usu2513\/2023\/10\/IMG-0258-768x576.jpg 768w, https:\/\/serveiseducatius.xtec.cat\/catalunyacentral\/wp-content\/uploads\/usu2513\/2023\/10\/IMG-0258-1536x1152.jpg 1536w, https:\/\/serveiseducatius.xtec.cat\/catalunyacentral\/wp-content\/uploads\/usu2513\/2023\/10\/IMG-0258-2048x1536.jpg 2048w, https:\/\/serveiseducatius.xtec.cat\/catalunyacentral\/wp-content\/uploads\/usu2513\/2023\/10\/IMG-0258-200x150.jpg 200w\" sizes=\"auto, (max-width: 745px) 100vw, 745px\" \/><\/a> <a href=\"https:\/\/serveiseducatius.xtec.cat\/catalunyacentral\/wp-content\/uploads\/usu2513\/2023\/10\/IMG-0253-scaled.jpg\"><img loading=\"lazy\" decoding=\"async\" class=\" wp-image-10089 aligncenter\" src=\"https:\/\/serveiseducatius.xtec.cat\/catalunyacentral\/wp-content\/uploads\/usu2513\/2023\/10\/IMG-0253-1024x768.jpg\" alt=\"\" width=\"737\" height=\"553\" srcset=\"https:\/\/serveiseducatius.xtec.cat\/catalunyacentral\/wp-content\/uploads\/usu2513\/2023\/10\/IMG-0253-1024x768.jpg 1024w, https:\/\/serveiseducatius.xtec.cat\/catalunyacentral\/wp-content\/uploads\/usu2513\/2023\/10\/IMG-0253-300x225.jpg 300w, https:\/\/serveiseducatius.xtec.cat\/catalunyacentral\/wp-content\/uploads\/usu2513\/2023\/10\/IMG-0253-768x576.jpg 768w, https:\/\/serveiseducatius.xtec.cat\/catalunyacentral\/wp-content\/uploads\/usu2513\/2023\/10\/IMG-0253-1536x1152.jpg 1536w, https:\/\/serveiseducatius.xtec.cat\/catalunyacentral\/wp-content\/uploads\/usu2513\/2023\/10\/IMG-0253-2048x1536.jpg 2048w, https:\/\/serveiseducatius.xtec.cat\/catalunyacentral\/wp-content\/uploads\/usu2513\/2023\/10\/IMG-0253-200x150.jpg 200w\" sizes=\"auto, (max-width: 737px) 100vw, 737px\" \/><\/a><\/p>\n","protected":false},"excerpt":{"rendered":"<p>El passat 4 d\u2019octubre vam iniciar la Xarxa Territorial de Transformaci\u00f3 Educativa a la Catalunya Central. Vam organitzar la sessi\u00f3 [&hellip;]<\/p>\n","protected":false},"author":3,"featured_media":0,"comment_status":"closed","ping_status":"closed","sticky":false,"template":"","format":"standard","meta":{"_bbp_topic_count":0,"_bbp_reply_count":0,"_bbp_total_topic_count":0,"_bbp_total_reply_count":0,"_bbp_voice_count":0,"_bbp_anonymous_reply_count":0,"_bbp_topic_count_hidden":0,"_bbp_reply_count_hidden":0,"_bbp_forum_subforum_count":0,"site-sidebar-layout":"default","site-content-layout":"","ast-site-content-layout":"","site-content-style":"default","site-sidebar-style":"default","ast-global-header-display":"","ast-banner-title-visibility":"","ast-main-header-display":"","ast-hfb-above-header-display":"","ast-hfb-below-header-display":"","ast-hfb-mobile-header-display":"","site-post-title":"","ast-breadcrumbs-content":"","ast-featured-img":"","footer-sml-layout":"","theme-transparent-header-meta":"","adv-header-id-meta":"","stick-header-meta":"","header-above-stick-meta":"","header-main-stick-meta":"","header-below-stick-meta":"","astra-migrate-meta-layouts":"default","ast-page-background-enabled":"default","ast-page-background-meta":{"desktop":{"background-color":"var(--ast-global-color-4)","background-image":"","background-repeat":"repeat","background-position":"center center","background-size":"auto","background-attachment":"scroll","background-type":"","background-media":"","overlay-type":"","overlay-color":"","overlay-opacity":"","overlay-gradient":""},"tablet":{"background-color":"","background-image":"","background-repeat":"repeat","background-position":"center center","background-size":"auto","background-attachment":"scroll","background-type":"","background-media":"","overlay-type":"","overlay-color":"","overlay-opacity":"","overlay-gradient":""},"mobile":{"background-color":"","background-image":"","background-repeat":"repeat","background-position":"center center","background-size":"auto","background-attachment":"scroll","background-type":"","background-media":"","overlay-type":"","overlay-color":"","overlay-opacity":"","overlay-gradient":""}},"ast-content-background-meta":{"desktop":{"background-color":"var(--ast-global-color-5)","background-image":"","background-repeat":"repeat","background-position":"center center","background-size":"auto","background-attachment":"scroll","background-type":"","background-media":"","overlay-type":"","overlay-color":"","overlay-opacity":"","overlay-gradient":""},"tablet":{"background-color":"var(--ast-global-color-5)","background-image":"","background-repeat":"repeat","background-position":"center center","background-size":"auto","background-attachment":"scroll","background-type":"","background-media":"","overlay-type":"","overlay-color":"","overlay-opacity":"","overlay-gradient":""},"mobile":{"background-color":"var(--ast-global-color-5)","background-image":"","background-repeat":"repeat","background-position":"center center","background-size":"auto","background-attachment":"scroll","background-type":"","background-media":"","overlay-type":"","overlay-color":"","overlay-opacity":"","overlay-gradient":""}},"footnotes":""},"categories":[285,29],"tags":[],"class_list":["post-10083","post","type-post","status-publish","format-standard","hentry","category-innovacio","category-portada"],"post_mailing_queue_ids":[],"_links":{"self":[{"href":"https:\/\/serveiseducatius.xtec.cat\/catalunyacentral\/wp-json\/wp\/v2\/posts\/10083","targetHints":{"allow":["GET"]}}],"collection":[{"href":"https:\/\/serveiseducatius.xtec.cat\/catalunyacentral\/wp-json\/wp\/v2\/posts"}],"about":[{"href":"https:\/\/serveiseducatius.xtec.cat\/catalunyacentral\/wp-json\/wp\/v2\/types\/post"}],"author":[{"embeddable":true,"href":"https:\/\/serveiseducatius.xtec.cat\/catalunyacentral\/wp-json\/wp\/v2\/users\/3"}],"replies":[{"embeddable":true,"href":"https:\/\/serveiseducatius.xtec.cat\/catalunyacentral\/wp-json\/wp\/v2\/comments?post=10083"}],"version-history":[{"count":6,"href":"https:\/\/serveiseducatius.xtec.cat\/catalunyacentral\/wp-json\/wp\/v2\/posts\/10083\/revisions"}],"predecessor-version":[{"id":10096,"href":"https:\/\/serveiseducatius.xtec.cat\/catalunyacentral\/wp-json\/wp\/v2\/posts\/10083\/revisions\/10096"}],"wp:attachment":[{"href":"https:\/\/serveiseducatius.xtec.cat\/catalunyacentral\/wp-json\/wp\/v2\/media?parent=10083"}],"wp:term":[{"taxonomy":"category","embeddable":true,"href":"https:\/\/serveiseducatius.xtec.cat\/catalunyacentral\/wp-json\/wp\/v2\/categories?post=10083"},{"taxonomy":"post_tag","embeddable":true,"href":"https:\/\/serveiseducatius.xtec.cat\/catalunyacentral\/wp-json\/wp\/v2\/tags?post=10083"}],"curies":[{"name":"wp","href":"https:\/\/api.w.org\/{rel}","templated":true}]}}