{"id":10057,"date":"2023-09-25T09:42:40","date_gmt":"2023-09-25T07:42:40","guid":{"rendered":"https:\/\/serveiseducatius.xtec.cat\/catalunyacentral\/?p=10057"},"modified":"2023-09-25T09:42:40","modified_gmt":"2023-09-25T07:42:40","slug":"formacions-del-servei-dorientacio-i-participacio-de-lalumnat-conducta-alimentaria-i-conducta-suicida","status":"publish","type":"post","link":"https:\/\/serveiseducatius.xtec.cat\/catalunyacentral\/portada\/formacions-del-servei-dorientacio-i-participacio-de-lalumnat-conducta-alimentaria-i-conducta-suicida\/","title":{"rendered":"Formacions del Servei d&#8217;Orientaci\u00f3 i Participaci\u00f3 de l&#8217;Alumnat (Conducta aliment\u00e0ria i Conducta su\u00efcida)"},"content":{"rendered":"<div class=\"gmail_quote\">\n<p>Des del Servei d&#8217;Orientaci\u00f3 i Participaci\u00f3 de l&#8217;Alumnat ens ofereixen les seg\u00fcents formacions:<\/p>\n<div><span style=\"font-size: small;\">\u00a0<\/span><\/div>\n<\/div>\n<div class=\"gmail_quote\">\n<div>\n<table style=\"width: 64.7986%; height: 158px;\" border=\"0\" width=\"575\" cellpadding=\"0\">\n<tbody>\n<tr style=\"height: 158px;\">\n<td style=\"height: 158px; width: 3.43053%;\" width=\"20\"><span style=\"font-size: small;\">1<\/span><\/td>\n<td style=\"height: 158px; width: 144.917%;\">\n<table style=\"width: 94.2094%; height: 101px;\" border=\"0\" width=\"100%\" cellspacing=\"0\" cellpadding=\"0\">\n<tbody>\n<tr style=\"height: 45px;\">\n<td style=\"height: 45px; width: 100%;\"><span style=\"font-size: small;\"><b><a href=\"https:\/\/aplicacions.gestioeducativa.gencat.cat\/pls\/soloas\/pk_for_mod_ins.p_for_pre_cons_activitats?p_any=2023-2024&amp;p_codi=B000110519\" target=\"_blank\" rel=\"noopener\" data-saferedirecturl=\"https:\/\/www.google.com\/url?q=https:\/\/aplicacions.gestioeducativa.gencat.cat\/pls\/soloas\/pk_for_mod_ins.p_for_pre_cons_activitats?p_any%3D2023-2024%26p_codi%3DB000110519&amp;source=gmail&amp;ust=1695710877096000&amp;usg=AOvVaw2VMs7CKK9kfL7L8SRTIg23\">B000110519\u00a0\u00a0\u00a0Els Trastorns de la Conducta Aliment\u00e0ria. Prevenci\u00f3 i acompanyament des del centre docent<\/a><\/b><\/span><\/td>\n<\/tr>\n<tr style=\"height: 30px;\">\n<td style=\"height: 30px; width: 100%;\"><span style=\"font-size: small;\">\u00a0El 9\/10\/2023 i l&#8217;11\/10\/2023 (5 hores) de 17:00h a 19:00h\u00a0<b>Format online.<\/b><br \/>\n<\/span><\/td>\n<\/tr>\n<tr style=\"height: 26px;\">\n<td style=\"height: 26px; width: 100%;\">\n<div class=\"gmail_quote\"><\/div>\n<div class=\"gmail_quote\">\n<div><span style=\"font-size: small;\"><span style=\"font-size: large;\"><b>Termini d&#8217;inscripci\u00f3 fins al 5 d&#8217;octubre<\/b><\/span><\/span><\/div>\n<\/div>\n<\/td>\n<\/tr>\n<\/tbody>\n<\/table>\n<\/td>\n<\/tr>\n<\/tbody>\n<\/table>\n<\/div>\n<\/div>\n<div class=\"gmail_quote\">\n<div>\n<p>La formaci\u00f3 la realitza la Laura Fern\u00e1ndez\u00a0<span lang=\"CA-ES\">\u00a0<\/span>de l&#8217;Associaci\u00f3 contra l&#8217;Anor\u00e8xia i la bul\u00edmia.<\/p>\n<p><b>Aquesta activitat\u00a0\u00a0va dirigida a professionals de l&#8217;educaci\u00f3 que treballen amb alumnat de secund\u00e0ria i \u00faltim cicle de prim\u00e0ria.\u00a0\u00a0<\/b><\/p>\n<\/div>\n<\/div>\n<div class=\"gmail_quote\">\n<div><\/div>\n<div><span style=\"font-size: small;\"><br \/>\n<\/span><\/p>\n<table style=\"width: 65.4664%;\" border=\"0\" width=\"575\" cellpadding=\"0\">\n<tbody>\n<tr>\n<td style=\"width: 3.45423%;\" width=\"20\"><span style=\"font-size: small;\">2<\/span><\/td>\n<td style=\"width: 149.914%;\">\n<table border=\"0\" width=\"100%\" cellspacing=\"0\" cellpadding=\"0\">\n<tbody>\n<tr>\n<td><span style=\"font-size: small;\"><b><a href=\"https:\/\/aplicacions.gestioeducativa.gencat.cat\/pls\/soloas\/pk_for_mod_ins.p_for_pre_cons_activitats?p_any=2023-2024&amp;p_codi=B000100519\" target=\"_blank\" rel=\"noopener\" data-saferedirecturl=\"https:\/\/www.google.com\/url?q=https:\/\/aplicacions.gestioeducativa.gencat.cat\/pls\/soloas\/pk_for_mod_ins.p_for_pre_cons_activitats?p_any%3D2023-2024%26p_codi%3DB000100519&amp;source=gmail&amp;ust=1695710877096000&amp;usg=AOvVaw0aF3PhLulAnBGocW3MnoMM\">B000100519\u00a0\u00a0\u00a0La conducta su\u00efcida i la mort per su\u00efcidi en l&#8217;adolesc\u00e8ncia<\/a><\/b><\/span><\/td>\n<\/tr>\n<tr>\n<td><span style=\"font-size: small;\">El 23\/11\/2023 i el\u00a0 30\/11\/2023 (5 hores) de 17:30h a 19:30h\u00a0<b>\u00a0Format online<\/b><br \/>\n<span style=\"font-size: large;\"><b>Termini d&#8217;inscripci\u00f3 fins al 15 d&#8217;octubre<\/b><\/span><\/span><\/td>\n<\/tr>\n<\/tbody>\n<\/table>\n<\/td>\n<\/tr>\n<\/tbody>\n<\/table>\n<\/div>\n<\/div>\n<div class=\"gmail_quote\"><span style=\"font-size: small;\">\u00a0<\/span><\/div>\n<div class=\"gmail_quote\">\n<div>\n<p>La formaci\u00f3 la realitza Sandra Ferri Llinares<span lang=\"CA-ES\">\u00a0<\/span>\u00a0de l&#8217;Associaci\u00f3 APSAS.<\/p>\n<p><b>Aquesta activitat\u00a0va\u00a0dirigida a professionals de l&#8217;educaci\u00f3\u00a0que treballen\u00a0amb alumnat de secund\u00e0ria i Batxillerat, orientadors i orientadores.<\/b><\/p>\n<\/div>\n<\/div>\n","protected":false},"excerpt":{"rendered":"<p>Des del Servei d&#8217;Orientaci\u00f3 i Participaci\u00f3 de l&#8217;Alumnat ens ofereixen les seg\u00fcents formacions: \u00a0 1 B000110519\u00a0\u00a0\u00a0Els Trastorns de la Conducta [&hellip;]<\/p>\n","protected":false},"author":3,"featured_media":0,"comment_status":"closed","ping_status":"closed","sticky":false,"template":"","format":"standard","meta":{"_bbp_topic_count":0,"_bbp_reply_count":0,"_bbp_total_topic_count":0,"_bbp_total_reply_count":0,"_bbp_voice_count":0,"_bbp_anonymous_reply_count":0,"_bbp_topic_count_hidden":0,"_bbp_reply_count_hidden":0,"_bbp_forum_subforum_count":0,"site-sidebar-layout":"default","site-content-layout":"","ast-site-content-layout":"","site-content-style":"default","site-sidebar-style":"default","ast-global-header-display":"","ast-banner-title-visibility":"","ast-main-header-display":"","ast-hfb-above-header-display":"","ast-hfb-below-header-display":"","ast-hfb-mobile-header-display":"","site-post-title":"","ast-breadcrumbs-content":"","ast-featured-img":"","footer-sml-layout":"","theme-transparent-header-meta":"","adv-header-id-meta":"","stick-header-meta":"","header-above-stick-meta":"","header-main-stick-meta":"","header-below-stick-meta":"","astra-migrate-meta-layouts":"default","ast-page-background-enabled":"default","ast-page-background-meta":{"desktop":{"background-color":"var(--ast-global-color-4)","background-image":"","background-repeat":"repeat","background-position":"center center","background-size":"auto","background-attachment":"scroll","background-type":"","background-media":"","overlay-type":"","overlay-color":"","overlay-opacity":"","overlay-gradient":""},"tablet":{"background-color":"","background-image":"","background-repeat":"repeat","background-position":"center center","background-size":"auto","background-attachment":"scroll","background-type":"","background-media":"","overlay-type":"","overlay-color":"","overlay-opacity":"","overlay-gradient":""},"mobile":{"background-color":"","background-image":"","background-repeat":"repeat","background-position":"center center","background-size":"auto","background-attachment":"scroll","background-type":"","background-media":"","overlay-type":"","overlay-color":"","overlay-opacity":"","overlay-gradient":""}},"ast-content-background-meta":{"desktop":{"background-color":"var(--ast-global-color-5)","background-image":"","background-repeat":"repeat","background-position":"center center","background-size":"auto","background-attachment":"scroll","background-type":"","background-media":"","overlay-type":"","overlay-color":"","overlay-opacity":"","overlay-gradient":""},"tablet":{"background-color":"var(--ast-global-color-5)","background-image":"","background-repeat":"repeat","background-position":"center center","background-size":"auto","background-attachment":"scroll","background-type":"","background-media":"","overlay-type":"","overlay-color":"","overlay-opacity":"","overlay-gradient":""},"mobile":{"background-color":"var(--ast-global-color-5)","background-image":"","background-repeat":"repeat","background-position":"center center","background-size":"auto","background-attachment":"scroll","background-type":"","background-media":"","overlay-type":"","overlay-color":"","overlay-opacity":"","overlay-gradient":""}},"footnotes":""},"categories":[288,29],"tags":[],"class_list":["post-10057","post","type-post","status-publish","format-standard","hentry","category-formaciopermanent","category-portada"],"post_mailing_queue_ids":[],"_links":{"self":[{"href":"https:\/\/serveiseducatius.xtec.cat\/catalunyacentral\/wp-json\/wp\/v2\/posts\/10057","targetHints":{"allow":["GET"]}}],"collection":[{"href":"https:\/\/serveiseducatius.xtec.cat\/catalunyacentral\/wp-json\/wp\/v2\/posts"}],"about":[{"href":"https:\/\/serveiseducatius.xtec.cat\/catalunyacentral\/wp-json\/wp\/v2\/types\/post"}],"author":[{"embeddable":true,"href":"https:\/\/serveiseducatius.xtec.cat\/catalunyacentral\/wp-json\/wp\/v2\/users\/3"}],"replies":[{"embeddable":true,"href":"https:\/\/serveiseducatius.xtec.cat\/catalunyacentral\/wp-json\/wp\/v2\/comments?post=10057"}],"version-history":[{"count":3,"href":"https:\/\/serveiseducatius.xtec.cat\/catalunyacentral\/wp-json\/wp\/v2\/posts\/10057\/revisions"}],"predecessor-version":[{"id":10060,"href":"https:\/\/serveiseducatius.xtec.cat\/catalunyacentral\/wp-json\/wp\/v2\/posts\/10057\/revisions\/10060"}],"wp:attachment":[{"href":"https:\/\/serveiseducatius.xtec.cat\/catalunyacentral\/wp-json\/wp\/v2\/media?parent=10057"}],"wp:term":[{"taxonomy":"category","embeddable":true,"href":"https:\/\/serveiseducatius.xtec.cat\/catalunyacentral\/wp-json\/wp\/v2\/categories?post=10057"},{"taxonomy":"post_tag","embeddable":true,"href":"https:\/\/serveiseducatius.xtec.cat\/catalunyacentral\/wp-json\/wp\/v2\/tags?post=10057"}],"curies":[{"name":"wp","href":"https:\/\/api.w.org\/{rel}","templated":true}]}}