{"id":948,"date":"2015-11-29T20:23:39","date_gmt":"2015-11-29T19:23:39","guid":{"rendered":"http:\/\/serveiseducatius.xtec.cat\/se-castelldefels\/?p=948"},"modified":"2024-05-06T13:09:10","modified_gmt":"2024-05-06T11:09:10","slug":"programacio","status":"publish","type":"post","link":"https:\/\/serveiseducatius.xtec.cat\/castelldefels\/dinamitzacio\/forum-treballs-de-recerca\/programacio\/","title":{"rendered":"Recursos treball de recerca"},"content":{"rendered":"<div style=\"width: 50%;\">\u00a0<a href=\"http:\/\/serveiseducatius.xtec.cat\/castelldefels\/wp-content\/uploads\/usu4\/2015\/11\/Compet\u00e8ncia-informacional.jpg\"><img loading=\"lazy\" decoding=\"async\" class=\"alignnone size-full wp-image-2022\" src=\"http:\/\/serveiseducatius.xtec.cat\/castelldefels\/wp-content\/uploads\/usu4\/2015\/11\/Compet\u00e8ncia-informacional.jpg\" alt=\"competencia-informacional\" width=\"808\" height=\"571\" srcset=\"https:\/\/serveiseducatius.xtec.cat\/castelldefels\/wp-content\/uploads\/usu4\/2015\/11\/Compet\u00e8ncia-informacional.jpg 808w, https:\/\/serveiseducatius.xtec.cat\/castelldefels\/wp-content\/uploads\/usu4\/2015\/11\/Compet\u00e8ncia-informacional-300x212.jpg 300w, https:\/\/serveiseducatius.xtec.cat\/castelldefels\/wp-content\/uploads\/usu4\/2015\/11\/Compet\u00e8ncia-informacional-768x543.jpg 768w\" sizes=\"auto, (max-width: 808px) 100vw, 808px\" \/><\/a><\/div>\n<p><span style=\"color: #666666; font-family: trebuchet ms,sans-serif; font-size: medium;\"><b>ALGUNS MATERIALS DID\u00c0CTICS I TUTORIALS D&#8217;APRENENTATGE<\/b><\/span><\/p>\n<ul>\n<li style=\"list-style-type: none;\">\n<ul>\n<li style=\"list-style-type: none;\">\n<ul>\n<li><span style=\"color: #666666; font-family: trebuchet ms,sans-serif; font-size: medium;\"><a href=\"http:\/\/www.bibgirona.net\/salt\/cerca_internet\/index.htm\" target=\"_blank\" rel=\"noopener\"><b>&#8220;No et perdis! Taller de cerca a internet per a infants.<\/b><\/a> Biblioteques p\u00fabliques de Salt. Girona<\/span><\/li>\n<li><span style=\"color: #666666; font-family: trebuchet ms,sans-serif; font-size: medium;\"><a href=\"http:\/\/ivanrecerca4ever.blogspot.com\/\" target=\"_blank\" rel=\"noopener\"><b>Eines per a una recerca aplicada.<\/b><\/a> Recursos en l\u00ednia de suport per al tutor\/a del Treball de Recerca. Ivan Nadal Latorre<\/span><\/li>\n<li><span style=\"color: #666666; font-family: trebuchet ms,sans-serif; font-size: medium;\"><a href=\"http:\/\/www.bibliotecaescolar.info\/procesdecerca\/index.htm\" target=\"_blank\" rel=\"noopener\"><b>Tutorial del proc\u00e9s de cerca.<\/b><\/a> La cerca i recuperaci\u00f3 d&#8217;informaci\u00f3. Gl\u00f2ria Durban. Barcelona<a href=\"http:\/\/www.aulactiva.com\/rutas\/\" target=\"_blank\" rel=\"noopener\"><b>.<\/b><\/a><\/span><\/li>\n<li><span style=\"color: #666666; font-family: trebuchet ms,sans-serif; font-size: medium;\"><a href=\"http:\/\/www.bibliotecaescolar.info\/documents\/cominiciar.pdf\" target=\"_blank\" rel=\"noopener\"><b>Com iniciar un treball de recerca.<\/b><\/a> <a href=\"http:\/\/www.bibliotecaescolar.info\/documents\/comoiniciarcast.pdf\" target=\"_blank\" rel=\"noopener\"><b>C\u00f3mo iniciar un trabajo de investigaci\u00f3n.<\/b><\/a> Gl\u00f2ria Durban <\/span><\/li>\n<li><span style=\"color: #666666; font-family: trebuchet ms,sans-serif; font-size: medium;\">Citaci\u00f3 bibliogr\u00e0fica amb <strong><a href=\"https:\/\/www.mendeley.com\/\" target=\"_blank\" rel=\"noopener\">Mendeley<\/a> <\/strong><\/span><\/li>\n<li><span style=\"color: #666666; font-family: trebuchet ms,sans-serif; font-size: medium;\"><strong><a href=\"http:\/\/serveis.uab.cat\/esid\/content\/manual-de-mendely\" target=\"_blank\" rel=\"noopener\">Manual de Mendeley<\/a><\/strong>. Universitat Aut\u00f2noma de Barcelona<\/span><\/li>\n<\/ul>\n<\/li>\n<\/ul>\n<\/li>\n<\/ul>\n<p>&nbsp;<\/p>\n","protected":false},"excerpt":{"rendered":"<p>\u00a0 ALGUNS MATERIALS DID\u00c0CTICS I TUTORIALS D&#8217;APRENENTATGE &#8220;No et perdis! Taller de cerca a internet per a infants. Biblioteques p\u00fabliques de Salt. Girona Eines per a una recerca aplicada. Recursos en l\u00ednia de suport per al tutor\/a del Treball de Recerca. Ivan Nadal Latorre Tutorial del proc\u00e9s de cerca. La cerca i recuperaci\u00f3 d&#8217;informaci\u00f3. Gl\u00f2ria [&hellip;]<\/p>\n","protected":false},"author":1,"featured_media":0,"comment_status":"closed","ping_status":"closed","sticky":false,"template":"","format":"standard","meta":{"_bbp_topic_count":0,"_bbp_reply_count":0,"_bbp_total_topic_count":0,"_bbp_total_reply_count":0,"_bbp_voice_count":0,"_bbp_anonymous_reply_count":0,"_bbp_topic_count_hidden":0,"_bbp_reply_count_hidden":0,"_bbp_forum_subforum_count":0,"site-sidebar-layout":"default","site-content-layout":"","ast-site-content-layout":"","site-content-style":"default","site-sidebar-style":"default","ast-global-header-display":"","ast-banner-title-visibility":"","ast-main-header-display":"","ast-hfb-above-header-display":"","ast-hfb-below-header-display":"","ast-hfb-mobile-header-display":"","site-post-title":"","ast-breadcrumbs-content":"","ast-featured-img":"","footer-sml-layout":"","theme-transparent-header-meta":"","adv-header-id-meta":"","stick-header-meta":"","header-above-stick-meta":"","header-main-stick-meta":"","header-below-stick-meta":"","astra-migrate-meta-layouts":"default","ast-page-background-enabled":"default","ast-page-background-meta":{"desktop":{"background-color":"var(--ast-global-color-4)","background-image":"","background-repeat":"repeat","background-position":"center center","background-size":"auto","background-attachment":"scroll","background-type":"","background-media":"","overlay-type":"","overlay-color":"","overlay-opacity":"","overlay-gradient":""},"tablet":{"background-color":"","background-image":"","background-repeat":"repeat","background-position":"center center","background-size":"auto","background-attachment":"scroll","background-type":"","background-media":"","overlay-type":"","overlay-color":"","overlay-opacity":"","overlay-gradient":""},"mobile":{"background-color":"","background-image":"","background-repeat":"repeat","background-position":"center center","background-size":"auto","background-attachment":"scroll","background-type":"","background-media":"","overlay-type":"","overlay-color":"","overlay-opacity":"","overlay-gradient":""}},"ast-content-background-meta":{"desktop":{"background-color":"var(--ast-global-color-5)","background-image":"","background-repeat":"repeat","background-position":"center center","background-size":"auto","background-attachment":"scroll","background-type":"","background-media":"","overlay-type":"","overlay-color":"","overlay-opacity":"","overlay-gradient":""},"tablet":{"background-color":"var(--ast-global-color-5)","background-image":"","background-repeat":"repeat","background-position":"center center","background-size":"auto","background-attachment":"scroll","background-type":"","background-media":"","overlay-type":"","overlay-color":"","overlay-opacity":"","overlay-gradient":""},"mobile":{"background-color":"var(--ast-global-color-5)","background-image":"","background-repeat":"repeat","background-position":"center center","background-size":"auto","background-attachment":"scroll","background-type":"","background-media":"","overlay-type":"","overlay-color":"","overlay-opacity":"","overlay-gradient":""}},"footnotes":""},"categories":[70],"tags":[154,174,213],"class_list":["post-948","post","type-post","status-publish","format-standard","hentry","category-forum-treballs-de-recerca","tag-proposta-educativa","tag-recursos","tag-treball-recerca"],"post_mailing_queue_ids":[],"_links":{"self":[{"href":"https:\/\/serveiseducatius.xtec.cat\/castelldefels\/wp-json\/wp\/v2\/posts\/948","targetHints":{"allow":["GET"]}}],"collection":[{"href":"https:\/\/serveiseducatius.xtec.cat\/castelldefels\/wp-json\/wp\/v2\/posts"}],"about":[{"href":"https:\/\/serveiseducatius.xtec.cat\/castelldefels\/wp-json\/wp\/v2\/types\/post"}],"author":[{"embeddable":true,"href":"https:\/\/serveiseducatius.xtec.cat\/castelldefels\/wp-json\/wp\/v2\/users\/1"}],"replies":[{"embeddable":true,"href":"https:\/\/serveiseducatius.xtec.cat\/castelldefels\/wp-json\/wp\/v2\/comments?post=948"}],"version-history":[{"count":4,"href":"https:\/\/serveiseducatius.xtec.cat\/castelldefels\/wp-json\/wp\/v2\/posts\/948\/revisions"}],"predecessor-version":[{"id":4664,"href":"https:\/\/serveiseducatius.xtec.cat\/castelldefels\/wp-json\/wp\/v2\/posts\/948\/revisions\/4664"}],"wp:attachment":[{"href":"https:\/\/serveiseducatius.xtec.cat\/castelldefels\/wp-json\/wp\/v2\/media?parent=948"}],"wp:term":[{"taxonomy":"category","embeddable":true,"href":"https:\/\/serveiseducatius.xtec.cat\/castelldefels\/wp-json\/wp\/v2\/categories?post=948"},{"taxonomy":"post_tag","embeddable":true,"href":"https:\/\/serveiseducatius.xtec.cat\/castelldefels\/wp-json\/wp\/v2\/tags?post=948"}],"curies":[{"name":"wp","href":"https:\/\/api.w.org\/{rel}","templated":true}]}}