{"id":4918,"date":"2025-09-01T09:55:33","date_gmt":"2025-09-01T07:55:33","guid":{"rendered":"https:\/\/serveiseducatius.xtec.cat\/castelldefels\/?p=4918"},"modified":"2025-09-01T09:55:34","modified_gmt":"2025-09-01T07:55:34","slug":"inscripcions-pla-de-formacio-de-zona","status":"publish","type":"post","link":"https:\/\/serveiseducatius.xtec.cat\/castelldefels\/portada\/inscripcions-pla-de-formacio-de-zona\/","title":{"rendered":"Inscripcions Pla de Formaci\u00f3 de Zona"},"content":{"rendered":"\n<figure class=\"wp-block-image aligncenter size-full\"><a href=\"https:\/\/serveiseducatius.xtec.cat\/castelldefels\/wp-content\/uploads\/usu4\/2018\/09\/pfz.jpg\"><img loading=\"lazy\" decoding=\"async\" width=\"416\" height=\"64\" src=\"https:\/\/serveiseducatius.xtec.cat\/castelldefels\/wp-content\/uploads\/usu4\/2018\/09\/pfz.jpg\" alt=\"\" class=\"wp-image-3301\" srcset=\"https:\/\/serveiseducatius.xtec.cat\/castelldefels\/wp-content\/uploads\/usu4\/2018\/09\/pfz.jpg 416w, https:\/\/serveiseducatius.xtec.cat\/castelldefels\/wp-content\/uploads\/usu4\/2018\/09\/pfz-300x46.jpg 300w\" sizes=\"auto, (max-width: 416px) 100vw, 416px\" \/><\/a><\/figure>\n\n\n\n<p><\/p>\n\n\n\n<p>El per\u00edode d&#8217;inscripci\u00f3 de l&#8217;oferta formativa del Departament d&#8217;Educaci\u00f3 per aquest curs romandr\u00e0 obert del <strong>5 al 21 de setembre<\/strong>. A trav\u00e9s dels seg\u00fcents enlla\u00e7os accedireu a:<\/p>\n\n\n\n<ul class=\"wp-block-list\">\n<li><a href=\"https:\/\/aplicacions.gestioeducativa.gencat.cat\/pls\/soloas\/pk_for_mod_ins.p_for_pre_cons_activitats?p_any=2025-2026&amp;p_crp=311&amp;p_totes=S\" target=\"_blank\" rel=\"noreferrer noopener\"><strong>Oferta formativa del CRP de Castelldefels<\/strong><\/a><\/li>\n\n\n\n<li><a href=\"https:\/\/aplicacions.gestioeducativa.gencat.cat\/pls\/soloas\/pk_for_mod_ins.p_for_pre_cons_activitats?p_any=2025-2026&amp;p_entitat=0503\" target=\"_blank\" rel=\"noreferrer noopener\"><strong>Oferta formativa dels Serveis Territorials del Baix Llobregat<\/strong><\/a>.<\/li>\n<\/ul>\n\n\n\n<p>La&nbsp;formaci\u00f3&nbsp;general del professorat oferta pel Departament d&#8217;Educaci\u00f3 t\u00e9 les seves condicions espec\u00edfiques que tamb\u00e9 cal tenir en compte en el moment de la inscripci\u00f3. A trav\u00e9s del <a href=\"https:\/\/xtec.gencat.cat\/ca\/formacio\/formaciogeneralprofessorat\/\" target=\"_blank\" rel=\"noopener\"><strong>seg\u00fcent&nbsp;enlla\u00e7<\/strong><\/a>&nbsp;accedireu a tota l&#8217;oferta de les diferents modalitats formatives.<\/p>\n\n\n\n<p>La <strong>consulta d&#8217;assignacions<\/strong> es podr\u00e0 fer a partir del dia <strong>7 d&#8217;octubre<\/strong> a la p\u00e0gina de consulta de <a href=\"http:\/\/xtec.gencat.cat\/ca\/formacio\/la-meva-formacio\/les-meves-activitats\/\" target=\"_blank\" rel=\"noopener\"><strong>les meves activitats<\/strong><\/a>.<\/p>\n","protected":false},"excerpt":{"rendered":"<p>El per\u00edode d&#8217;inscripci\u00f3 de l&#8217;oferta formativa del Departament d&#8217;Educaci\u00f3 per aquest curs romandr\u00e0 obert del 5 al 21 de setembre. A trav\u00e9s dels seg\u00fcents enlla\u00e7os accedireu a: La&nbsp;formaci\u00f3&nbsp;general del professorat oferta pel Departament d&#8217;Educaci\u00f3 t\u00e9 les seves condicions espec\u00edfiques que tamb\u00e9 cal tenir en compte en el moment de la inscripci\u00f3. A trav\u00e9s del seg\u00fcent&nbsp;enlla\u00e7&nbsp;accedireu [&hellip;]<\/p>\n","protected":false},"author":1,"featured_media":3498,"comment_status":"closed","ping_status":"open","sticky":false,"template":"","format":"standard","meta":{"_bbp_topic_count":0,"_bbp_reply_count":0,"_bbp_total_topic_count":0,"_bbp_total_reply_count":0,"_bbp_voice_count":0,"_bbp_anonymous_reply_count":0,"_bbp_topic_count_hidden":0,"_bbp_reply_count_hidden":0,"_bbp_forum_subforum_count":0,"site-sidebar-layout":"default","site-content-layout":"","ast-site-content-layout":"","site-content-style":"default","site-sidebar-style":"default","ast-global-header-display":"","ast-banner-title-visibility":"","ast-main-header-display":"","ast-hfb-above-header-display":"","ast-hfb-below-header-display":"","ast-hfb-mobile-header-display":"","site-post-title":"","ast-breadcrumbs-content":"","ast-featured-img":"","footer-sml-layout":"","theme-transparent-header-meta":"","adv-header-id-meta":"","stick-header-meta":"","header-above-stick-meta":"","header-main-stick-meta":"","header-below-stick-meta":"","astra-migrate-meta-layouts":"default","ast-page-background-enabled":"default","ast-page-background-meta":{"desktop":{"background-color":"var(--ast-global-color-4)","background-image":"","background-repeat":"repeat","background-position":"center center","background-size":"auto","background-attachment":"scroll","background-type":"","background-media":"","overlay-type":"","overlay-color":"","overlay-opacity":"","overlay-gradient":""},"tablet":{"background-color":"","background-image":"","background-repeat":"repeat","background-position":"center center","background-size":"auto","background-attachment":"scroll","background-type":"","background-media":"","overlay-type":"","overlay-color":"","overlay-opacity":"","overlay-gradient":""},"mobile":{"background-color":"","background-image":"","background-repeat":"repeat","background-position":"center center","background-size":"auto","background-attachment":"scroll","background-type":"","background-media":"","overlay-type":"","overlay-color":"","overlay-opacity":"","overlay-gradient":""}},"ast-content-background-meta":{"desktop":{"background-color":"var(--ast-global-color-5)","background-image":"","background-repeat":"repeat","background-position":"center center","background-size":"auto","background-attachment":"scroll","background-type":"","background-media":"","overlay-type":"","overlay-color":"","overlay-opacity":"","overlay-gradient":""},"tablet":{"background-color":"var(--ast-global-color-5)","background-image":"","background-repeat":"repeat","background-position":"center center","background-size":"auto","background-attachment":"scroll","background-type":"","background-media":"","overlay-type":"","overlay-color":"","overlay-opacity":"","overlay-gradient":""},"mobile":{"background-color":"var(--ast-global-color-5)","background-image":"","background-repeat":"repeat","background-position":"center center","background-size":"auto","background-attachment":"scroll","background-type":"","background-media":"","overlay-type":"","overlay-color":"","overlay-opacity":"","overlay-gradient":""}},"footnotes":""},"categories":[65,236,29],"tags":[],"class_list":["post-4918","post","type-post","status-publish","format-standard","has-post-thumbnail","hentry","category-crp","category-pfz","category-portada"],"post_mailing_queue_ids":[],"_links":{"self":[{"href":"https:\/\/serveiseducatius.xtec.cat\/castelldefels\/wp-json\/wp\/v2\/posts\/4918","targetHints":{"allow":["GET"]}}],"collection":[{"href":"https:\/\/serveiseducatius.xtec.cat\/castelldefels\/wp-json\/wp\/v2\/posts"}],"about":[{"href":"https:\/\/serveiseducatius.xtec.cat\/castelldefels\/wp-json\/wp\/v2\/types\/post"}],"author":[{"embeddable":true,"href":"https:\/\/serveiseducatius.xtec.cat\/castelldefels\/wp-json\/wp\/v2\/users\/1"}],"replies":[{"embeddable":true,"href":"https:\/\/serveiseducatius.xtec.cat\/castelldefels\/wp-json\/wp\/v2\/comments?post=4918"}],"version-history":[{"count":2,"href":"https:\/\/serveiseducatius.xtec.cat\/castelldefels\/wp-json\/wp\/v2\/posts\/4918\/revisions"}],"predecessor-version":[{"id":4920,"href":"https:\/\/serveiseducatius.xtec.cat\/castelldefels\/wp-json\/wp\/v2\/posts\/4918\/revisions\/4920"}],"wp:featuredmedia":[{"embeddable":true,"href":"https:\/\/serveiseducatius.xtec.cat\/castelldefels\/wp-json\/wp\/v2\/media\/3498"}],"wp:attachment":[{"href":"https:\/\/serveiseducatius.xtec.cat\/castelldefels\/wp-json\/wp\/v2\/media?parent=4918"}],"wp:term":[{"taxonomy":"category","embeddable":true,"href":"https:\/\/serveiseducatius.xtec.cat\/castelldefels\/wp-json\/wp\/v2\/categories?post=4918"},{"taxonomy":"post_tag","embeddable":true,"href":"https:\/\/serveiseducatius.xtec.cat\/castelldefels\/wp-json\/wp\/v2\/tags?post=4918"}],"curies":[{"name":"wp","href":"https:\/\/api.w.org\/{rel}","templated":true}]}}