{"id":4456,"date":"2023-02-08T12:40:25","date_gmt":"2023-02-08T11:40:25","guid":{"rendered":"https:\/\/serveiseducatius.xtec.cat\/castelldefels\/?p=4456"},"modified":"2023-02-08T12:42:59","modified_gmt":"2023-02-08T11:42:59","slug":"presentacio-del-llibre-terapia-linguistica-relaxat-que-el-catala-te-solucio","status":"publish","type":"post","link":"https:\/\/serveiseducatius.xtec.cat\/castelldefels\/portada\/presentacio-del-llibre-terapia-linguistica-relaxat-que-el-catala-te-solucio\/","title":{"rendered":"Presentaci\u00f3 del llibre \u201cTer\u00e0pia ling\u00fc\u00edstica. Relaxa\u2019t, que el catal\u00e0 t\u00e9 soluci\u00f3!\u201d"},"content":{"rendered":"<p><a href=\"https:\/\/serveiseducatius.xtec.cat\/castelldefels\/wp-content\/uploads\/usu4\/2023\/02\/llibre.jpg\"><img loading=\"lazy\" decoding=\"async\" class=\"size-full wp-image-4457 alignleft\" src=\"https:\/\/serveiseducatius.xtec.cat\/castelldefels\/wp-content\/uploads\/usu4\/2023\/02\/llibre.jpg\" alt=\"\" width=\"229\" height=\"345\" srcset=\"https:\/\/serveiseducatius.xtec.cat\/castelldefels\/wp-content\/uploads\/usu4\/2023\/02\/llibre.jpg 229w, https:\/\/serveiseducatius.xtec.cat\/castelldefels\/wp-content\/uploads\/usu4\/2023\/02\/llibre-199x300.jpg 199w\" sizes=\"auto, (max-width: 229px) 100vw, 229px\" \/><\/a><\/p>\n<p>&nbsp;<\/p>\n<p>Dubteu quan parleu en catal\u00e0? Potser necessiteu ter\u00e0pia ling\u00fc\u00edstica\u2026<\/p>\n<p>No us perdeu la presentaci\u00f3 del llibre\u00a0<strong><em>Ter\u00e0pia ling\u00fc\u00edstica<\/em><\/strong>. M\u00edriam Mart\u00edn Llobet, l\u2019autora d\u2019aquest manual desenfadat, ens proposa fer ter\u00e0pia ling\u00fc\u00edstica per resoldre, amb sentit de l\u2019humor i sense alli\u00e7onar, els dubtes ling\u00fc\u00edstics m\u00e9s freq\u00fcents.<\/p>\n<p>La presentaci\u00f3 tindr\u00e0 lloc el <strong>9 de febrer<\/strong> a les <strong>18.30<\/strong> h a la\u00a0<strong><a href=\"https:\/\/bibliotecarfjcastelldefels.org\/events\/presentacio-del-llibre-terapia-linguistica-relaxat-que-el-catala-te-solucio-a-carrec-de-lautora-miriam-martin-llobet-en-collaboracio-amb-el-servei-local-de-catala\/\" target=\"_blank\" rel=\"noopener\">Biblioteca Ramon Fern\u00e0ndez Jurado<\/a><\/strong>.<\/p>\n","protected":false},"excerpt":{"rendered":"<p>&nbsp; Dubteu quan parleu en catal\u00e0? Potser necessiteu ter\u00e0pia ling\u00fc\u00edstica\u2026 No us perdeu la presentaci\u00f3 del llibre\u00a0Ter\u00e0pia ling\u00fc\u00edstica. M\u00edriam Mart\u00edn Llobet, l\u2019autora d\u2019aquest manual desenfadat, ens proposa fer ter\u00e0pia ling\u00fc\u00edstica per resoldre, amb sentit de l\u2019humor i sense alli\u00e7onar, els dubtes ling\u00fc\u00edstics m\u00e9s freq\u00fcents. La presentaci\u00f3 tindr\u00e0 lloc el 9 de febrer a les 18.30 [&hellip;]<\/p>\n","protected":false},"author":1,"featured_media":4460,"comment_status":"closed","ping_status":"closed","sticky":false,"template":"","format":"standard","meta":{"_bbp_topic_count":0,"_bbp_reply_count":0,"_bbp_total_topic_count":0,"_bbp_total_reply_count":0,"_bbp_voice_count":0,"_bbp_anonymous_reply_count":0,"_bbp_topic_count_hidden":0,"_bbp_reply_count_hidden":0,"_bbp_forum_subforum_count":0,"site-sidebar-layout":"default","site-content-layout":"","ast-site-content-layout":"","site-content-style":"default","site-sidebar-style":"default","ast-global-header-display":"","ast-banner-title-visibility":"","ast-main-header-display":"","ast-hfb-above-header-display":"","ast-hfb-below-header-display":"","ast-hfb-mobile-header-display":"","site-post-title":"","ast-breadcrumbs-content":"","ast-featured-img":"","footer-sml-layout":"","theme-transparent-header-meta":"","adv-header-id-meta":"","stick-header-meta":"","header-above-stick-meta":"","header-main-stick-meta":"","header-below-stick-meta":"","astra-migrate-meta-layouts":"default","ast-page-background-enabled":"default","ast-page-background-meta":{"desktop":{"background-color":"var(--ast-global-color-4)","background-image":"","background-repeat":"repeat","background-position":"center center","background-size":"auto","background-attachment":"scroll","background-type":"","background-media":"","overlay-type":"","overlay-color":"","overlay-opacity":"","overlay-gradient":""},"tablet":{"background-color":"","background-image":"","background-repeat":"repeat","background-position":"center center","background-size":"auto","background-attachment":"scroll","background-type":"","background-media":"","overlay-type":"","overlay-color":"","overlay-opacity":"","overlay-gradient":""},"mobile":{"background-color":"","background-image":"","background-repeat":"repeat","background-position":"center center","background-size":"auto","background-attachment":"scroll","background-type":"","background-media":"","overlay-type":"","overlay-color":"","overlay-opacity":"","overlay-gradient":""}},"ast-content-background-meta":{"desktop":{"background-color":"var(--ast-global-color-5)","background-image":"","background-repeat":"repeat","background-position":"center center","background-size":"auto","background-attachment":"scroll","background-type":"","background-media":"","overlay-type":"","overlay-color":"","overlay-opacity":"","overlay-gradient":""},"tablet":{"background-color":"var(--ast-global-color-5)","background-image":"","background-repeat":"repeat","background-position":"center center","background-size":"auto","background-attachment":"scroll","background-type":"","background-media":"","overlay-type":"","overlay-color":"","overlay-opacity":"","overlay-gradient":""},"mobile":{"background-color":"var(--ast-global-color-5)","background-image":"","background-repeat":"repeat","background-position":"center center","background-size":"auto","background-attachment":"scroll","background-type":"","background-media":"","overlay-type":"","overlay-color":"","overlay-opacity":"","overlay-gradient":""}},"footnotes":""},"categories":[65,29],"tags":[],"class_list":["post-4456","post","type-post","status-publish","format-standard","has-post-thumbnail","hentry","category-crp","category-portada"],"post_mailing_queue_ids":[],"_links":{"self":[{"href":"https:\/\/serveiseducatius.xtec.cat\/castelldefels\/wp-json\/wp\/v2\/posts\/4456","targetHints":{"allow":["GET"]}}],"collection":[{"href":"https:\/\/serveiseducatius.xtec.cat\/castelldefels\/wp-json\/wp\/v2\/posts"}],"about":[{"href":"https:\/\/serveiseducatius.xtec.cat\/castelldefels\/wp-json\/wp\/v2\/types\/post"}],"author":[{"embeddable":true,"href":"https:\/\/serveiseducatius.xtec.cat\/castelldefels\/wp-json\/wp\/v2\/users\/1"}],"replies":[{"embeddable":true,"href":"https:\/\/serveiseducatius.xtec.cat\/castelldefels\/wp-json\/wp\/v2\/comments?post=4456"}],"version-history":[{"count":2,"href":"https:\/\/serveiseducatius.xtec.cat\/castelldefels\/wp-json\/wp\/v2\/posts\/4456\/revisions"}],"predecessor-version":[{"id":4459,"href":"https:\/\/serveiseducatius.xtec.cat\/castelldefels\/wp-json\/wp\/v2\/posts\/4456\/revisions\/4459"}],"wp:featuredmedia":[{"embeddable":true,"href":"https:\/\/serveiseducatius.xtec.cat\/castelldefels\/wp-json\/wp\/v2\/media\/4460"}],"wp:attachment":[{"href":"https:\/\/serveiseducatius.xtec.cat\/castelldefels\/wp-json\/wp\/v2\/media?parent=4456"}],"wp:term":[{"taxonomy":"category","embeddable":true,"href":"https:\/\/serveiseducatius.xtec.cat\/castelldefels\/wp-json\/wp\/v2\/categories?post=4456"},{"taxonomy":"post_tag","embeddable":true,"href":"https:\/\/serveiseducatius.xtec.cat\/castelldefels\/wp-json\/wp\/v2\/tags?post=4456"}],"curies":[{"name":"wp","href":"https:\/\/api.w.org\/{rel}","templated":true}]}}