{"id":4442,"date":"2023-01-24T10:25:50","date_gmt":"2023-01-24T09:25:50","guid":{"rendered":"https:\/\/serveiseducatius.xtec.cat\/castelldefels\/?p=4442"},"modified":"2023-01-24T10:25:50","modified_gmt":"2023-01-24T09:25:50","slug":"commemoracio-del-dia-internacional-en-memoria-de-les-victimes-de-lholocaust-a-castelldefels","status":"publish","type":"post","link":"https:\/\/serveiseducatius.xtec.cat\/castelldefels\/portada\/commemoracio-del-dia-internacional-en-memoria-de-les-victimes-de-lholocaust-a-castelldefels\/","title":{"rendered":"Commemoraci\u00f3 del Dia Internacional en Mem\u00f2ria de les V\u00edctimes de l\u2019Holocaust a Castelldefels"},"content":{"rendered":"<p><a href=\"https:\/\/serveiseducatius.xtec.cat\/castelldefels\/wp-content\/uploads\/usu4\/2023\/01\/holocaust.jpg\"><img loading=\"lazy\" decoding=\"async\" class=\"alignright  wp-image-4443\" src=\"https:\/\/serveiseducatius.xtec.cat\/castelldefels\/wp-content\/uploads\/usu4\/2023\/01\/holocaust.jpg\" alt=\"\" width=\"499\" height=\"332\" srcset=\"https:\/\/serveiseducatius.xtec.cat\/castelldefels\/wp-content\/uploads\/usu4\/2023\/01\/holocaust.jpg 800w, https:\/\/serveiseducatius.xtec.cat\/castelldefels\/wp-content\/uploads\/usu4\/2023\/01\/holocaust-300x200.jpg 300w, https:\/\/serveiseducatius.xtec.cat\/castelldefels\/wp-content\/uploads\/usu4\/2023\/01\/holocaust-768x511.jpg 768w\" sizes=\"auto, (max-width: 499px) 100vw, 499px\" \/><\/a>El dia <strong>27 de gener<\/strong> commemorem el <strong>Dia Internacional en Mem\u00f2ria de les V\u00edctimes de l\u2019Holocaust<\/strong>, establert per l&#8217;Assemblea General de les Nacions Unides al 2005, per recordar el genocidi i la tortura a Europa en ple segle XX en qu\u00e8 van morir assassinades m\u00e9s de sis milions de persones.<\/p>\n<p>Enguany, a Castelldefels comptarem amb la participaci\u00f3 del <strong>Leopold Estap\u00e9<\/strong>, investigador expert en hist\u00f2ria de la diversitat sexual i de g\u00e8nere, que impartir\u00e0 la xerrada col\u00b7loqui: <strong><em>L&#8217;Holocaust i la deportaci\u00f3 homosexual a l&#8217;Alemanya Nazi<\/em><\/strong>. Des de l&#8217;arribada al poder dels nazis a Alemanya es va iniciar una dura persecuci\u00f3 contra diferents col\u00b7lectius, incloses les persones homosexuals. Com va ser? A qui va afectar? A quants? Quins distintius portaven? Com va ser la postguerra? Es contestaran aquestes preguntes dins del marc general d&#8217;odi a la diversitat que va caracteritzar aquells anys.<\/p>\n<p>Us esperem el <strong>divendres 27 de gener<\/strong>, a la <strong>Sala Polivalent de l\u2019Espai Montserrat Roig<\/strong> (al carrer Esglesia 117), a les <strong>19 h<\/strong>.<\/p>\n","protected":false},"excerpt":{"rendered":"<p>El dia 27 de gener commemorem el Dia Internacional en Mem\u00f2ria de les V\u00edctimes de l\u2019Holocaust, establert per l&#8217;Assemblea General de les Nacions Unides al 2005, per recordar el genocidi i la tortura a Europa en ple segle XX en qu\u00e8 van morir assassinades m\u00e9s de sis milions de persones. Enguany, a Castelldefels comptarem amb [&hellip;]<\/p>\n","protected":false},"author":1,"featured_media":4443,"comment_status":"closed","ping_status":"closed","sticky":false,"template":"","format":"standard","meta":{"_bbp_topic_count":0,"_bbp_reply_count":0,"_bbp_total_topic_count":0,"_bbp_total_reply_count":0,"_bbp_voice_count":0,"_bbp_anonymous_reply_count":0,"_bbp_topic_count_hidden":0,"_bbp_reply_count_hidden":0,"_bbp_forum_subforum_count":0,"site-sidebar-layout":"default","site-content-layout":"","ast-site-content-layout":"","site-content-style":"default","site-sidebar-style":"default","ast-global-header-display":"","ast-banner-title-visibility":"","ast-main-header-display":"","ast-hfb-above-header-display":"","ast-hfb-below-header-display":"","ast-hfb-mobile-header-display":"","site-post-title":"","ast-breadcrumbs-content":"","ast-featured-img":"","footer-sml-layout":"","theme-transparent-header-meta":"","adv-header-id-meta":"","stick-header-meta":"","header-above-stick-meta":"","header-main-stick-meta":"","header-below-stick-meta":"","astra-migrate-meta-layouts":"default","ast-page-background-enabled":"default","ast-page-background-meta":{"desktop":{"background-color":"var(--ast-global-color-4)","background-image":"","background-repeat":"repeat","background-position":"center center","background-size":"auto","background-attachment":"scroll","background-type":"","background-media":"","overlay-type":"","overlay-color":"","overlay-opacity":"","overlay-gradient":""},"tablet":{"background-color":"","background-image":"","background-repeat":"repeat","background-position":"center center","background-size":"auto","background-attachment":"scroll","background-type":"","background-media":"","overlay-type":"","overlay-color":"","overlay-opacity":"","overlay-gradient":""},"mobile":{"background-color":"","background-image":"","background-repeat":"repeat","background-position":"center center","background-size":"auto","background-attachment":"scroll","background-type":"","background-media":"","overlay-type":"","overlay-color":"","overlay-opacity":"","overlay-gradient":""}},"ast-content-background-meta":{"desktop":{"background-color":"var(--ast-global-color-5)","background-image":"","background-repeat":"repeat","background-position":"center center","background-size":"auto","background-attachment":"scroll","background-type":"","background-media":"","overlay-type":"","overlay-color":"","overlay-opacity":"","overlay-gradient":""},"tablet":{"background-color":"var(--ast-global-color-5)","background-image":"","background-repeat":"repeat","background-position":"center center","background-size":"auto","background-attachment":"scroll","background-type":"","background-media":"","overlay-type":"","overlay-color":"","overlay-opacity":"","overlay-gradient":""},"mobile":{"background-color":"var(--ast-global-color-5)","background-image":"","background-repeat":"repeat","background-position":"center center","background-size":"auto","background-attachment":"scroll","background-type":"","background-media":"","overlay-type":"","overlay-color":"","overlay-opacity":"","overlay-gradient":""}},"footnotes":""},"categories":[65,29],"tags":[],"class_list":["post-4442","post","type-post","status-publish","format-standard","has-post-thumbnail","hentry","category-crp","category-portada"],"post_mailing_queue_ids":[],"_links":{"self":[{"href":"https:\/\/serveiseducatius.xtec.cat\/castelldefels\/wp-json\/wp\/v2\/posts\/4442","targetHints":{"allow":["GET"]}}],"collection":[{"href":"https:\/\/serveiseducatius.xtec.cat\/castelldefels\/wp-json\/wp\/v2\/posts"}],"about":[{"href":"https:\/\/serveiseducatius.xtec.cat\/castelldefels\/wp-json\/wp\/v2\/types\/post"}],"author":[{"embeddable":true,"href":"https:\/\/serveiseducatius.xtec.cat\/castelldefels\/wp-json\/wp\/v2\/users\/1"}],"replies":[{"embeddable":true,"href":"https:\/\/serveiseducatius.xtec.cat\/castelldefels\/wp-json\/wp\/v2\/comments?post=4442"}],"version-history":[{"count":2,"href":"https:\/\/serveiseducatius.xtec.cat\/castelldefels\/wp-json\/wp\/v2\/posts\/4442\/revisions"}],"predecessor-version":[{"id":4445,"href":"https:\/\/serveiseducatius.xtec.cat\/castelldefels\/wp-json\/wp\/v2\/posts\/4442\/revisions\/4445"}],"wp:featuredmedia":[{"embeddable":true,"href":"https:\/\/serveiseducatius.xtec.cat\/castelldefels\/wp-json\/wp\/v2\/media\/4443"}],"wp:attachment":[{"href":"https:\/\/serveiseducatius.xtec.cat\/castelldefels\/wp-json\/wp\/v2\/media?parent=4442"}],"wp:term":[{"taxonomy":"category","embeddable":true,"href":"https:\/\/serveiseducatius.xtec.cat\/castelldefels\/wp-json\/wp\/v2\/categories?post=4442"},{"taxonomy":"post_tag","embeddable":true,"href":"https:\/\/serveiseducatius.xtec.cat\/castelldefels\/wp-json\/wp\/v2\/tags?post=4442"}],"curies":[{"name":"wp","href":"https:\/\/api.w.org\/{rel}","templated":true}]}}