{"id":4274,"date":"2022-03-17T09:24:05","date_gmt":"2022-03-17T08:24:05","guid":{"rendered":"https:\/\/serveiseducatius.xtec.cat\/castelldefels\/?p=4274"},"modified":"2022-03-17T09:25:36","modified_gmt":"2022-03-17T08:25:36","slug":"convocatoria-unificada-de-programes-dinnovacio","status":"publish","type":"post","link":"https:\/\/serveiseducatius.xtec.cat\/castelldefels\/portada\/convocatoria-unificada-de-programes-dinnovacio\/","title":{"rendered":"Convocat\u00f2ria unificada de programes d\u2019innovaci\u00f3"},"content":{"rendered":"<p><a href=\"https:\/\/serveiseducatius.xtec.cat\/castelldefels\/wp-content\/uploads\/usu4\/2022\/03\/innovacio.jpg\"><img loading=\"lazy\" decoding=\"async\" class=\"aligncenter wp-image-4275 size-full\" src=\"https:\/\/serveiseducatius.xtec.cat\/castelldefels\/wp-content\/uploads\/usu4\/2022\/03\/innovacio-e1647505423204.jpg\" alt=\"\" width=\"960\" height=\"494\" srcset=\"https:\/\/serveiseducatius.xtec.cat\/castelldefels\/wp-content\/uploads\/usu4\/2022\/03\/innovacio-e1647505423204.jpg 960w, https:\/\/serveiseducatius.xtec.cat\/castelldefels\/wp-content\/uploads\/usu4\/2022\/03\/innovacio-e1647505423204-300x154.jpg 300w, https:\/\/serveiseducatius.xtec.cat\/castelldefels\/wp-content\/uploads\/usu4\/2022\/03\/innovacio-e1647505423204-768x395.jpg 768w\" sizes=\"auto, (max-width: 960px) 100vw, 960px\" \/><\/a><\/p>\n<p>S\u2019ha publicat al Diari Oficial de la Generalitat de Catalunya la <a href=\"https:\/\/projectes.xtec.cat\/transformacioenxarxa\/wp-content\/uploads\/usu1468\/2022\/03\/DOGC-1896063.pdf\" target=\"_blank\" rel=\"noopener\"><strong>Convocat\u00f2ria unificada de programes d\u2019innovaci\u00f3 pedag\u00f2gica<\/strong><\/a>.<\/p>\n<p>La informaci\u00f3 referent als programes d\u2019innovaci\u00f3 pedag\u00f2gica, les places disponibles, aix\u00ed com els models i documentaci\u00f3 necess\u00e0ria per participar-hi, estaran disponibles al <a href=\"https:\/\/espai.educacio.gencat.cat\/Centres\/Innovacio-pedagogica\/Programes\/Pagines\/default.aspx\" target=\"_blank\" rel=\"noopener\">portal de centres del Departament<\/a>, a l&#8217;espai respectiu de cada programa.<\/p>\n<p>Els programes d\u2019innovaci\u00f3 pedag\u00f2gica que ara obren convocat\u00f2ria per al curs 2022-2023 s\u00f3n:<\/p>\n<ul>\n<li>#aquiproubuying<\/li>\n<li>ActivaFP<\/li>\n<li>AraArt<\/li>\n<li>Avancem: Ensenyament i Aprenentatge integrat de les lleng\u00fces<\/li>\n<li>CooperArt<\/li>\n<li>EmpresaFP<\/li>\n<li>Empr\u00e8nFP<\/li>\n<li>FP Dual<\/li>\n<li>FuturaFP<\/li>\n<li>Generaci\u00f3 Pluriling\u00fce (GEP)<\/li>\n<li>InnovaFP<\/li>\n<li>MobilitatFP<\/li>\n<li>OrientaFP<\/li>\n<li>Pr\u00e0ctiques del MUFPS en centres formadors<\/li>\n<li>Xarxa de Comunitats d\u2019Aprenentatge<\/li>\n<\/ul>\n<p>Trobareu tota la informaci\u00f3 detallada al nodes del <a href=\"https:\/\/projectes.xtec.cat\/transformacioenxarxa\/general\/convocatoria-unificada-de-programes-dinnovacio\/\" target=\"_blank\" rel=\"noopener\">laboratori de transformaci\u00f3 educativa<\/a><\/p>\n","protected":false},"excerpt":{"rendered":"<p>S\u2019ha publicat al Diari Oficial de la Generalitat de Catalunya la Convocat\u00f2ria unificada de programes d\u2019innovaci\u00f3 pedag\u00f2gica. La informaci\u00f3 referent als programes d\u2019innovaci\u00f3 pedag\u00f2gica, les places disponibles, aix\u00ed com els models i documentaci\u00f3 necess\u00e0ria per participar-hi, estaran disponibles al portal de centres del Departament, a l&#8217;espai respectiu de cada programa. Els programes d\u2019innovaci\u00f3 pedag\u00f2gica que [&hellip;]<\/p>\n","protected":false},"author":1,"featured_media":4275,"comment_status":"open","ping_status":"closed","sticky":false,"template":"","format":"standard","meta":{"_bbp_topic_count":0,"_bbp_reply_count":0,"_bbp_total_topic_count":0,"_bbp_total_reply_count":0,"_bbp_voice_count":0,"_bbp_anonymous_reply_count":0,"_bbp_topic_count_hidden":0,"_bbp_reply_count_hidden":0,"_bbp_forum_subforum_count":0,"site-sidebar-layout":"default","site-content-layout":"","ast-site-content-layout":"","site-content-style":"default","site-sidebar-style":"default","ast-global-header-display":"","ast-banner-title-visibility":"","ast-main-header-display":"","ast-hfb-above-header-display":"","ast-hfb-below-header-display":"","ast-hfb-mobile-header-display":"","site-post-title":"","ast-breadcrumbs-content":"","ast-featured-img":"","footer-sml-layout":"","theme-transparent-header-meta":"","adv-header-id-meta":"","stick-header-meta":"","header-above-stick-meta":"","header-main-stick-meta":"","header-below-stick-meta":"","astra-migrate-meta-layouts":"default","ast-page-background-enabled":"default","ast-page-background-meta":{"desktop":{"background-color":"var(--ast-global-color-4)","background-image":"","background-repeat":"repeat","background-position":"center center","background-size":"auto","background-attachment":"scroll","background-type":"","background-media":"","overlay-type":"","overlay-color":"","overlay-opacity":"","overlay-gradient":""},"tablet":{"background-color":"","background-image":"","background-repeat":"repeat","background-position":"center center","background-size":"auto","background-attachment":"scroll","background-type":"","background-media":"","overlay-type":"","overlay-color":"","overlay-opacity":"","overlay-gradient":""},"mobile":{"background-color":"","background-image":"","background-repeat":"repeat","background-position":"center center","background-size":"auto","background-attachment":"scroll","background-type":"","background-media":"","overlay-type":"","overlay-color":"","overlay-opacity":"","overlay-gradient":""}},"ast-content-background-meta":{"desktop":{"background-color":"var(--ast-global-color-5)","background-image":"","background-repeat":"repeat","background-position":"center center","background-size":"auto","background-attachment":"scroll","background-type":"","background-media":"","overlay-type":"","overlay-color":"","overlay-opacity":"","overlay-gradient":""},"tablet":{"background-color":"var(--ast-global-color-5)","background-image":"","background-repeat":"repeat","background-position":"center center","background-size":"auto","background-attachment":"scroll","background-type":"","background-media":"","overlay-type":"","overlay-color":"","overlay-opacity":"","overlay-gradient":""},"mobile":{"background-color":"var(--ast-global-color-5)","background-image":"","background-repeat":"repeat","background-position":"center center","background-size":"auto","background-attachment":"scroll","background-type":"","background-media":"","overlay-type":"","overlay-color":"","overlay-opacity":"","overlay-gradient":""}},"footnotes":""},"categories":[65,29],"tags":[],"class_list":["post-4274","post","type-post","status-publish","format-standard","has-post-thumbnail","hentry","category-crp","category-portada"],"post_mailing_queue_ids":[],"_links":{"self":[{"href":"https:\/\/serveiseducatius.xtec.cat\/castelldefels\/wp-json\/wp\/v2\/posts\/4274","targetHints":{"allow":["GET"]}}],"collection":[{"href":"https:\/\/serveiseducatius.xtec.cat\/castelldefels\/wp-json\/wp\/v2\/posts"}],"about":[{"href":"https:\/\/serveiseducatius.xtec.cat\/castelldefels\/wp-json\/wp\/v2\/types\/post"}],"author":[{"embeddable":true,"href":"https:\/\/serveiseducatius.xtec.cat\/castelldefels\/wp-json\/wp\/v2\/users\/1"}],"replies":[{"embeddable":true,"href":"https:\/\/serveiseducatius.xtec.cat\/castelldefels\/wp-json\/wp\/v2\/comments?post=4274"}],"version-history":[{"count":2,"href":"https:\/\/serveiseducatius.xtec.cat\/castelldefels\/wp-json\/wp\/v2\/posts\/4274\/revisions"}],"predecessor-version":[{"id":4277,"href":"https:\/\/serveiseducatius.xtec.cat\/castelldefels\/wp-json\/wp\/v2\/posts\/4274\/revisions\/4277"}],"wp:featuredmedia":[{"embeddable":true,"href":"https:\/\/serveiseducatius.xtec.cat\/castelldefels\/wp-json\/wp\/v2\/media\/4275"}],"wp:attachment":[{"href":"https:\/\/serveiseducatius.xtec.cat\/castelldefels\/wp-json\/wp\/v2\/media?parent=4274"}],"wp:term":[{"taxonomy":"category","embeddable":true,"href":"https:\/\/serveiseducatius.xtec.cat\/castelldefels\/wp-json\/wp\/v2\/categories?post=4274"},{"taxonomy":"post_tag","embeddable":true,"href":"https:\/\/serveiseducatius.xtec.cat\/castelldefels\/wp-json\/wp\/v2\/tags?post=4274"}],"curies":[{"name":"wp","href":"https:\/\/api.w.org\/{rel}","templated":true}]}}