{"id":4095,"date":"2021-06-10T12:24:54","date_gmt":"2021-06-10T10:24:54","guid":{"rendered":"https:\/\/serveiseducatius.xtec.cat\/castelldefels\/?p=4095"},"modified":"2021-06-10T12:24:54","modified_gmt":"2021-06-10T10:24:54","slug":"vuitena-edicio-de-la-universitat-de-ciencia-i-tecnologia-castechdefels-2021","status":"publish","type":"post","link":"https:\/\/serveiseducatius.xtec.cat\/castelldefels\/portada\/vuitena-edicio-de-la-universitat-de-ciencia-i-tecnologia-castechdefels-2021\/","title":{"rendered":"Vuitena edici\u00f3 de la Universitat de Ci\u00e8ncia i Tecnologia, CasTECHdefels 2021"},"content":{"rendered":"<p><a href=\"https:\/\/serveiseducatius.xtec.cat\/castelldefels\/wp-content\/uploads\/usu4\/2021\/06\/CASTECHDEFELS-2.jpg\"><img loading=\"lazy\" decoding=\"async\" class=\"aligncenter  wp-image-4096\" src=\"https:\/\/serveiseducatius.xtec.cat\/castelldefels\/wp-content\/uploads\/usu4\/2021\/06\/CASTECHDEFELS-2.jpg\" alt=\"\" width=\"788\" height=\"202\" srcset=\"https:\/\/serveiseducatius.xtec.cat\/castelldefels\/wp-content\/uploads\/usu4\/2021\/06\/CASTECHDEFELS-2.jpg 374w, https:\/\/serveiseducatius.xtec.cat\/castelldefels\/wp-content\/uploads\/usu4\/2021\/06\/CASTECHDEFELS-2-300x77.jpg 300w\" sizes=\"auto, (max-width: 788px) 100vw, 788px\" \/><\/a><\/p>\n<p>Aquest estiu tornen les activitats presencials, amb grups redu\u00efts, per gaudir i aprendre sobre algunes de les aplicacions pr\u00e0ctiques de les enginyeries que impartim a les Escoles del Campus. Organitzada conjuntament amb l&#8217;Ajuntament de Castelldefels, al llarg de la <strong>CasTECHdefels<\/strong> es desenvoluparan les seg\u00fcents activitats:<\/p>\n<h5><strong>Cursos-taller Science School, especialment adre\u00e7ats al jovent de 12 a 18 anys.<\/strong><\/h5>\n<ul>\n<li><strong>Videojocs amb Processing des de zero<\/strong> \u2013 Aprendrem a desenvolupar aplicacions gr\u00e0fiques i videojocs senzills utilitzant aquest llenguatge. Curs pr\u00e0ctic basat en la metodologia Project Based Learning.<\/li>\n<li><strong>L&#8217;Odissea (una revisi\u00f3 del cl\u00e0ssics aplicant l&#8217;enginyeria)<\/strong> \u2013 Els grans mites grecs es van haver d\u2019enfrontar a tot un seguit de proves complicad\u00edssimes. Qu\u00e8 hauria passat si fossin enginyers o enginyeres? Respondrem aquesta pregunta revivint alguns dels episodis m\u00e9s coneguts de la mitologia cl\u00e0ssica combinant el joc i la tecnologia.<\/li>\n<\/ul>\n<p>La durada total d\u2019aquests cursos \u00e9s de <strong>15 hores<\/strong> i es duran a terme de <strong>dilluns a divendres<\/strong> en horari de<strong> mat\u00ed<\/strong>. De cada curs se\u2019n faran dues edicions consecutives les setmanes del 28 de juny al 2 de juliol, i del 5 al 9 de juliol.<\/p>\n<ul>\n<li>Horari: 10:00 a 13:15<\/li>\n<li>Preu: 50\u20ac persona\/setmana<\/li>\n<li>Proc\u00e9s d&#8217;inscripci\u00f3 a l&#8217;activitat a trav\u00e9s d&#8217;aquest <a href=\"http:\/\/docs.google.com\/forms\/d\/19QCJr5W0T0mFYq7gav1jLbpC1bL7aa7kY8QbahWnuAI\/viewform?edit_requested=true\" target=\"_blank\" rel=\"noopener noreferrer\"><strong>FORMULARI<\/strong><\/a><\/li>\n<\/ul>\n<h5><strong>Curs per a professorat de prim\u00e0ria i secund\u00e0ria.<\/strong><\/h5>\n<ul>\n<li>Micro:bit des de zero \u2013 Micro:bit \u00e9s una placa programable especialment dissenyada per facilitar l\u2019aprenentatge STEAM (Ci\u00e8ncia, Tecnologia, Enginyeria, Arts i Matem\u00e0tiques). En comparaci\u00f3 amb altres plaques Micro:bit t\u00e9 uns avantatges que faciliten el treball amb els m\u00e9s joves (educaci\u00f3 prim\u00e0ria) i permet tamb\u00e9, per les seves caracter\u00edstiques, fer treballs m\u00e9s complexes en cursos avan\u00e7ats.<\/li>\n<\/ul>\n<p>La durada d\u2019aquest curs \u00e9s de <strong>30 hores<\/strong> \u2013 25 presencials i est\u00e0 reconegut com a curs de formaci\u00f3 del professorat, s\u2019impartir\u00e0 la setmana del <strong>5 al 9 de juliol<\/strong> en horari de <strong>mat\u00ed<\/strong>.<\/p>\n<ul>\n<li>Horari: 9:00 a 14:00<\/li>\n<li>Preu: 90\u20ac persona\/setmana<\/li>\n<li><a href=\"https:\/\/aplicacions.gestioeducativa.gencat.cat\/pls\/soloas\/pk_for_mod_ins.p_for_exhaustiu_activitat?p_header=Detall%20d%27activitat^pk_for_mod_ins.p_for_detall_activitat?p_codi=9000210014%26p_curs=2020-2021%26p_es_inscr=S&amp;p_codi=9000210014&amp;p_curs=2020-2021&amp;p_es_inscr=S\" target=\"_blank\" rel=\"noopener noreferrer\">Detall de l&#8217;activitat<\/a><\/li>\n<li>Proc\u00e9s d&#8217;inscripci\u00f3 a l&#8217;activitat a trav\u00e9s d&#8217;aquest <a href=\"https:\/\/aplicacions.gestioeducativa.gencat.cat\/pls\/soloas\/pk_for_mod_ins.p_for_detall_activitat?p_codi=9000210014&amp;p_curs=2020-2021&amp;p_es_inscr=S\" target=\"_blank\" rel=\"noopener noreferrer\"><strong>FORMULARI<\/strong><\/a><\/li>\n<\/ul>\n<h5><strong>Ci\u00e8ncia en fam\u00edlia<\/strong><\/h5>\n<p>Les fam\u00edlies tamb\u00e9 trobareu un espai per compartir i aprendre. Els laboratoris i les instal\u00b7lacions de la UPC us ofereixen experi\u00e8ncies \u00faniques i divertides on descobrireu que la ci\u00e8ncia i la tecnologia estan a l\u2019abast de tothom. Els m\u00e9s petits i petites, acompanyats d\u2019un adult experimentaran i aprendran passant una bona estona en un ambient dist\u00e8s, universitari i molt participatiu. Aquests tallers que tenen una durada de dues hores s\u2019impartiran les tardes dels dilluns, dimecres i divendres de la primera quinzena de juliol.<\/p>\n<ul>\n<li>Horari: 17:30 a 19:30<\/li>\n<li>Preu: 5\u20ac persona<\/li>\n<li>Proc\u00e9s d&#8217;inscripci\u00f3 a l&#8217;activitat a trav\u00e9s d&#8217;aquest <a href=\"http:\/\/docs.google.com\/forms\/d\/1_4kjjxXahSOX8EkjdONND74kJ0bVulVBHgZs9altOUA\/viewform?edit_requested=true\" target=\"_blank\" rel=\"noopener noreferrer\"><strong>FORMULARI<\/strong><\/a><\/li>\n<\/ul>\n","protected":false},"excerpt":{"rendered":"<p>Aquest estiu tornen les activitats presencials, amb grups redu\u00efts, per gaudir i aprendre sobre algunes de les aplicacions pr\u00e0ctiques de les enginyeries que impartim a les Escoles del Campus. Organitzada conjuntament amb l&#8217;Ajuntament de Castelldefels, al llarg de la CasTECHdefels es desenvoluparan les seg\u00fcents activitats: Cursos-taller Science School, especialment adre\u00e7ats al jovent de 12 a [&hellip;]<\/p>\n","protected":false},"author":1,"featured_media":4096,"comment_status":"open","ping_status":"closed","sticky":false,"template":"","format":"standard","meta":{"_bbp_topic_count":0,"_bbp_reply_count":0,"_bbp_total_topic_count":0,"_bbp_total_reply_count":0,"_bbp_voice_count":0,"_bbp_anonymous_reply_count":0,"_bbp_topic_count_hidden":0,"_bbp_reply_count_hidden":0,"_bbp_forum_subforum_count":0,"site-sidebar-layout":"default","site-content-layout":"","ast-site-content-layout":"","site-content-style":"default","site-sidebar-style":"default","ast-global-header-display":"","ast-banner-title-visibility":"","ast-main-header-display":"","ast-hfb-above-header-display":"","ast-hfb-below-header-display":"","ast-hfb-mobile-header-display":"","site-post-title":"","ast-breadcrumbs-content":"","ast-featured-img":"","footer-sml-layout":"","theme-transparent-header-meta":"","adv-header-id-meta":"","stick-header-meta":"","header-above-stick-meta":"","header-main-stick-meta":"","header-below-stick-meta":"","astra-migrate-meta-layouts":"default","ast-page-background-enabled":"default","ast-page-background-meta":{"desktop":{"background-color":"var(--ast-global-color-4)","background-image":"","background-repeat":"repeat","background-position":"center center","background-size":"auto","background-attachment":"scroll","background-type":"","background-media":"","overlay-type":"","overlay-color":"","overlay-opacity":"","overlay-gradient":""},"tablet":{"background-color":"","background-image":"","background-repeat":"repeat","background-position":"center center","background-size":"auto","background-attachment":"scroll","background-type":"","background-media":"","overlay-type":"","overlay-color":"","overlay-opacity":"","overlay-gradient":""},"mobile":{"background-color":"","background-image":"","background-repeat":"repeat","background-position":"center center","background-size":"auto","background-attachment":"scroll","background-type":"","background-media":"","overlay-type":"","overlay-color":"","overlay-opacity":"","overlay-gradient":""}},"ast-content-background-meta":{"desktop":{"background-color":"var(--ast-global-color-5)","background-image":"","background-repeat":"repeat","background-position":"center center","background-size":"auto","background-attachment":"scroll","background-type":"","background-media":"","overlay-type":"","overlay-color":"","overlay-opacity":"","overlay-gradient":""},"tablet":{"background-color":"var(--ast-global-color-5)","background-image":"","background-repeat":"repeat","background-position":"center center","background-size":"auto","background-attachment":"scroll","background-type":"","background-media":"","overlay-type":"","overlay-color":"","overlay-opacity":"","overlay-gradient":""},"mobile":{"background-color":"var(--ast-global-color-5)","background-image":"","background-repeat":"repeat","background-position":"center center","background-size":"auto","background-attachment":"scroll","background-type":"","background-media":"","overlay-type":"","overlay-color":"","overlay-opacity":"","overlay-gradient":""}},"footnotes":""},"categories":[65,29],"tags":[],"class_list":["post-4095","post","type-post","status-publish","format-standard","has-post-thumbnail","hentry","category-crp","category-portada"],"post_mailing_queue_ids":[],"_links":{"self":[{"href":"https:\/\/serveiseducatius.xtec.cat\/castelldefels\/wp-json\/wp\/v2\/posts\/4095","targetHints":{"allow":["GET"]}}],"collection":[{"href":"https:\/\/serveiseducatius.xtec.cat\/castelldefels\/wp-json\/wp\/v2\/posts"}],"about":[{"href":"https:\/\/serveiseducatius.xtec.cat\/castelldefels\/wp-json\/wp\/v2\/types\/post"}],"author":[{"embeddable":true,"href":"https:\/\/serveiseducatius.xtec.cat\/castelldefels\/wp-json\/wp\/v2\/users\/1"}],"replies":[{"embeddable":true,"href":"https:\/\/serveiseducatius.xtec.cat\/castelldefels\/wp-json\/wp\/v2\/comments?post=4095"}],"version-history":[{"count":3,"href":"https:\/\/serveiseducatius.xtec.cat\/castelldefels\/wp-json\/wp\/v2\/posts\/4095\/revisions"}],"predecessor-version":[{"id":4100,"href":"https:\/\/serveiseducatius.xtec.cat\/castelldefels\/wp-json\/wp\/v2\/posts\/4095\/revisions\/4100"}],"wp:featuredmedia":[{"embeddable":true,"href":"https:\/\/serveiseducatius.xtec.cat\/castelldefels\/wp-json\/wp\/v2\/media\/4096"}],"wp:attachment":[{"href":"https:\/\/serveiseducatius.xtec.cat\/castelldefels\/wp-json\/wp\/v2\/media?parent=4095"}],"wp:term":[{"taxonomy":"category","embeddable":true,"href":"https:\/\/serveiseducatius.xtec.cat\/castelldefels\/wp-json\/wp\/v2\/categories?post=4095"},{"taxonomy":"post_tag","embeddable":true,"href":"https:\/\/serveiseducatius.xtec.cat\/castelldefels\/wp-json\/wp\/v2\/tags?post=4095"}],"curies":[{"name":"wp","href":"https:\/\/api.w.org\/{rel}","templated":true}]}}