{"id":4069,"date":"2021-05-17T08:56:16","date_gmt":"2021-05-17T06:56:16","guid":{"rendered":"https:\/\/serveiseducatius.xtec.cat\/castelldefels\/?p=4069"},"modified":"2021-05-17T08:56:16","modified_gmt":"2021-05-17T06:56:16","slug":"dia-internacional-contra-lhomofobia-la-transfobia-i-la-bifobia","status":"publish","type":"post","link":"https:\/\/serveiseducatius.xtec.cat\/castelldefels\/portada\/dia-internacional-contra-lhomofobia-la-transfobia-i-la-bifobia\/","title":{"rendered":"Dia Internacional contra l&#8217;Homof\u00f2bia, la Transf\u00f2bia i la Bif\u00f2bia"},"content":{"rendered":"<p><a href=\"https:\/\/serveiseducatius.xtec.cat\/castelldefels\/wp-content\/uploads\/usu4\/2021\/05\/dia-contra-homofobia-transfobia.jpg\"><img loading=\"lazy\" decoding=\"async\" class=\" wp-image-4070 alignright\" src=\"https:\/\/serveiseducatius.xtec.cat\/castelldefels\/wp-content\/uploads\/usu4\/2021\/05\/dia-contra-homofobia-transfobia.jpg\" alt=\"\" width=\"338\" height=\"338\" srcset=\"https:\/\/serveiseducatius.xtec.cat\/castelldefels\/wp-content\/uploads\/usu4\/2021\/05\/dia-contra-homofobia-transfobia.jpg 538w, https:\/\/serveiseducatius.xtec.cat\/castelldefels\/wp-content\/uploads\/usu4\/2021\/05\/dia-contra-homofobia-transfobia-150x150.jpg 150w, https:\/\/serveiseducatius.xtec.cat\/castelldefels\/wp-content\/uploads\/usu4\/2021\/05\/dia-contra-homofobia-transfobia-300x300.jpg 300w\" sizes=\"auto, (max-width: 338px) 100vw, 338px\" \/><\/a>Cada\u00a0<strong>17 de maig<\/strong>\u00a0es commemora la lluita contra l&#8217;homof\u00f2bia (lesbof\u00f2bia i gaif\u00f2bia), la bif\u00f2bia, la transf\u00f2bia i la f\u00f2bia a la intersexualitat. Des del sistema educatiu, recordem que cal treballar per garantir els drets de les persones LGBTI a fi que la viv\u00e8ncia del g\u00e8nere sigui una viv\u00e8ncia saludable i empoderadora de totes les persones.<\/p>\n<p>Els centres educatius s\u00f3n espais de socialitzaci\u00f3 i, per tant, s\u00f3n un marc idoni per fomentar un esperit cr\u00edtic envers el sexisme, valorar el m\u00f3n de la cura i comprometre\u2019s amb els eixos de diversitat.<\/p>\n<p>Us suggerim propostes d\u2019actuaci\u00f3 i recursos espec\u00edfics a fi de promoure la conscienciaci\u00f3 de la diversitat de g\u00e8nere i la prevenci\u00f3 i l\u2019abordatge de l\u2019assetjament LGBTI.<\/p>\n<h4><strong>Propostes d\u2019actuaci\u00f3<\/strong><\/h4>\n<ul>\n<li><strong>Escoltem veus expertes<\/strong>\n<ul>\n<li><a href=\"https:\/\/www.cccb.org\/ca\/multimedia\/videos\/judith-butler-genere-i-sexualitat-per-a-adolescents\/228974\" target=\"_blank\" rel=\"noopener noreferrer\">Judith Butler. G\u00e8nere i sexualitat per a adolescents<\/a>. En el web del CCCB, hi trobem aquest di\u00e0leg entre la fil\u00f2sofa i experta en estudis de g\u00e8nere i estudiants de secund\u00e0ria, a 18 d\u2019abril de 2018.<\/li>\n<li><a href=\"https:\/\/gayles.tv\/lucas-platero-activista-trans\/\" target=\"_blank\" rel=\"noopener noreferrer\">Lucas Platero, educaci\u00f3 i canvis d&#8217;actitud<\/a>. En Gayles TV, hi ha aquesta aproximaci\u00f3 a la persona i pensament de Lucas Platero, de 2016, sobre la discriminaci\u00f3 dones, discriminaci\u00f3 persones transg\u00e8nere, persones que estan al marge i sobre el paper fonamental de l\u2019educaci\u00f3, d\u2019inter\u00e8s per a educaci\u00f3 secund\u00e0ria i postobligat\u00f2ria.<\/li>\n<\/ul>\n<\/li>\n<li><strong>Organitzem un cinef\u00f2rum<\/strong>\n<ul>\n<li><a href=\"https:\/\/www.youtube.com\/watch?v=Rr23pPvrGs4\" target=\"_blank\" rel=\"noopener noreferrer\">El colegio de los colores infinitos<\/a>, curt de la FELGTB<\/li>\n<li><a href=\"https:\/\/www.youtube.com\/watch?v=o5RHPAI43dM\" target=\"_blank\" rel=\"noopener noreferrer\">In a Heartbeath<\/a>, curt de Beth David i Esteban Bravo<\/li>\n<li><a href=\"https:\/\/www.youtube.com\/watch?v=Q2IKVQxrY14\" target=\"_blank\" rel=\"noopener noreferrer\">Lliures i iguals: la lli\u00e7\u00f3<\/a>, curt de l\u2019Organitzaci\u00f3 de les Nacions Unides<\/li>\n<li><a href=\"https:\/\/www.ccma.cat\/tv3\/alacarta\/diversitat-en-curt\/jupiter-i-mart-de-carla-subirana\/video\/5611070\/\" target=\"_blank\" rel=\"noopener noreferrer\">J\u00fapiter i Mart<\/a>, curt de Carla Subirana<\/li>\n<li><a href=\"https:\/\/www.youtube.com\/watch?v=h2vHU9zfI0o&amp;t=9s\" target=\"_blank\" rel=\"noopener noreferrer\">Un cop de realitat<\/a>, curt de Pandora Recursos Dona<\/li>\n<li><a href=\"https:\/\/candela.cat\/cinematografia\/\" target=\"_blank\" rel=\"noopener noreferrer\">V\u00eddeos, curts i pel\u00b7l\u00edcules<\/a>. En aquesta p\u00e0gina de la Cooperativa Candela, hi trobareu fons audiovisual per tractar la diversitat sexual i de g\u00e8nere, l\u2019assetjament lgbtif\u00f2bic, per a educaci\u00f3 prim\u00e0ria, secund\u00e0ria i postobligat\u00f2ria.<\/li>\n<\/ul>\n<\/li>\n<li><strong>Expliquem un conte<\/strong>\n<ul>\n<li><a href=\"https:\/\/www.youtube.com\/watch?v=4uOXUCiDE-s\" target=\"_blank\" rel=\"noopener noreferrer\">And Tango makes three<\/a>. Conte en angl\u00e8s que tamb\u00e9 ha estat tradu\u00eft al catal\u00e0 i castell\u00e0, de Justin Richardson i Peter Parnell, il\u00b7lustrat per Henry Cole, per a infantil i cicle inicial de prim\u00e0ria.<\/li>\n<li><a href=\"https:\/\/www.youtube.com\/watch?v=GLeNX9t3uHY\" target=\"_blank\" rel=\"noopener noreferrer\">Hist\u00f2ria d\u2019una cera de colors<\/a>. De Michael Hall, editorial Takatuka, per a prim\u00e0ria (<a href=\"http:\/\/www.takatuka.cat\/ficha_libro\/Fitxa_Vermell.pdf\" target=\"_blank\" rel=\"noopener noreferrer\">fitxa<\/a>).<\/li>\n<\/ul>\n<\/li>\n<li><strong>Juguem als mini m\u00f3ns<\/strong>\n<ul>\n<li>\u00c9s un joc lliure, no estereotipat, l\u2019\u00fanica condici\u00f3 del qual \u00e9s que qualsevol objecte pot ser qualsevol cosa. Simplement cal deixar crear, experimentar i, mentre els infants creen, afloren els seus sentiments, emocions del que els agrada o del que no, d&#8217;on se senten a gust. Experi\u00e8ncia de l\u2019Escola de Ma\u00e7anet de la Selva:\u00a0<a href=\"https:\/\/www.youtube.com\/watch?v=4v-CfB4qjz4\" target=\"_blank\" rel=\"noopener noreferrer\">El joc amb mini m\u00f3n i peces soltes<\/a>.<\/li>\n<\/ul>\n<\/li>\n<\/ul>\n<p>Un cop realitzada l\u2019activitat podeu fer la difusi\u00f3 amb fotografies, v\u00eddeos o enlla\u00e7os (a la vostra p\u00e0gina web o bloc), \u00a0al Twitter o Instagram amb les etiquetes <strong>#stoplgbtifobia<\/strong>\u00a0#coeducat\u00a0#lesescoleslliuresdeviolencies\u00a0i amb la menci\u00f3 @xtec<\/p>\n","protected":false},"excerpt":{"rendered":"<p>Cada\u00a017 de maig\u00a0es commemora la lluita contra l&#8217;homof\u00f2bia (lesbof\u00f2bia i gaif\u00f2bia), la bif\u00f2bia, la transf\u00f2bia i la f\u00f2bia a la intersexualitat. Des del sistema educatiu, recordem que cal treballar per garantir els drets de les persones LGBTI a fi que la viv\u00e8ncia del g\u00e8nere sigui una viv\u00e8ncia saludable i empoderadora de totes les persones. Els [&hellip;]<\/p>\n","protected":false},"author":1,"featured_media":4070,"comment_status":"open","ping_status":"closed","sticky":false,"template":"","format":"standard","meta":{"_bbp_topic_count":0,"_bbp_reply_count":0,"_bbp_total_topic_count":0,"_bbp_total_reply_count":0,"_bbp_voice_count":0,"_bbp_anonymous_reply_count":0,"_bbp_topic_count_hidden":0,"_bbp_reply_count_hidden":0,"_bbp_forum_subforum_count":0,"site-sidebar-layout":"default","site-content-layout":"","ast-site-content-layout":"","site-content-style":"default","site-sidebar-style":"default","ast-global-header-display":"","ast-banner-title-visibility":"","ast-main-header-display":"","ast-hfb-above-header-display":"","ast-hfb-below-header-display":"","ast-hfb-mobile-header-display":"","site-post-title":"","ast-breadcrumbs-content":"","ast-featured-img":"","footer-sml-layout":"","theme-transparent-header-meta":"","adv-header-id-meta":"","stick-header-meta":"","header-above-stick-meta":"","header-main-stick-meta":"","header-below-stick-meta":"","astra-migrate-meta-layouts":"default","ast-page-background-enabled":"default","ast-page-background-meta":{"desktop":{"background-color":"var(--ast-global-color-4)","background-image":"","background-repeat":"repeat","background-position":"center center","background-size":"auto","background-attachment":"scroll","background-type":"","background-media":"","overlay-type":"","overlay-color":"","overlay-opacity":"","overlay-gradient":""},"tablet":{"background-color":"","background-image":"","background-repeat":"repeat","background-position":"center center","background-size":"auto","background-attachment":"scroll","background-type":"","background-media":"","overlay-type":"","overlay-color":"","overlay-opacity":"","overlay-gradient":""},"mobile":{"background-color":"","background-image":"","background-repeat":"repeat","background-position":"center center","background-size":"auto","background-attachment":"scroll","background-type":"","background-media":"","overlay-type":"","overlay-color":"","overlay-opacity":"","overlay-gradient":""}},"ast-content-background-meta":{"desktop":{"background-color":"var(--ast-global-color-5)","background-image":"","background-repeat":"repeat","background-position":"center center","background-size":"auto","background-attachment":"scroll","background-type":"","background-media":"","overlay-type":"","overlay-color":"","overlay-opacity":"","overlay-gradient":""},"tablet":{"background-color":"var(--ast-global-color-5)","background-image":"","background-repeat":"repeat","background-position":"center center","background-size":"auto","background-attachment":"scroll","background-type":"","background-media":"","overlay-type":"","overlay-color":"","overlay-opacity":"","overlay-gradient":""},"mobile":{"background-color":"var(--ast-global-color-5)","background-image":"","background-repeat":"repeat","background-position":"center center","background-size":"auto","background-attachment":"scroll","background-type":"","background-media":"","overlay-type":"","overlay-color":"","overlay-opacity":"","overlay-gradient":""}},"footnotes":""},"categories":[65,29],"tags":[],"class_list":["post-4069","post","type-post","status-publish","format-standard","has-post-thumbnail","hentry","category-crp","category-portada"],"post_mailing_queue_ids":[],"_links":{"self":[{"href":"https:\/\/serveiseducatius.xtec.cat\/castelldefels\/wp-json\/wp\/v2\/posts\/4069","targetHints":{"allow":["GET"]}}],"collection":[{"href":"https:\/\/serveiseducatius.xtec.cat\/castelldefels\/wp-json\/wp\/v2\/posts"}],"about":[{"href":"https:\/\/serveiseducatius.xtec.cat\/castelldefels\/wp-json\/wp\/v2\/types\/post"}],"author":[{"embeddable":true,"href":"https:\/\/serveiseducatius.xtec.cat\/castelldefels\/wp-json\/wp\/v2\/users\/1"}],"replies":[{"embeddable":true,"href":"https:\/\/serveiseducatius.xtec.cat\/castelldefels\/wp-json\/wp\/v2\/comments?post=4069"}],"version-history":[{"count":1,"href":"https:\/\/serveiseducatius.xtec.cat\/castelldefels\/wp-json\/wp\/v2\/posts\/4069\/revisions"}],"predecessor-version":[{"id":4071,"href":"https:\/\/serveiseducatius.xtec.cat\/castelldefels\/wp-json\/wp\/v2\/posts\/4069\/revisions\/4071"}],"wp:featuredmedia":[{"embeddable":true,"href":"https:\/\/serveiseducatius.xtec.cat\/castelldefels\/wp-json\/wp\/v2\/media\/4070"}],"wp:attachment":[{"href":"https:\/\/serveiseducatius.xtec.cat\/castelldefels\/wp-json\/wp\/v2\/media?parent=4069"}],"wp:term":[{"taxonomy":"category","embeddable":true,"href":"https:\/\/serveiseducatius.xtec.cat\/castelldefels\/wp-json\/wp\/v2\/categories?post=4069"},{"taxonomy":"post_tag","embeddable":true,"href":"https:\/\/serveiseducatius.xtec.cat\/castelldefels\/wp-json\/wp\/v2\/tags?post=4069"}],"curies":[{"name":"wp","href":"https:\/\/api.w.org\/{rel}","templated":true}]}}