{"id":4009,"date":"2021-03-22T09:48:03","date_gmt":"2021-03-22T08:48:03","guid":{"rendered":"https:\/\/serveiseducatius.xtec.cat\/castelldefels\/?p=4009"},"modified":"2021-03-22T09:48:03","modified_gmt":"2021-03-22T08:48:03","slug":"lletres-a-laula","status":"publish","type":"post","link":"https:\/\/serveiseducatius.xtec.cat\/castelldefels\/portada\/lletres-a-laula\/","title":{"rendered":"Lletres a l&#8217;aula"},"content":{"rendered":"<p>El passat\u00a0 dimecres dia 17 de mar\u00e7 els alumnes de 2n de prim\u00e0ria de les les escoles Josep Guinovart, Els Pins, Torre Barona i Jacint Verdaguer van tenir una trobada telem\u00e0tica amb la <strong>Merc\u00e8 Ar\u00e0nega<\/strong> autora de la col\u00b7lecci\u00f3 <strong>El Drac Sim\u00f3<\/strong>. Van poder veure com la il\u00b7lustradora dibuixava al Drac Sim\u00f3 en directe i fer-li aquelles preguntes que m\u00e9s els interessaven. Van interactuar amb les propostes de la Merc\u00e8 i sobretot van\u00a0 gaudir molt. Aquesta activitat ha possible gr\u00e0cies al programa <strong>Lletres a l&#8217;aula<\/strong>. Trobareu a continuaci\u00f3 un breu recull fotogr\u00e0fic de l&#8217;esdeveniment.<\/p>\n<div id='gallery-1' class='gallery galleryid-4009 gallery-columns-3 gallery-size-medium'><figure class='gallery-item'>\n\t\t\t<div class='gallery-icon landscape'>\n\t\t\t\t<a href='https:\/\/serveiseducatius.xtec.cat\/castelldefels\/portada\/lletres-a-laula\/attachment\/1\/'><img loading=\"lazy\" decoding=\"async\" width=\"300\" height=\"225\" src=\"https:\/\/serveiseducatius.xtec.cat\/castelldefels\/wp-content\/uploads\/usu4\/2021\/03\/1-300x225.jpg\" class=\"attachment-medium size-medium\" alt=\"\" srcset=\"https:\/\/serveiseducatius.xtec.cat\/castelldefels\/wp-content\/uploads\/usu4\/2021\/03\/1-300x225.jpg 300w, https:\/\/serveiseducatius.xtec.cat\/castelldefels\/wp-content\/uploads\/usu4\/2021\/03\/1-768x576.jpg 768w, https:\/\/serveiseducatius.xtec.cat\/castelldefels\/wp-content\/uploads\/usu4\/2021\/03\/1-1024x768.jpg 1024w, https:\/\/serveiseducatius.xtec.cat\/castelldefels\/wp-content\/uploads\/usu4\/2021\/03\/1-200x150.jpg 200w, https:\/\/serveiseducatius.xtec.cat\/castelldefels\/wp-content\/uploads\/usu4\/2021\/03\/1.jpg 1032w\" sizes=\"auto, (max-width: 300px) 100vw, 300px\" \/><\/a>\n\t\t\t<\/div><\/figure><figure class='gallery-item'>\n\t\t\t<div class='gallery-icon landscape'>\n\t\t\t\t<a href='https:\/\/serveiseducatius.xtec.cat\/castelldefels\/portada\/lletres-a-laula\/attachment\/2\/'><img loading=\"lazy\" decoding=\"async\" width=\"300\" height=\"225\" src=\"https:\/\/serveiseducatius.xtec.cat\/castelldefels\/wp-content\/uploads\/usu4\/2021\/03\/2-300x225.jpg\" class=\"attachment-medium size-medium\" alt=\"\" srcset=\"https:\/\/serveiseducatius.xtec.cat\/castelldefels\/wp-content\/uploads\/usu4\/2021\/03\/2-300x225.jpg 300w, https:\/\/serveiseducatius.xtec.cat\/castelldefels\/wp-content\/uploads\/usu4\/2021\/03\/2-768x576.jpg 768w, https:\/\/serveiseducatius.xtec.cat\/castelldefels\/wp-content\/uploads\/usu4\/2021\/03\/2-1024x768.jpg 1024w, https:\/\/serveiseducatius.xtec.cat\/castelldefels\/wp-content\/uploads\/usu4\/2021\/03\/2-200x150.jpg 200w, https:\/\/serveiseducatius.xtec.cat\/castelldefels\/wp-content\/uploads\/usu4\/2021\/03\/2.jpg 1032w\" sizes=\"auto, (max-width: 300px) 100vw, 300px\" \/><\/a>\n\t\t\t<\/div><\/figure><figure class='gallery-item'>\n\t\t\t<div class='gallery-icon landscape'>\n\t\t\t\t<a href='https:\/\/serveiseducatius.xtec.cat\/castelldefels\/portada\/lletres-a-laula\/attachment\/3\/'><img loading=\"lazy\" decoding=\"async\" width=\"300\" height=\"225\" src=\"https:\/\/serveiseducatius.xtec.cat\/castelldefels\/wp-content\/uploads\/usu4\/2021\/03\/3-300x225.jpg\" class=\"attachment-medium size-medium\" alt=\"\" srcset=\"https:\/\/serveiseducatius.xtec.cat\/castelldefels\/wp-content\/uploads\/usu4\/2021\/03\/3-300x225.jpg 300w, https:\/\/serveiseducatius.xtec.cat\/castelldefels\/wp-content\/uploads\/usu4\/2021\/03\/3-768x576.jpg 768w, https:\/\/serveiseducatius.xtec.cat\/castelldefels\/wp-content\/uploads\/usu4\/2021\/03\/3-1024x768.jpg 1024w, https:\/\/serveiseducatius.xtec.cat\/castelldefels\/wp-content\/uploads\/usu4\/2021\/03\/3-200x150.jpg 200w, https:\/\/serveiseducatius.xtec.cat\/castelldefels\/wp-content\/uploads\/usu4\/2021\/03\/3.jpg 1032w\" sizes=\"auto, (max-width: 300px) 100vw, 300px\" \/><\/a>\n\t\t\t<\/div><\/figure><figure class='gallery-item'>\n\t\t\t<div class='gallery-icon landscape'>\n\t\t\t\t<a href='https:\/\/serveiseducatius.xtec.cat\/castelldefels\/portada\/lletres-a-laula\/attachment\/4\/'><img loading=\"lazy\" decoding=\"async\" width=\"300\" height=\"225\" src=\"https:\/\/serveiseducatius.xtec.cat\/castelldefels\/wp-content\/uploads\/usu4\/2021\/03\/4-300x225.jpg\" class=\"attachment-medium size-medium\" alt=\"\" srcset=\"https:\/\/serveiseducatius.xtec.cat\/castelldefels\/wp-content\/uploads\/usu4\/2021\/03\/4-300x225.jpg 300w, https:\/\/serveiseducatius.xtec.cat\/castelldefels\/wp-content\/uploads\/usu4\/2021\/03\/4-768x576.jpg 768w, https:\/\/serveiseducatius.xtec.cat\/castelldefels\/wp-content\/uploads\/usu4\/2021\/03\/4-1024x768.jpg 1024w, https:\/\/serveiseducatius.xtec.cat\/castelldefels\/wp-content\/uploads\/usu4\/2021\/03\/4-200x150.jpg 200w, https:\/\/serveiseducatius.xtec.cat\/castelldefels\/wp-content\/uploads\/usu4\/2021\/03\/4.jpg 1032w\" sizes=\"auto, (max-width: 300px) 100vw, 300px\" \/><\/a>\n\t\t\t<\/div><\/figure><figure class='gallery-item'>\n\t\t\t<div class='gallery-icon landscape'>\n\t\t\t\t<a href='https:\/\/serveiseducatius.xtec.cat\/castelldefels\/portada\/lletres-a-laula\/attachment\/5\/'><img loading=\"lazy\" decoding=\"async\" width=\"300\" height=\"225\" src=\"https:\/\/serveiseducatius.xtec.cat\/castelldefels\/wp-content\/uploads\/usu4\/2021\/03\/5-300x225.jpg\" class=\"attachment-medium size-medium\" alt=\"\" srcset=\"https:\/\/serveiseducatius.xtec.cat\/castelldefels\/wp-content\/uploads\/usu4\/2021\/03\/5-300x225.jpg 300w, https:\/\/serveiseducatius.xtec.cat\/castelldefels\/wp-content\/uploads\/usu4\/2021\/03\/5-768x576.jpg 768w, https:\/\/serveiseducatius.xtec.cat\/castelldefels\/wp-content\/uploads\/usu4\/2021\/03\/5-1024x768.jpg 1024w, https:\/\/serveiseducatius.xtec.cat\/castelldefels\/wp-content\/uploads\/usu4\/2021\/03\/5-200x150.jpg 200w, https:\/\/serveiseducatius.xtec.cat\/castelldefels\/wp-content\/uploads\/usu4\/2021\/03\/5.jpg 1032w\" sizes=\"auto, (max-width: 300px) 100vw, 300px\" \/><\/a>\n\t\t\t<\/div><\/figure><figure class='gallery-item'>\n\t\t\t<div class='gallery-icon landscape'>\n\t\t\t\t<a href='https:\/\/serveiseducatius.xtec.cat\/castelldefels\/portada\/lletres-a-laula\/attachment\/6\/'><img loading=\"lazy\" decoding=\"async\" width=\"300\" height=\"204\" src=\"https:\/\/serveiseducatius.xtec.cat\/castelldefels\/wp-content\/uploads\/usu4\/2021\/03\/6-300x204.jpg\" class=\"attachment-medium size-medium\" alt=\"\" srcset=\"https:\/\/serveiseducatius.xtec.cat\/castelldefels\/wp-content\/uploads\/usu4\/2021\/03\/6-300x204.jpg 300w, https:\/\/serveiseducatius.xtec.cat\/castelldefels\/wp-content\/uploads\/usu4\/2021\/03\/6-768x522.jpg 768w, https:\/\/serveiseducatius.xtec.cat\/castelldefels\/wp-content\/uploads\/usu4\/2021\/03\/6-1024x696.jpg 1024w, https:\/\/serveiseducatius.xtec.cat\/castelldefels\/wp-content\/uploads\/usu4\/2021\/03\/6.jpg 1032w\" sizes=\"auto, (max-width: 300px) 100vw, 300px\" \/><\/a>\n\t\t\t<\/div><\/figure><figure class='gallery-item'>\n\t\t\t<div class='gallery-icon landscape'>\n\t\t\t\t<a href='https:\/\/serveiseducatius.xtec.cat\/castelldefels\/portada\/lletres-a-laula\/attachment\/7-2\/'><img loading=\"lazy\" decoding=\"async\" width=\"300\" height=\"216\" src=\"https:\/\/serveiseducatius.xtec.cat\/castelldefels\/wp-content\/uploads\/usu4\/2021\/03\/7-1-300x216.jpg\" class=\"attachment-medium size-medium\" alt=\"\" srcset=\"https:\/\/serveiseducatius.xtec.cat\/castelldefels\/wp-content\/uploads\/usu4\/2021\/03\/7-1-300x216.jpg 300w, https:\/\/serveiseducatius.xtec.cat\/castelldefels\/wp-content\/uploads\/usu4\/2021\/03\/7-1-768x553.jpg 768w, https:\/\/serveiseducatius.xtec.cat\/castelldefels\/wp-content\/uploads\/usu4\/2021\/03\/7-1-1024x737.jpg 1024w, https:\/\/serveiseducatius.xtec.cat\/castelldefels\/wp-content\/uploads\/usu4\/2021\/03\/7-1.jpg 1032w\" sizes=\"auto, (max-width: 300px) 100vw, 300px\" \/><\/a>\n\t\t\t<\/div><\/figure>\n\t\t<\/div>\n\n","protected":false},"excerpt":{"rendered":"<p>El passat\u00a0 dimecres dia 17 de mar\u00e7 els alumnes de 2n de prim\u00e0ria de les les escoles Josep Guinovart, Els Pins, Torre Barona i Jacint Verdaguer van tenir una trobada telem\u00e0tica amb la Merc\u00e8 Ar\u00e0nega autora de la col\u00b7lecci\u00f3 El Drac Sim\u00f3. Van poder veure com la il\u00b7lustradora dibuixava al Drac Sim\u00f3 en directe i [&hellip;]<\/p>\n","protected":false},"author":1,"featured_media":4015,"comment_status":"open","ping_status":"closed","sticky":false,"template":"","format":"standard","meta":{"_bbp_topic_count":0,"_bbp_reply_count":0,"_bbp_total_topic_count":0,"_bbp_total_reply_count":0,"_bbp_voice_count":0,"_bbp_anonymous_reply_count":0,"_bbp_topic_count_hidden":0,"_bbp_reply_count_hidden":0,"_bbp_forum_subforum_count":0,"site-sidebar-layout":"default","site-content-layout":"","ast-site-content-layout":"","site-content-style":"default","site-sidebar-style":"default","ast-global-header-display":"","ast-banner-title-visibility":"","ast-main-header-display":"","ast-hfb-above-header-display":"","ast-hfb-below-header-display":"","ast-hfb-mobile-header-display":"","site-post-title":"","ast-breadcrumbs-content":"","ast-featured-img":"","footer-sml-layout":"","theme-transparent-header-meta":"","adv-header-id-meta":"","stick-header-meta":"","header-above-stick-meta":"","header-main-stick-meta":"","header-below-stick-meta":"","astra-migrate-meta-layouts":"default","ast-page-background-enabled":"default","ast-page-background-meta":{"desktop":{"background-color":"var(--ast-global-color-4)","background-image":"","background-repeat":"repeat","background-position":"center center","background-size":"auto","background-attachment":"scroll","background-type":"","background-media":"","overlay-type":"","overlay-color":"","overlay-opacity":"","overlay-gradient":""},"tablet":{"background-color":"","background-image":"","background-repeat":"repeat","background-position":"center center","background-size":"auto","background-attachment":"scroll","background-type":"","background-media":"","overlay-type":"","overlay-color":"","overlay-opacity":"","overlay-gradient":""},"mobile":{"background-color":"","background-image":"","background-repeat":"repeat","background-position":"center center","background-size":"auto","background-attachment":"scroll","background-type":"","background-media":"","overlay-type":"","overlay-color":"","overlay-opacity":"","overlay-gradient":""}},"ast-content-background-meta":{"desktop":{"background-color":"var(--ast-global-color-5)","background-image":"","background-repeat":"repeat","background-position":"center center","background-size":"auto","background-attachment":"scroll","background-type":"","background-media":"","overlay-type":"","overlay-color":"","overlay-opacity":"","overlay-gradient":""},"tablet":{"background-color":"var(--ast-global-color-5)","background-image":"","background-repeat":"repeat","background-position":"center center","background-size":"auto","background-attachment":"scroll","background-type":"","background-media":"","overlay-type":"","overlay-color":"","overlay-opacity":"","overlay-gradient":""},"mobile":{"background-color":"var(--ast-global-color-5)","background-image":"","background-repeat":"repeat","background-position":"center center","background-size":"auto","background-attachment":"scroll","background-type":"","background-media":"","overlay-type":"","overlay-color":"","overlay-opacity":"","overlay-gradient":""}},"footnotes":""},"categories":[65,29],"tags":[],"class_list":["post-4009","post","type-post","status-publish","format-standard","has-post-thumbnail","hentry","category-crp","category-portada"],"post_mailing_queue_ids":[],"_links":{"self":[{"href":"https:\/\/serveiseducatius.xtec.cat\/castelldefels\/wp-json\/wp\/v2\/posts\/4009","targetHints":{"allow":["GET"]}}],"collection":[{"href":"https:\/\/serveiseducatius.xtec.cat\/castelldefels\/wp-json\/wp\/v2\/posts"}],"about":[{"href":"https:\/\/serveiseducatius.xtec.cat\/castelldefels\/wp-json\/wp\/v2\/types\/post"}],"author":[{"embeddable":true,"href":"https:\/\/serveiseducatius.xtec.cat\/castelldefels\/wp-json\/wp\/v2\/users\/1"}],"replies":[{"embeddable":true,"href":"https:\/\/serveiseducatius.xtec.cat\/castelldefels\/wp-json\/wp\/v2\/comments?post=4009"}],"version-history":[{"count":1,"href":"https:\/\/serveiseducatius.xtec.cat\/castelldefels\/wp-json\/wp\/v2\/posts\/4009\/revisions"}],"predecessor-version":[{"id":4018,"href":"https:\/\/serveiseducatius.xtec.cat\/castelldefels\/wp-json\/wp\/v2\/posts\/4009\/revisions\/4018"}],"wp:featuredmedia":[{"embeddable":true,"href":"https:\/\/serveiseducatius.xtec.cat\/castelldefels\/wp-json\/wp\/v2\/media\/4015"}],"wp:attachment":[{"href":"https:\/\/serveiseducatius.xtec.cat\/castelldefels\/wp-json\/wp\/v2\/media?parent=4009"}],"wp:term":[{"taxonomy":"category","embeddable":true,"href":"https:\/\/serveiseducatius.xtec.cat\/castelldefels\/wp-json\/wp\/v2\/categories?post=4009"},{"taxonomy":"post_tag","embeddable":true,"href":"https:\/\/serveiseducatius.xtec.cat\/castelldefels\/wp-json\/wp\/v2\/tags?post=4009"}],"curies":[{"name":"wp","href":"https:\/\/api.w.org\/{rel}","templated":true}]}}