{"id":3936,"date":"2021-01-29T13:15:27","date_gmt":"2021-01-29T12:15:27","guid":{"rendered":"https:\/\/serveiseducatius.xtec.cat\/castelldefels\/?p=3936"},"modified":"2021-01-29T13:15:27","modified_gmt":"2021-01-29T12:15:27","slug":"jornada-radio-escola-i-comunitat-per-una-educacio-participativa-critica-i-creativa","status":"publish","type":"post","link":"https:\/\/serveiseducatius.xtec.cat\/castelldefels\/portada\/jornada-radio-escola-i-comunitat-per-una-educacio-participativa-critica-i-creativa\/","title":{"rendered":"Jornada R\u00e0dio, escola i comunitat. Per una educaci\u00f3 participativa, cr\u00edtica i creativa"},"content":{"rendered":"<p style=\"font-weight: 400;\"><a href=\"https:\/\/serveiseducatius.xtec.cat\/castelldefels\/wp-content\/uploads\/usu4\/2021\/01\/Jornada-Radio-a-lescola.jpg\"><img loading=\"lazy\" decoding=\"async\" class=\"size-full wp-image-3937 alignleft\" src=\"https:\/\/serveiseducatius.xtec.cat\/castelldefels\/wp-content\/uploads\/usu4\/2021\/01\/Jornada-Radio-a-lescola.jpg\" alt=\"\" width=\"419\" height=\"553\" srcset=\"https:\/\/serveiseducatius.xtec.cat\/castelldefels\/wp-content\/uploads\/usu4\/2021\/01\/Jornada-Radio-a-lescola.jpg 419w, https:\/\/serveiseducatius.xtec.cat\/castelldefels\/wp-content\/uploads\/usu4\/2021\/01\/Jornada-Radio-a-lescola-227x300.jpg 227w\" sizes=\"auto, (max-width: 419px) 100vw, 419px\" \/><\/a>Fer r\u00e0dio a l&#8217;escola? Uf, quina feinada! En qu\u00e8 m&#8217;ajudar\u00e0 com a docent? Qu\u00e8 en trauran de bo els meus alumnes?<\/p>\n<p style=\"font-weight: 400;\">Descobreix la r\u00e0dio com una eina pedag\u00f2gica que facilita l\u2019articulaci\u00f3 dels diferents espais curriculars amb la producci\u00f3 de continguts radiof\u00f2nics significatius per l&#8217;alumnat i per tota la comunitat educativa. Et permetr\u00e0 estimular les habilitats comunicatives orals i escrites, la creativitat i el pensament cr\u00edtic, el treball en equip i per projectes, el vincle amb les fam\u00edlies i amb l&#8217;entorn social, malgrat els temps de pand\u00e8mia. Una multitud d&#8217;opcions que pots adaptar a la teva realitat posant de bracet l&#8217;educaci\u00f3 i la r\u00e0dio.<\/p>\n<p style=\"font-weight: 400;\">Si et pica la curiositat, aquesta \u00e9s la teva jornada. T&#8217;ajudar\u00e0 a emprendre el teu propi projecte i a potenciar la teva pr\u00e0ctica, en el cas que ja tinguis una experi\u00e8ncia pr\u00e8via.<\/p>\n<p style=\"font-weight: 400;\">A m\u00e9s, si formes part d&#8217;una r\u00e0dio local, un ajuntament, una entitat, o simplement ets una persona amb ganes de saber m\u00e9s sobre el m\u00f3n de les emissores escolars, la jornada tamb\u00e9 est\u00e0 oberta a tu. Hi ha pon\u00e8ncies, per exemple, sobre com articular projectes educatius en qu\u00e8 intervinguin diferents actors: emissores escolars i locals, ajuntaments, entitats, etc.<\/p>\n<p style=\"font-weight: 400;\"><strong>Apunta-t\u2019hi fins al 22 de febrer<\/strong>, i <strong>connecta-t\u2019hi el 24 de febrer<\/strong>.<\/p>\n<p style=\"font-weight: 400;\">Per formalitzar la inscripci\u00f3 clica a:\u00a0<a href=\"https:\/\/aplicacions.gestioeducativa.gencat.cat\/pls\/soloas\/pk_for_mod_ins.p_for_detall_activitat?p_codi=9001420555&amp;p_curs=2020-2021&amp;p_es_inscr=S\" target=\"_blank\" rel=\"noopener noreferrer\" data-saferedirecturl=\"https:\/\/www.google.com\/url?q=https:\/\/aplicacions.gestioeducativa.gencat.cat\/pls\/soloas\/pk_for_mod_ins.p_for_detall_activitat?p_codi%3D9001420555%26p_curs%3D2020-2021%26p_es_inscr%3DS&amp;source=gmail&amp;ust=1611991039653000&amp;usg=AFQjCNFsLipMio6EIpxKlG9DV7kODVxg9w\"><strong>INSCRIPCI\u00d3<\/strong><\/a><\/p>\n<p style=\"font-weight: 400;\">Per a m\u00e9s informaci\u00f3: <a href=\"http:\/\/xtec.gencat.cat\/ca\/projectes\/llengua-oral\/tenim-la-paraula\" data-saferedirecturl=\"https:\/\/www.google.com\/url?q=http:\/\/xtec.gencat.cat\/ca\/projectes\/llengua-oral\/tenim-la-paraula&amp;source=gmail&amp;ust=1611991039653000&amp;usg=AFQjCNFWoDtwXafW3GZjjbJj6bpvqsudPw\">xtec.gencat.cat<\/a><\/p>\n<p>&nbsp;<\/p>\n","protected":false},"excerpt":{"rendered":"<p>Fer r\u00e0dio a l&#8217;escola? Uf, quina feinada! En qu\u00e8 m&#8217;ajudar\u00e0 com a docent? Qu\u00e8 en trauran de bo els meus alumnes? Descobreix la r\u00e0dio com una eina pedag\u00f2gica que facilita l\u2019articulaci\u00f3 dels diferents espais curriculars amb la producci\u00f3 de continguts radiof\u00f2nics significatius per l&#8217;alumnat i per tota la comunitat educativa. Et permetr\u00e0 estimular les habilitats [&hellip;]<\/p>\n","protected":false},"author":1,"featured_media":3937,"comment_status":"open","ping_status":"closed","sticky":false,"template":"","format":"standard","meta":{"_bbp_topic_count":0,"_bbp_reply_count":0,"_bbp_total_topic_count":0,"_bbp_total_reply_count":0,"_bbp_voice_count":0,"_bbp_anonymous_reply_count":0,"_bbp_topic_count_hidden":0,"_bbp_reply_count_hidden":0,"_bbp_forum_subforum_count":0,"site-sidebar-layout":"default","site-content-layout":"","ast-site-content-layout":"","site-content-style":"default","site-sidebar-style":"default","ast-global-header-display":"","ast-banner-title-visibility":"","ast-main-header-display":"","ast-hfb-above-header-display":"","ast-hfb-below-header-display":"","ast-hfb-mobile-header-display":"","site-post-title":"","ast-breadcrumbs-content":"","ast-featured-img":"","footer-sml-layout":"","theme-transparent-header-meta":"","adv-header-id-meta":"","stick-header-meta":"","header-above-stick-meta":"","header-main-stick-meta":"","header-below-stick-meta":"","astra-migrate-meta-layouts":"default","ast-page-background-enabled":"default","ast-page-background-meta":{"desktop":{"background-color":"var(--ast-global-color-4)","background-image":"","background-repeat":"repeat","background-position":"center center","background-size":"auto","background-attachment":"scroll","background-type":"","background-media":"","overlay-type":"","overlay-color":"","overlay-opacity":"","overlay-gradient":""},"tablet":{"background-color":"","background-image":"","background-repeat":"repeat","background-position":"center center","background-size":"auto","background-attachment":"scroll","background-type":"","background-media":"","overlay-type":"","overlay-color":"","overlay-opacity":"","overlay-gradient":""},"mobile":{"background-color":"","background-image":"","background-repeat":"repeat","background-position":"center center","background-size":"auto","background-attachment":"scroll","background-type":"","background-media":"","overlay-type":"","overlay-color":"","overlay-opacity":"","overlay-gradient":""}},"ast-content-background-meta":{"desktop":{"background-color":"var(--ast-global-color-5)","background-image":"","background-repeat":"repeat","background-position":"center center","background-size":"auto","background-attachment":"scroll","background-type":"","background-media":"","overlay-type":"","overlay-color":"","overlay-opacity":"","overlay-gradient":""},"tablet":{"background-color":"var(--ast-global-color-5)","background-image":"","background-repeat":"repeat","background-position":"center center","background-size":"auto","background-attachment":"scroll","background-type":"","background-media":"","overlay-type":"","overlay-color":"","overlay-opacity":"","overlay-gradient":""},"mobile":{"background-color":"var(--ast-global-color-5)","background-image":"","background-repeat":"repeat","background-position":"center center","background-size":"auto","background-attachment":"scroll","background-type":"","background-media":"","overlay-type":"","overlay-color":"","overlay-opacity":"","overlay-gradient":""}},"footnotes":""},"categories":[65,29],"tags":[],"class_list":["post-3936","post","type-post","status-publish","format-standard","has-post-thumbnail","hentry","category-crp","category-portada"],"post_mailing_queue_ids":[],"_links":{"self":[{"href":"https:\/\/serveiseducatius.xtec.cat\/castelldefels\/wp-json\/wp\/v2\/posts\/3936","targetHints":{"allow":["GET"]}}],"collection":[{"href":"https:\/\/serveiseducatius.xtec.cat\/castelldefels\/wp-json\/wp\/v2\/posts"}],"about":[{"href":"https:\/\/serveiseducatius.xtec.cat\/castelldefels\/wp-json\/wp\/v2\/types\/post"}],"author":[{"embeddable":true,"href":"https:\/\/serveiseducatius.xtec.cat\/castelldefels\/wp-json\/wp\/v2\/users\/1"}],"replies":[{"embeddable":true,"href":"https:\/\/serveiseducatius.xtec.cat\/castelldefels\/wp-json\/wp\/v2\/comments?post=3936"}],"version-history":[{"count":3,"href":"https:\/\/serveiseducatius.xtec.cat\/castelldefels\/wp-json\/wp\/v2\/posts\/3936\/revisions"}],"predecessor-version":[{"id":3942,"href":"https:\/\/serveiseducatius.xtec.cat\/castelldefels\/wp-json\/wp\/v2\/posts\/3936\/revisions\/3942"}],"wp:featuredmedia":[{"embeddable":true,"href":"https:\/\/serveiseducatius.xtec.cat\/castelldefels\/wp-json\/wp\/v2\/media\/3937"}],"wp:attachment":[{"href":"https:\/\/serveiseducatius.xtec.cat\/castelldefels\/wp-json\/wp\/v2\/media?parent=3936"}],"wp:term":[{"taxonomy":"category","embeddable":true,"href":"https:\/\/serveiseducatius.xtec.cat\/castelldefels\/wp-json\/wp\/v2\/categories?post=3936"},{"taxonomy":"post_tag","embeddable":true,"href":"https:\/\/serveiseducatius.xtec.cat\/castelldefels\/wp-json\/wp\/v2\/tags?post=3936"}],"curies":[{"name":"wp","href":"https:\/\/api.w.org\/{rel}","templated":true}]}}