{"id":3886,"date":"2020-12-21T13:12:41","date_gmt":"2020-12-21T12:12:41","guid":{"rendered":"https:\/\/serveiseducatius.xtec.cat\/castelldefels\/?p=3886"},"modified":"2020-12-21T13:13:43","modified_gmt":"2020-12-21T12:13:43","slug":"fem-matematiques-2021","status":"publish","type":"post","link":"https:\/\/serveiseducatius.xtec.cat\/castelldefels\/portada\/fem-matematiques-2021\/","title":{"rendered":"Fem matem\u00e0tiques 2021"},"content":{"rendered":"<p><a href=\"https:\/\/serveiseducatius.xtec.cat\/castelldefels\/wp-content\/uploads\/usu4\/2020\/12\/femmates.png\"><img loading=\"lazy\" decoding=\"async\" class=\"aligncenter size-full wp-image-3887\" src=\"https:\/\/serveiseducatius.xtec.cat\/castelldefels\/wp-content\/uploads\/usu4\/2020\/12\/femmates.png\" alt=\"\" width=\"300\" height=\"116\" \/><\/a><\/p>\n<p><a href=\"https:\/\/fm.feemcat.org\/?cat=12\" target=\"_blank\" rel=\"noopener noreferrer\"><strong>FEM MATEM\u00c0TIQUES<\/strong><\/a>\u00a0\u00e9s una activitat dirigida a l\u2019alumnat de 6\u00e8 de Prim\u00e0ria i de 1r i 2n d\u2019ESO.\u00a0 La finalitat \u00e9s potenciar el raonament matem\u00e0tic a trav\u00e9s de la resoluci\u00f3 de problemes i fomentar la capacitat de comunicaci\u00f3 i argumentaci\u00f3 matem\u00e0tica.<\/p>\n<p>S\u2019organitza anualment per la\u00a0<a href=\"https:\/\/feemcat.org\/\" target=\"_blank\" rel=\"noopener noreferrer\">FEEMCAT<\/a>\u00a0amb el suport del Departament d\u2019Educaci\u00f3 en forma de concurs i es desenvolupa en tres fases:<\/p>\n<ul>\n<li><a href=\"https:\/\/fm.feemcat.org\/?page_id=231\" target=\"_blank\" rel=\"noopener noreferrer\">Primera fase<\/a>\u00a0(es fa als centres)<\/li>\n<li><a href=\"https:\/\/fm.feemcat.org\/?page_id=244\" target=\"_blank\" rel=\"noopener noreferrer\">Segona fase<\/a>\u00a0(es realitza de manera independent en cada una de les 5 associacions que forma part de la FEEMCAT: APMCM, ADEMGI, APaMMs, ABEAM, LleiMat)<\/li>\n<li><a href=\"https:\/\/fm.feemcat.org\/?page_id=247\" target=\"_blank\" rel=\"noopener noreferrer\">Tercera fase o fase final<\/a>\u00a0se celebra sempre al voltant del dia 12 de maig, Dia Escolar de les Matem\u00e0tiques (s\u2019estructura com una jornada matem\u00e0tica amb un component l\u00fadic).<\/li>\n<\/ul>\n","protected":false},"excerpt":{"rendered":"<p>FEM MATEM\u00c0TIQUES\u00a0\u00e9s una activitat dirigida a l\u2019alumnat de 6\u00e8 de Prim\u00e0ria i de 1r i 2n d\u2019ESO.\u00a0 La finalitat \u00e9s potenciar el raonament matem\u00e0tic a trav\u00e9s de la resoluci\u00f3 de problemes i fomentar la capacitat de comunicaci\u00f3 i argumentaci\u00f3 matem\u00e0tica. S\u2019organitza anualment per la\u00a0FEEMCAT\u00a0amb el suport del Departament d\u2019Educaci\u00f3 en forma de concurs i es [&hellip;]<\/p>\n","protected":false},"author":1,"featured_media":3887,"comment_status":"open","ping_status":"closed","sticky":false,"template":"","format":"standard","meta":{"_bbp_topic_count":0,"_bbp_reply_count":0,"_bbp_total_topic_count":0,"_bbp_total_reply_count":0,"_bbp_voice_count":0,"_bbp_anonymous_reply_count":0,"_bbp_topic_count_hidden":0,"_bbp_reply_count_hidden":0,"_bbp_forum_subforum_count":0,"site-sidebar-layout":"default","site-content-layout":"","ast-site-content-layout":"","site-content-style":"default","site-sidebar-style":"default","ast-global-header-display":"","ast-banner-title-visibility":"","ast-main-header-display":"","ast-hfb-above-header-display":"","ast-hfb-below-header-display":"","ast-hfb-mobile-header-display":"","site-post-title":"","ast-breadcrumbs-content":"","ast-featured-img":"","footer-sml-layout":"","theme-transparent-header-meta":"","adv-header-id-meta":"","stick-header-meta":"","header-above-stick-meta":"","header-main-stick-meta":"","header-below-stick-meta":"","astra-migrate-meta-layouts":"default","ast-page-background-enabled":"default","ast-page-background-meta":{"desktop":{"background-color":"var(--ast-global-color-4)","background-image":"","background-repeat":"repeat","background-position":"center center","background-size":"auto","background-attachment":"scroll","background-type":"","background-media":"","overlay-type":"","overlay-color":"","overlay-opacity":"","overlay-gradient":""},"tablet":{"background-color":"","background-image":"","background-repeat":"repeat","background-position":"center center","background-size":"auto","background-attachment":"scroll","background-type":"","background-media":"","overlay-type":"","overlay-color":"","overlay-opacity":"","overlay-gradient":""},"mobile":{"background-color":"","background-image":"","background-repeat":"repeat","background-position":"center center","background-size":"auto","background-attachment":"scroll","background-type":"","background-media":"","overlay-type":"","overlay-color":"","overlay-opacity":"","overlay-gradient":""}},"ast-content-background-meta":{"desktop":{"background-color":"var(--ast-global-color-5)","background-image":"","background-repeat":"repeat","background-position":"center center","background-size":"auto","background-attachment":"scroll","background-type":"","background-media":"","overlay-type":"","overlay-color":"","overlay-opacity":"","overlay-gradient":""},"tablet":{"background-color":"var(--ast-global-color-5)","background-image":"","background-repeat":"repeat","background-position":"center center","background-size":"auto","background-attachment":"scroll","background-type":"","background-media":"","overlay-type":"","overlay-color":"","overlay-opacity":"","overlay-gradient":""},"mobile":{"background-color":"var(--ast-global-color-5)","background-image":"","background-repeat":"repeat","background-position":"center center","background-size":"auto","background-attachment":"scroll","background-type":"","background-media":"","overlay-type":"","overlay-color":"","overlay-opacity":"","overlay-gradient":""}},"footnotes":""},"categories":[65,29],"tags":[],"class_list":["post-3886","post","type-post","status-publish","format-standard","has-post-thumbnail","hentry","category-crp","category-portada"],"post_mailing_queue_ids":[],"_links":{"self":[{"href":"https:\/\/serveiseducatius.xtec.cat\/castelldefels\/wp-json\/wp\/v2\/posts\/3886","targetHints":{"allow":["GET"]}}],"collection":[{"href":"https:\/\/serveiseducatius.xtec.cat\/castelldefels\/wp-json\/wp\/v2\/posts"}],"about":[{"href":"https:\/\/serveiseducatius.xtec.cat\/castelldefels\/wp-json\/wp\/v2\/types\/post"}],"author":[{"embeddable":true,"href":"https:\/\/serveiseducatius.xtec.cat\/castelldefels\/wp-json\/wp\/v2\/users\/1"}],"replies":[{"embeddable":true,"href":"https:\/\/serveiseducatius.xtec.cat\/castelldefels\/wp-json\/wp\/v2\/comments?post=3886"}],"version-history":[{"count":2,"href":"https:\/\/serveiseducatius.xtec.cat\/castelldefels\/wp-json\/wp\/v2\/posts\/3886\/revisions"}],"predecessor-version":[{"id":3889,"href":"https:\/\/serveiseducatius.xtec.cat\/castelldefels\/wp-json\/wp\/v2\/posts\/3886\/revisions\/3889"}],"wp:featuredmedia":[{"embeddable":true,"href":"https:\/\/serveiseducatius.xtec.cat\/castelldefels\/wp-json\/wp\/v2\/media\/3887"}],"wp:attachment":[{"href":"https:\/\/serveiseducatius.xtec.cat\/castelldefels\/wp-json\/wp\/v2\/media?parent=3886"}],"wp:term":[{"taxonomy":"category","embeddable":true,"href":"https:\/\/serveiseducatius.xtec.cat\/castelldefels\/wp-json\/wp\/v2\/categories?post=3886"},{"taxonomy":"post_tag","embeddable":true,"href":"https:\/\/serveiseducatius.xtec.cat\/castelldefels\/wp-json\/wp\/v2\/tags?post=3886"}],"curies":[{"name":"wp","href":"https:\/\/api.w.org\/{rel}","templated":true}]}}