{"id":3830,"date":"2020-10-19T08:37:12","date_gmt":"2020-10-19T06:37:12","guid":{"rendered":"https:\/\/serveiseducatius.xtec.cat\/castelldefels\/?p=3830"},"modified":"2020-10-19T08:37:12","modified_gmt":"2020-10-19T06:37:12","slug":"setmana-bio-per-lalimentacio-ecologica","status":"publish","type":"post","link":"https:\/\/serveiseducatius.xtec.cat\/castelldefels\/portada\/setmana-bio-per-lalimentacio-ecologica\/","title":{"rendered":"Setmana Bio per l\u2019alimentaci\u00f3 ecol\u00f2gica"},"content":{"rendered":"<p><a href=\"https:\/\/serveiseducatius.xtec.cat\/castelldefels\/wp-content\/uploads\/usu4\/2020\/10\/setmanabio-1.png\"><img loading=\"lazy\" decoding=\"async\" class=\"size-full wp-image-3832 alignleft\" src=\"https:\/\/serveiseducatius.xtec.cat\/castelldefels\/wp-content\/uploads\/usu4\/2020\/10\/setmanabio-1.png\" alt=\"\" width=\"340\" height=\"119\" srcset=\"https:\/\/serveiseducatius.xtec.cat\/castelldefels\/wp-content\/uploads\/usu4\/2020\/10\/setmanabio-1.png 340w, https:\/\/serveiseducatius.xtec.cat\/castelldefels\/wp-content\/uploads\/usu4\/2020\/10\/setmanabio-1-300x105.png 300w\" sizes=\"auto, (max-width: 340px) 100vw, 340px\" \/><\/a>Del 17 al 25 d\u2019octubre de 2020 se celebrar\u00e0 la 8a edici\u00f3 de la <a href=\"http:\/\/setmanabio.cat\/\" target=\"_blank\" rel=\"noopener noreferrer\"><strong>Setmana Bio per l\u2019alimentaci\u00f3 ecol\u00f2gica<\/strong><\/a>, un esdeveniment impulsat per diferents departaments de la Generalitat de Catalunya. Es desenvoluparan nombroses activitats amb l\u2019objectiu de promocionar i donar a con\u00e8ixer la producci\u00f3 i alimentaci\u00f3 ecol\u00f2giques entre la ciutadania.<\/p>\n<p><span id=\"more-10885\"><\/span>Les activitats incloses en el programa de la Setmana Bio estan promogudes per tota mena d\u2019agents, des dels mateixos departaments fins a empreses ecol\u00f2giques, passant per entitats locals i organitzacions relacionades amb aquest sector.<\/p>\n<p>Un dels projectes dins la Setmana bio \u00e9s la\u00a0<strong>Setmana bio a l\u2019escola<\/strong>, que \u00e9s l\u2019apartat\u00a0que agrupa activitats destinades a la comunitat educativa amb l\u2019objectiu de donar a con\u00e8ixer la producci\u00f3 agr\u00e0ria i l\u2019alimentaci\u00f3 ecol\u00f2giques en l\u2019entorn educatiu, tant a l\u2019alumnat com a les fam\u00edlies.<\/p>\n<p>Les activitats de la Setmana Bio a l\u2019escola les pot organitzar qualsevol centre educatiu de Catalunya que tingui inter\u00e8s, ja sigui centre d\u2019educaci\u00f3 infantil, prim\u00e0ria, secund\u00e0ria, batxillerat, educaci\u00f3 professional, educaci\u00f3 especial o llar d\u2019infants. Tamb\u00e9 poden organitzar activitats les associacions i entitats relacionades amb la comunitat educativa, com per exemple les AMPAs, biblioteques, entitats locals o qualsevol altra que tingui inter\u00e8s a fer-ho.\u00a0Alguns exemples d\u2019activitats poden ser:<\/p>\n<ul>\n<li>Visita a pagesos, ramaders o empreses d\u2019elaboraci\u00f3 de productes ecol\u00f2gics, per descobrir o saber m\u00e9s sobre la seva feina di\u00e0ria.<\/li>\n<li>Xerrades al centre d\u2019una persona productora, ja sigui pag\u00e8s, ramader o elaborador ecol\u00f2gic, per explicar la seva experi\u00e8ncia.<\/li>\n<li>Tallers, xerrades o altres visites relacionades amb la producci\u00f3 ecol\u00f2gica.<\/li>\n<li>Tot de treballs relacionats amb l\u2019hort ecol\u00f2gic.<\/li>\n<li>Introducci\u00f3 d\u2019aliments ecol\u00f2gics al menjador de l\u2019escola.<\/li>\n<\/ul>\n<p>La Setmana Bio disposa d\u2019una plataforma web,\u00a0<u><a href=\"http:\/\/setmanabio.cat\/\" target=\"_blank\" rel=\"noopener noreferrer\">setmanabio.cat<\/a><\/u>, que permet la gesti\u00f3 i difusi\u00f3 del projecte i millorar l\u2019experi\u00e8ncia tant dels organitzadors com dels participants en les activitats del programa. Aquest any s&#8217;ha actualitzat el disseny d\u2019aquesta p\u00e0gina, per millorar i facilitar la feina als organitzadors de les activitats, en la fase actual, i tamb\u00e9 per millorar l\u2019experi\u00e8ncia de navegaci\u00f3 de les persones interessades en participar en les activitats. Enguany, i a causa de la situaci\u00f3 que ens toca viure, s\u2019est\u00e0 treballant en la creaci\u00f3 d\u2019algunes actuacions virtuals que estaran disponibles a trav\u00e9s d\u2019un nou apartat de recursos online de la p\u00e0gina web.<\/p>\n<p>Per a qualsevol\u00a0dubte o q\u00fcesti\u00f3, contacteu amb l\u2019organitzaci\u00f3 a trav\u00e9s dels correus\u00a0<a href=\"mailto:escola@setmanabio.cat\">escola@setmanabio.cat<\/a>\u00a0,\u00a0<a href=\"mailto:info@setmanabio.cat\">info@setmanabio.cat<\/a>,\u00a0<a href=\"mailto:serveiseducatius@xtec.cat\">serveiseducatius<span class=\"\">@xtec.cat<\/span><\/a><\/p>\n","protected":false},"excerpt":{"rendered":"<p>Del 17 al 25 d\u2019octubre de 2020 se celebrar\u00e0 la 8a edici\u00f3 de la Setmana Bio per l\u2019alimentaci\u00f3 ecol\u00f2gica, un esdeveniment impulsat per diferents departaments de la Generalitat de Catalunya. Es desenvoluparan nombroses activitats amb l\u2019objectiu de promocionar i donar a con\u00e8ixer la producci\u00f3 i alimentaci\u00f3 ecol\u00f2giques entre la ciutadania. Les activitats incloses en el [&hellip;]<\/p>\n","protected":false},"author":1,"featured_media":3832,"comment_status":"open","ping_status":"closed","sticky":false,"template":"","format":"standard","meta":{"_bbp_topic_count":0,"_bbp_reply_count":0,"_bbp_total_topic_count":0,"_bbp_total_reply_count":0,"_bbp_voice_count":0,"_bbp_anonymous_reply_count":0,"_bbp_topic_count_hidden":0,"_bbp_reply_count_hidden":0,"_bbp_forum_subforum_count":0,"site-sidebar-layout":"default","site-content-layout":"","ast-site-content-layout":"","site-content-style":"default","site-sidebar-style":"default","ast-global-header-display":"","ast-banner-title-visibility":"","ast-main-header-display":"","ast-hfb-above-header-display":"","ast-hfb-below-header-display":"","ast-hfb-mobile-header-display":"","site-post-title":"","ast-breadcrumbs-content":"","ast-featured-img":"","footer-sml-layout":"","theme-transparent-header-meta":"","adv-header-id-meta":"","stick-header-meta":"","header-above-stick-meta":"","header-main-stick-meta":"","header-below-stick-meta":"","astra-migrate-meta-layouts":"default","ast-page-background-enabled":"default","ast-page-background-meta":{"desktop":{"background-color":"var(--ast-global-color-4)","background-image":"","background-repeat":"repeat","background-position":"center center","background-size":"auto","background-attachment":"scroll","background-type":"","background-media":"","overlay-type":"","overlay-color":"","overlay-opacity":"","overlay-gradient":""},"tablet":{"background-color":"","background-image":"","background-repeat":"repeat","background-position":"center center","background-size":"auto","background-attachment":"scroll","background-type":"","background-media":"","overlay-type":"","overlay-color":"","overlay-opacity":"","overlay-gradient":""},"mobile":{"background-color":"","background-image":"","background-repeat":"repeat","background-position":"center center","background-size":"auto","background-attachment":"scroll","background-type":"","background-media":"","overlay-type":"","overlay-color":"","overlay-opacity":"","overlay-gradient":""}},"ast-content-background-meta":{"desktop":{"background-color":"var(--ast-global-color-5)","background-image":"","background-repeat":"repeat","background-position":"center center","background-size":"auto","background-attachment":"scroll","background-type":"","background-media":"","overlay-type":"","overlay-color":"","overlay-opacity":"","overlay-gradient":""},"tablet":{"background-color":"var(--ast-global-color-5)","background-image":"","background-repeat":"repeat","background-position":"center center","background-size":"auto","background-attachment":"scroll","background-type":"","background-media":"","overlay-type":"","overlay-color":"","overlay-opacity":"","overlay-gradient":""},"mobile":{"background-color":"var(--ast-global-color-5)","background-image":"","background-repeat":"repeat","background-position":"center center","background-size":"auto","background-attachment":"scroll","background-type":"","background-media":"","overlay-type":"","overlay-color":"","overlay-opacity":"","overlay-gradient":""}},"footnotes":""},"categories":[65,29],"tags":[],"class_list":["post-3830","post","type-post","status-publish","format-standard","has-post-thumbnail","hentry","category-crp","category-portada"],"post_mailing_queue_ids":[],"_links":{"self":[{"href":"https:\/\/serveiseducatius.xtec.cat\/castelldefels\/wp-json\/wp\/v2\/posts\/3830","targetHints":{"allow":["GET"]}}],"collection":[{"href":"https:\/\/serveiseducatius.xtec.cat\/castelldefels\/wp-json\/wp\/v2\/posts"}],"about":[{"href":"https:\/\/serveiseducatius.xtec.cat\/castelldefels\/wp-json\/wp\/v2\/types\/post"}],"author":[{"embeddable":true,"href":"https:\/\/serveiseducatius.xtec.cat\/castelldefels\/wp-json\/wp\/v2\/users\/1"}],"replies":[{"embeddable":true,"href":"https:\/\/serveiseducatius.xtec.cat\/castelldefels\/wp-json\/wp\/v2\/comments?post=3830"}],"version-history":[{"count":1,"href":"https:\/\/serveiseducatius.xtec.cat\/castelldefels\/wp-json\/wp\/v2\/posts\/3830\/revisions"}],"predecessor-version":[{"id":3833,"href":"https:\/\/serveiseducatius.xtec.cat\/castelldefels\/wp-json\/wp\/v2\/posts\/3830\/revisions\/3833"}],"wp:featuredmedia":[{"embeddable":true,"href":"https:\/\/serveiseducatius.xtec.cat\/castelldefels\/wp-json\/wp\/v2\/media\/3832"}],"wp:attachment":[{"href":"https:\/\/serveiseducatius.xtec.cat\/castelldefels\/wp-json\/wp\/v2\/media?parent=3830"}],"wp:term":[{"taxonomy":"category","embeddable":true,"href":"https:\/\/serveiseducatius.xtec.cat\/castelldefels\/wp-json\/wp\/v2\/categories?post=3830"},{"taxonomy":"post_tag","embeddable":true,"href":"https:\/\/serveiseducatius.xtec.cat\/castelldefels\/wp-json\/wp\/v2\/tags?post=3830"}],"curies":[{"name":"wp","href":"https:\/\/api.w.org\/{rel}","templated":true}]}}