{"id":3752,"date":"2020-05-22T11:32:12","date_gmt":"2020-05-22T09:32:12","guid":{"rendered":"https:\/\/serveiseducatius.xtec.cat\/castelldefels\/?p=3752"},"modified":"2020-05-22T11:39:35","modified_gmt":"2020-05-22T09:39:35","slug":"xcb-activitats-compartides-pels-centres","status":"publish","type":"post","link":"https:\/\/serveiseducatius.xtec.cat\/castelldefels\/portada\/xcb-activitats-compartides-pels-centres\/","title":{"rendered":"XCB: activitats compartides pels centres"},"content":{"rendered":"<p><a href=\"https:\/\/projectes.xtec.cat\/xarxacb\/activitats-compartides-pels-centres\/\" target=\"_blank\" rel=\"noopener noreferrer\"><img loading=\"lazy\" decoding=\"async\" class=\"aligncenter size-large wp-image-3753\" src=\"https:\/\/serveiseducatius.xtec.cat\/castelldefels\/wp-content\/uploads\/usu4\/2020\/05\/xcb-1024x123.jpg\" alt=\"\" width=\"1024\" height=\"123\" srcset=\"https:\/\/serveiseducatius.xtec.cat\/castelldefels\/wp-content\/uploads\/usu4\/2020\/05\/xcb-1024x123.jpg 1024w, https:\/\/serveiseducatius.xtec.cat\/castelldefels\/wp-content\/uploads\/usu4\/2020\/05\/xcb-300x36.jpg 300w, https:\/\/serveiseducatius.xtec.cat\/castelldefels\/wp-content\/uploads\/usu4\/2020\/05\/xcb-768x92.jpg 768w\" sizes=\"auto, (max-width: 1024px) 100vw, 1024px\" \/><\/a><\/p>\n<p>La <strong>Xarxa de Compet\u00e8ncies B\u00e0siques<\/strong> ha cret un <a href=\"https:\/\/projectes.xtec.cat\/xarxacb\/activitats-compartides-pels-centres\/\" target=\"_blank\" rel=\"noopener noreferrer\"><strong>espai<\/strong><\/a> on trobareu activitats, tasques i altres <strong>propostes did\u00e0ctiques<\/strong> de diferents nivells i \u00e0mbits curriculars per facilitar l\u2019adquisici\u00f3 dels aprenentatges, compartides pels centres que en formen part. La idea \u00e9s contribuir a fomentar la cultura de la col\u00b7laboraci\u00f3 per a l\u2019enriquiment mutu, vinculada a la professionalitzaci\u00f3 docent i a les finalitats de la Xarxa Cb. Aquestes propostes es poden compartir amb els alumnes, enriquir, modificar i servir d\u2019inspiraci\u00f3 per fer-ne de noves. Qualsevol centre o docent hi pot contribuir a trav\u00e9s d&#8217;<a href=\"https:\/\/docs.google.com\/forms\/d\/e\/1FAIpQLSdg1YuiosOeNOtgsSnOUCshdZH-RqQP_veNCzmh8_FqL7Df1w\/viewform\" target=\"_blank\" rel=\"noopener noreferrer\"><strong>aquest formulari.<\/strong><\/a><\/p>\n<p>&nbsp;<\/p>\n","protected":false},"excerpt":{"rendered":"<p>La Xarxa de Compet\u00e8ncies B\u00e0siques ha cret un espai on trobareu activitats, tasques i altres propostes did\u00e0ctiques de diferents nivells i \u00e0mbits curriculars per facilitar l\u2019adquisici\u00f3 dels aprenentatges, compartides pels centres que en formen part. La idea \u00e9s contribuir a fomentar la cultura de la col\u00b7laboraci\u00f3 per a l\u2019enriquiment mutu, vinculada a la professionalitzaci\u00f3 docent [&hellip;]<\/p>\n","protected":false},"author":1,"featured_media":3757,"comment_status":"open","ping_status":"closed","sticky":false,"template":"","format":"standard","meta":{"_bbp_topic_count":0,"_bbp_reply_count":0,"_bbp_total_topic_count":0,"_bbp_total_reply_count":0,"_bbp_voice_count":0,"_bbp_anonymous_reply_count":0,"_bbp_topic_count_hidden":0,"_bbp_reply_count_hidden":0,"_bbp_forum_subforum_count":0,"site-sidebar-layout":"default","site-content-layout":"","ast-site-content-layout":"","site-content-style":"default","site-sidebar-style":"default","ast-global-header-display":"","ast-banner-title-visibility":"","ast-main-header-display":"","ast-hfb-above-header-display":"","ast-hfb-below-header-display":"","ast-hfb-mobile-header-display":"","site-post-title":"","ast-breadcrumbs-content":"","ast-featured-img":"","footer-sml-layout":"","theme-transparent-header-meta":"","adv-header-id-meta":"","stick-header-meta":"","header-above-stick-meta":"","header-main-stick-meta":"","header-below-stick-meta":"","astra-migrate-meta-layouts":"default","ast-page-background-enabled":"default","ast-page-background-meta":{"desktop":{"background-color":"var(--ast-global-color-4)","background-image":"","background-repeat":"repeat","background-position":"center center","background-size":"auto","background-attachment":"scroll","background-type":"","background-media":"","overlay-type":"","overlay-color":"","overlay-opacity":"","overlay-gradient":""},"tablet":{"background-color":"","background-image":"","background-repeat":"repeat","background-position":"center center","background-size":"auto","background-attachment":"scroll","background-type":"","background-media":"","overlay-type":"","overlay-color":"","overlay-opacity":"","overlay-gradient":""},"mobile":{"background-color":"","background-image":"","background-repeat":"repeat","background-position":"center center","background-size":"auto","background-attachment":"scroll","background-type":"","background-media":"","overlay-type":"","overlay-color":"","overlay-opacity":"","overlay-gradient":""}},"ast-content-background-meta":{"desktop":{"background-color":"var(--ast-global-color-5)","background-image":"","background-repeat":"repeat","background-position":"center center","background-size":"auto","background-attachment":"scroll","background-type":"","background-media":"","overlay-type":"","overlay-color":"","overlay-opacity":"","overlay-gradient":""},"tablet":{"background-color":"var(--ast-global-color-5)","background-image":"","background-repeat":"repeat","background-position":"center center","background-size":"auto","background-attachment":"scroll","background-type":"","background-media":"","overlay-type":"","overlay-color":"","overlay-opacity":"","overlay-gradient":""},"mobile":{"background-color":"var(--ast-global-color-5)","background-image":"","background-repeat":"repeat","background-position":"center center","background-size":"auto","background-attachment":"scroll","background-type":"","background-media":"","overlay-type":"","overlay-color":"","overlay-opacity":"","overlay-gradient":""}},"footnotes":""},"categories":[65,29],"tags":[],"class_list":["post-3752","post","type-post","status-publish","format-standard","has-post-thumbnail","hentry","category-crp","category-portada"],"post_mailing_queue_ids":[],"_links":{"self":[{"href":"https:\/\/serveiseducatius.xtec.cat\/castelldefels\/wp-json\/wp\/v2\/posts\/3752","targetHints":{"allow":["GET"]}}],"collection":[{"href":"https:\/\/serveiseducatius.xtec.cat\/castelldefels\/wp-json\/wp\/v2\/posts"}],"about":[{"href":"https:\/\/serveiseducatius.xtec.cat\/castelldefels\/wp-json\/wp\/v2\/types\/post"}],"author":[{"embeddable":true,"href":"https:\/\/serveiseducatius.xtec.cat\/castelldefels\/wp-json\/wp\/v2\/users\/1"}],"replies":[{"embeddable":true,"href":"https:\/\/serveiseducatius.xtec.cat\/castelldefels\/wp-json\/wp\/v2\/comments?post=3752"}],"version-history":[{"count":2,"href":"https:\/\/serveiseducatius.xtec.cat\/castelldefels\/wp-json\/wp\/v2\/posts\/3752\/revisions"}],"predecessor-version":[{"id":3755,"href":"https:\/\/serveiseducatius.xtec.cat\/castelldefels\/wp-json\/wp\/v2\/posts\/3752\/revisions\/3755"}],"wp:featuredmedia":[{"embeddable":true,"href":"https:\/\/serveiseducatius.xtec.cat\/castelldefels\/wp-json\/wp\/v2\/media\/3757"}],"wp:attachment":[{"href":"https:\/\/serveiseducatius.xtec.cat\/castelldefels\/wp-json\/wp\/v2\/media?parent=3752"}],"wp:term":[{"taxonomy":"category","embeddable":true,"href":"https:\/\/serveiseducatius.xtec.cat\/castelldefels\/wp-json\/wp\/v2\/categories?post=3752"},{"taxonomy":"post_tag","embeddable":true,"href":"https:\/\/serveiseducatius.xtec.cat\/castelldefels\/wp-json\/wp\/v2\/tags?post=3752"}],"curies":[{"name":"wp","href":"https:\/\/api.w.org\/{rel}","templated":true}]}}