{"id":3742,"date":"2020-04-21T23:16:01","date_gmt":"2020-04-21T21:16:01","guid":{"rendered":"https:\/\/serveiseducatius.xtec.cat\/castelldefels\/?p=3742"},"modified":"2020-04-21T23:16:01","modified_gmt":"2020-04-21T21:16:01","slug":"el-departament-deducacio-estableix-els-criteris-davaluacio-per-infantil-primaria-eso-batxillerat-cicles-formatius-i-ensenyaments-de-regim-especial","status":"publish","type":"post","link":"https:\/\/serveiseducatius.xtec.cat\/castelldefels\/portada\/el-departament-deducacio-estableix-els-criteris-davaluacio-per-infantil-primaria-eso-batxillerat-cicles-formatius-i-ensenyaments-de-regim-especial\/","title":{"rendered":"El Departament d&#8217;Educaci\u00f3 estableix els criteris d&#8217;avaluaci\u00f3 per infantil, prim\u00e0ria, ESO, batxillerat, cicles formatius i ensenyaments de r\u00e8gim especial"},"content":{"rendered":"<p><a href=\"https:\/\/serveiseducatius.xtec.cat\/castelldefels\/wp-content\/uploads\/usu4\/2020\/04\/aval.png\"><img loading=\"lazy\" decoding=\"async\" class=\"size-full wp-image-3743 alignright\" src=\"https:\/\/serveiseducatius.xtec.cat\/castelldefels\/wp-content\/uploads\/usu4\/2020\/04\/aval.png\" alt=\"\" width=\"400\" height=\"300\" srcset=\"https:\/\/serveiseducatius.xtec.cat\/castelldefels\/wp-content\/uploads\/usu4\/2020\/04\/aval.png 400w, https:\/\/serveiseducatius.xtec.cat\/castelldefels\/wp-content\/uploads\/usu4\/2020\/04\/aval-300x225.png 300w, https:\/\/serveiseducatius.xtec.cat\/castelldefels\/wp-content\/uploads\/usu4\/2020\/04\/aval-200x150.png 200w\" sizes=\"auto, (max-width: 400px) 100vw, 400px\" \/><\/a>El Departament d&#8217;Educaci\u00f3 ha establert en dues instruccions quins s\u00f3n els criteris d\u2019avaluaci\u00f3 per als equips docents i professorat de cara al tercer trimestre, que a causa del confinament pel COVID-19 s\u2019est\u00e0 duent a terme a dist\u00e0ncia. S\u00f3n dos \u00a0documents que concreten aquests criteris per a les seg\u00fcents etapes educatives: una instrucci\u00f3 per a l\u2019<a href=\"https:\/\/govern.cat\/govern\/docs\/2020\/04\/21\/09\/06\/57f2559d-a20d-4d9e-bd54-dce658448609.pdf\" target=\"_blank\" rel=\"noopener noreferrer\"><strong>educaci\u00f3 infantil, prim\u00e0ria, ESO, i batxillerat<\/strong><\/a>; i una altra per als <a href=\"https:\/\/govern.cat\/govern\/docs\/2020\/04\/21\/16\/13\/d7bb25f7-3fcf-45fa-98e3-9bef6795b9ce.pdf\" target=\"_blank\" rel=\"noopener noreferrer\"><strong>cicles de formaci\u00f3 professional, itineraris formatius espec\u00edfics, ensenyaments de r\u00e8gim especial, i ensenyaments art\u00edstics superiors<\/strong><\/a>.<\/p>\n<p>En aquestes noves circumst\u00e0ncies, i pel que fa a l\u2019acci\u00f3 educativa, l&#8217;objectiu no \u00e9s acabar els programes, sin\u00f3 promoure els aprenentatges adequats i factibles. Per aix\u00f2 cal evitar la r\u00e8plica de les situacions acad\u00e8miques habituals i ordin\u00e0ries: en l\u2019actual marc competencial, no es tracta de posar deures cada dia, sin\u00f3 de proposar activitats contextualitzades, en qu\u00e8 l&#8217;alumnat disposi d&#8217;un per\u00edode de temps raonable per dur-les a terme. Es proposa la periodicitat setmanal de forma orientadora, tot i que els equips educatius, de manera coordinada, poden modificar-la.<\/p>\n<p>Respecte a l\u2019avaluaci\u00f3, l\u2019objectiu \u00e9s determinar com l\u2019\u00faltima part del curs ha de servir per ajudar a millorar les compet\u00e8ncies, tenint en compte una premissa b\u00e0sica: en cap cas les qualificacions de la 3a avaluaci\u00f3 de podr\u00e0 modificar de manera negativa l\u2019avaluaci\u00f3 dels aprenentatges assolits entre setembre de 2019 i mar\u00e7 de 2020. D\u2019aquesta manera, per a cada situaci\u00f3, l\u2019equip docent ha de valorar el grau d\u2019assoliment de les compet\u00e8ncies professionals, personals i socials, aix\u00ed com el nivell d\u2019adquisici\u00f3 del curr\u00edculum per part de l\u2019alumnat.<\/p>\n<p>Aix\u00ed, amb les evid\u00e8ncies i observacions que es puguin recollir, el professorat elaborar\u00e0 l&#8217;informe que, en l&#8217;educaci\u00f3 obligat\u00f2ria, ha de reflectir els resultats obtinguts en l&#8217;avaluaci\u00f3 del proc\u00e9s d&#8217;aprenentatge de l&#8217;alumne corresponent a la 3a avaluaci\u00f3. En aquest marc, tot aprenentatge ser\u00e0 un valor afegit i cap element ha de restar.<\/p>\n","protected":false},"excerpt":{"rendered":"<p>El Departament d&#8217;Educaci\u00f3 ha establert en dues instruccions quins s\u00f3n els criteris d\u2019avaluaci\u00f3 per als equips docents i professorat de cara al tercer trimestre, que a causa del confinament pel COVID-19 s\u2019est\u00e0 duent a terme a dist\u00e0ncia. S\u00f3n dos \u00a0documents que concreten aquests criteris per a les seg\u00fcents etapes educatives: una instrucci\u00f3 per a l\u2019educaci\u00f3 [&hellip;]<\/p>\n","protected":false},"author":1,"featured_media":3743,"comment_status":"open","ping_status":"closed","sticky":false,"template":"","format":"standard","meta":{"_bbp_topic_count":0,"_bbp_reply_count":0,"_bbp_total_topic_count":0,"_bbp_total_reply_count":0,"_bbp_voice_count":0,"_bbp_anonymous_reply_count":0,"_bbp_topic_count_hidden":0,"_bbp_reply_count_hidden":0,"_bbp_forum_subforum_count":0,"site-sidebar-layout":"default","site-content-layout":"","ast-site-content-layout":"","site-content-style":"default","site-sidebar-style":"default","ast-global-header-display":"","ast-banner-title-visibility":"","ast-main-header-display":"","ast-hfb-above-header-display":"","ast-hfb-below-header-display":"","ast-hfb-mobile-header-display":"","site-post-title":"","ast-breadcrumbs-content":"","ast-featured-img":"","footer-sml-layout":"","theme-transparent-header-meta":"","adv-header-id-meta":"","stick-header-meta":"","header-above-stick-meta":"","header-main-stick-meta":"","header-below-stick-meta":"","astra-migrate-meta-layouts":"default","ast-page-background-enabled":"default","ast-page-background-meta":{"desktop":{"background-color":"var(--ast-global-color-4)","background-image":"","background-repeat":"repeat","background-position":"center center","background-size":"auto","background-attachment":"scroll","background-type":"","background-media":"","overlay-type":"","overlay-color":"","overlay-opacity":"","overlay-gradient":""},"tablet":{"background-color":"","background-image":"","background-repeat":"repeat","background-position":"center center","background-size":"auto","background-attachment":"scroll","background-type":"","background-media":"","overlay-type":"","overlay-color":"","overlay-opacity":"","overlay-gradient":""},"mobile":{"background-color":"","background-image":"","background-repeat":"repeat","background-position":"center center","background-size":"auto","background-attachment":"scroll","background-type":"","background-media":"","overlay-type":"","overlay-color":"","overlay-opacity":"","overlay-gradient":""}},"ast-content-background-meta":{"desktop":{"background-color":"var(--ast-global-color-5)","background-image":"","background-repeat":"repeat","background-position":"center center","background-size":"auto","background-attachment":"scroll","background-type":"","background-media":"","overlay-type":"","overlay-color":"","overlay-opacity":"","overlay-gradient":""},"tablet":{"background-color":"var(--ast-global-color-5)","background-image":"","background-repeat":"repeat","background-position":"center center","background-size":"auto","background-attachment":"scroll","background-type":"","background-media":"","overlay-type":"","overlay-color":"","overlay-opacity":"","overlay-gradient":""},"mobile":{"background-color":"var(--ast-global-color-5)","background-image":"","background-repeat":"repeat","background-position":"center center","background-size":"auto","background-attachment":"scroll","background-type":"","background-media":"","overlay-type":"","overlay-color":"","overlay-opacity":"","overlay-gradient":""}},"footnotes":""},"categories":[65,29],"tags":[],"class_list":["post-3742","post","type-post","status-publish","format-standard","has-post-thumbnail","hentry","category-crp","category-portada"],"post_mailing_queue_ids":[],"_links":{"self":[{"href":"https:\/\/serveiseducatius.xtec.cat\/castelldefels\/wp-json\/wp\/v2\/posts\/3742","targetHints":{"allow":["GET"]}}],"collection":[{"href":"https:\/\/serveiseducatius.xtec.cat\/castelldefels\/wp-json\/wp\/v2\/posts"}],"about":[{"href":"https:\/\/serveiseducatius.xtec.cat\/castelldefels\/wp-json\/wp\/v2\/types\/post"}],"author":[{"embeddable":true,"href":"https:\/\/serveiseducatius.xtec.cat\/castelldefels\/wp-json\/wp\/v2\/users\/1"}],"replies":[{"embeddable":true,"href":"https:\/\/serveiseducatius.xtec.cat\/castelldefels\/wp-json\/wp\/v2\/comments?post=3742"}],"version-history":[{"count":1,"href":"https:\/\/serveiseducatius.xtec.cat\/castelldefels\/wp-json\/wp\/v2\/posts\/3742\/revisions"}],"predecessor-version":[{"id":3744,"href":"https:\/\/serveiseducatius.xtec.cat\/castelldefels\/wp-json\/wp\/v2\/posts\/3742\/revisions\/3744"}],"wp:featuredmedia":[{"embeddable":true,"href":"https:\/\/serveiseducatius.xtec.cat\/castelldefels\/wp-json\/wp\/v2\/media\/3743"}],"wp:attachment":[{"href":"https:\/\/serveiseducatius.xtec.cat\/castelldefels\/wp-json\/wp\/v2\/media?parent=3742"}],"wp:term":[{"taxonomy":"category","embeddable":true,"href":"https:\/\/serveiseducatius.xtec.cat\/castelldefels\/wp-json\/wp\/v2\/categories?post=3742"},{"taxonomy":"post_tag","embeddable":true,"href":"https:\/\/serveiseducatius.xtec.cat\/castelldefels\/wp-json\/wp\/v2\/tags?post=3742"}],"curies":[{"name":"wp","href":"https:\/\/api.w.org\/{rel}","templated":true}]}}