{"id":3727,"date":"2020-04-16T22:36:17","date_gmt":"2020-04-16T20:36:17","guid":{"rendered":"https:\/\/serveiseducatius.xtec.cat\/castelldefels\/?p=3727"},"modified":"2020-04-21T22:43:43","modified_gmt":"2020-04-21T20:43:43","slug":"acasallegimenveualta-alternativa-al-suspes-certamen-de-lectura-en-veu-alta","status":"publish","type":"post","link":"https:\/\/serveiseducatius.xtec.cat\/castelldefels\/portada\/acasallegimenveualta-alternativa-al-suspes-certamen-de-lectura-en-veu-alta\/","title":{"rendered":"#acasallegimenveualta, alternativa al susp\u00e8s Certamen de lectura en veu alta"},"content":{"rendered":"<p><a href=\"https:\/\/serveiseducatius.xtec.cat\/castelldefels\/wp-content\/uploads\/usu4\/2020\/04\/clva.jpg\"><img loading=\"lazy\" decoding=\"async\" class=\"size-full wp-image-3728 alignright\" src=\"https:\/\/serveiseducatius.xtec.cat\/castelldefels\/wp-content\/uploads\/usu4\/2020\/04\/clva.jpg\" alt=\"\" width=\"336\" height=\"150\" srcset=\"https:\/\/serveiseducatius.xtec.cat\/castelldefels\/wp-content\/uploads\/usu4\/2020\/04\/clva.jpg 336w, https:\/\/serveiseducatius.xtec.cat\/castelldefels\/wp-content\/uploads\/usu4\/2020\/04\/clva-300x134.jpg 300w\" sizes=\"auto, (max-width: 336px) 100vw, 336px\" \/><\/a>La setzena edici\u00f3 del\u00a0<strong>Certamen de lectura en veu alta<\/strong> ha quedat cancel\u00b7lada definitivament per causa del COVID-19. Per\u00f2 no es resisteixen a deixar-ho aqu\u00ed. Per aix\u00f2, des del Grup Enciclop\u00e8dia i el Departament d\u2019Educaci\u00f3 us proposen tirar endavant un format del Certamen en confinament: <strong>#acasallegimenveualta<\/strong>\u00a0del\u00a0<strong>21 d\u2019abril<\/strong>\u00a0al\u00a0<strong>29 de maig<\/strong>. <span id=\"more-10272\"><\/span>Hi poden participar els centres educatius inscrits al XVI Certamen de lectura en veu alta. Cada centre educatiu podr\u00e0 enviar un m\u00e0xim de 5 v\u00eddeos per categoria. Els centres educatius que desitgin participar-hi han de fer una\u00a0<a href=\"http:\/\/www.lecturaenveualta.cat\/aprovacio-drets-dus-i-dimatge\/\" target=\"_blank\" rel=\"noopener noreferrer\"><strong>reinscripci\u00f3<\/strong><\/a>\u00a0en les categories que desitgin i demanar que l\u2019alumnat els faci arribar un v\u00eddeo llegint en veu alta. Cal acceptar i llegir les\u00a0<a href=\"http:\/\/www.lecturaenveualta.cat\/dretsdimatgeconfinament\/\" target=\"_blank\" rel=\"noopener noreferrer\"><strong>bases legals<\/strong><\/a>,\u00a0<strong>que canvien en relaci\u00f3 al format presencial<\/strong>.<\/p>\n<p><a href=\"http:\/\/www.lecturaenveualta.cat\/compartim-lectura\/com-shi-participa-2\/\" target=\"_blank\" rel=\"noopener noreferrer\"><strong>Llegiu com ha de ser el v\u00eddeo i com s\u2019ha d\u2019enviar!<\/strong><\/a><\/p>\n<p>Els v\u00eddeos seleccionats pel centre educatiu es penjaran al\u00a0<a href=\"https:\/\/www.youtube.com\/channel\/UCIsCTHiQmsrUSEX5XxdgfMg\" target=\"_blank\" rel=\"noopener noreferrer\"><strong>Canal de Youtube<\/strong>\u00a0<\/a>\u201c<strong>Compartim la lectura!<\/strong>\u201d. Tothom pot compartir el seu v\u00eddeo amb amics i amigues, amb familiars, o a les xarxes socials amb l\u2019etiqueta\u00a0<strong>#acasallegimenveualta<\/strong><\/p>\n<p>Gr\u00e0cies a la col\u00b7laboraci\u00f3 de\u00a0<a href=\"https:\/\/www.lagaleraeditorial.com\/\" target=\"_blank\" rel=\"noopener noreferrer\"><strong>La Galera<\/strong><\/a>\u00a0i de\u00a0<a href=\"https:\/\/text-lagalera.cat\/\" target=\"_blank\" rel=\"noopener noreferrer\"><strong>Text<\/strong>\u00a0<\/a>(segells del Grup Enciclop\u00e8dia), entre tots els centres educatius participants es sortejaran 10 lots de llibres per al centre, que es faran arribar quan s\u2019acabi el confinament. Tamb\u00e9 se us enviar\u00e0 un diploma digital per fer arribar a l\u2019alumnat participant.<\/p>\n<p>Per saber-ne m\u00e9s: <a href=\"https:\/\/www.lecturaenveualta.cat\/compartim-lectura\/\" target=\"_blank\" rel=\"noopener noreferrer\"><strong>web del XVI Certamen<\/strong><\/a><\/p>\n","protected":false},"excerpt":{"rendered":"<p>La setzena edici\u00f3 del\u00a0Certamen de lectura en veu alta ha quedat cancel\u00b7lada definitivament per causa del COVID-19. Per\u00f2 no es resisteixen a deixar-ho aqu\u00ed. Per aix\u00f2, des del Grup Enciclop\u00e8dia i el Departament d\u2019Educaci\u00f3 us proposen tirar endavant un format del Certamen en confinament: #acasallegimenveualta\u00a0del\u00a021 d\u2019abril\u00a0al\u00a029 de maig. Hi poden participar els centres educatius inscrits [&hellip;]<\/p>\n","protected":false},"author":1,"featured_media":3728,"comment_status":"open","ping_status":"closed","sticky":false,"template":"","format":"standard","meta":{"_bbp_topic_count":0,"_bbp_reply_count":0,"_bbp_total_topic_count":0,"_bbp_total_reply_count":0,"_bbp_voice_count":0,"_bbp_anonymous_reply_count":0,"_bbp_topic_count_hidden":0,"_bbp_reply_count_hidden":0,"_bbp_forum_subforum_count":0,"site-sidebar-layout":"default","site-content-layout":"","ast-site-content-layout":"","site-content-style":"default","site-sidebar-style":"default","ast-global-header-display":"","ast-banner-title-visibility":"","ast-main-header-display":"","ast-hfb-above-header-display":"","ast-hfb-below-header-display":"","ast-hfb-mobile-header-display":"","site-post-title":"","ast-breadcrumbs-content":"","ast-featured-img":"","footer-sml-layout":"","theme-transparent-header-meta":"","adv-header-id-meta":"","stick-header-meta":"","header-above-stick-meta":"","header-main-stick-meta":"","header-below-stick-meta":"","astra-migrate-meta-layouts":"default","ast-page-background-enabled":"default","ast-page-background-meta":{"desktop":{"background-color":"var(--ast-global-color-4)","background-image":"","background-repeat":"repeat","background-position":"center center","background-size":"auto","background-attachment":"scroll","background-type":"","background-media":"","overlay-type":"","overlay-color":"","overlay-opacity":"","overlay-gradient":""},"tablet":{"background-color":"","background-image":"","background-repeat":"repeat","background-position":"center center","background-size":"auto","background-attachment":"scroll","background-type":"","background-media":"","overlay-type":"","overlay-color":"","overlay-opacity":"","overlay-gradient":""},"mobile":{"background-color":"","background-image":"","background-repeat":"repeat","background-position":"center center","background-size":"auto","background-attachment":"scroll","background-type":"","background-media":"","overlay-type":"","overlay-color":"","overlay-opacity":"","overlay-gradient":""}},"ast-content-background-meta":{"desktop":{"background-color":"var(--ast-global-color-5)","background-image":"","background-repeat":"repeat","background-position":"center center","background-size":"auto","background-attachment":"scroll","background-type":"","background-media":"","overlay-type":"","overlay-color":"","overlay-opacity":"","overlay-gradient":""},"tablet":{"background-color":"var(--ast-global-color-5)","background-image":"","background-repeat":"repeat","background-position":"center center","background-size":"auto","background-attachment":"scroll","background-type":"","background-media":"","overlay-type":"","overlay-color":"","overlay-opacity":"","overlay-gradient":""},"mobile":{"background-color":"var(--ast-global-color-5)","background-image":"","background-repeat":"repeat","background-position":"center center","background-size":"auto","background-attachment":"scroll","background-type":"","background-media":"","overlay-type":"","overlay-color":"","overlay-opacity":"","overlay-gradient":""}},"footnotes":""},"categories":[65,29],"tags":[],"class_list":["post-3727","post","type-post","status-publish","format-standard","has-post-thumbnail","hentry","category-crp","category-portada"],"post_mailing_queue_ids":[],"_links":{"self":[{"href":"https:\/\/serveiseducatius.xtec.cat\/castelldefels\/wp-json\/wp\/v2\/posts\/3727","targetHints":{"allow":["GET"]}}],"collection":[{"href":"https:\/\/serveiseducatius.xtec.cat\/castelldefels\/wp-json\/wp\/v2\/posts"}],"about":[{"href":"https:\/\/serveiseducatius.xtec.cat\/castelldefels\/wp-json\/wp\/v2\/types\/post"}],"author":[{"embeddable":true,"href":"https:\/\/serveiseducatius.xtec.cat\/castelldefels\/wp-json\/wp\/v2\/users\/1"}],"replies":[{"embeddable":true,"href":"https:\/\/serveiseducatius.xtec.cat\/castelldefels\/wp-json\/wp\/v2\/comments?post=3727"}],"version-history":[{"count":2,"href":"https:\/\/serveiseducatius.xtec.cat\/castelldefels\/wp-json\/wp\/v2\/posts\/3727\/revisions"}],"predecessor-version":[{"id":3730,"href":"https:\/\/serveiseducatius.xtec.cat\/castelldefels\/wp-json\/wp\/v2\/posts\/3727\/revisions\/3730"}],"wp:featuredmedia":[{"embeddable":true,"href":"https:\/\/serveiseducatius.xtec.cat\/castelldefels\/wp-json\/wp\/v2\/media\/3728"}],"wp:attachment":[{"href":"https:\/\/serveiseducatius.xtec.cat\/castelldefels\/wp-json\/wp\/v2\/media?parent=3727"}],"wp:term":[{"taxonomy":"category","embeddable":true,"href":"https:\/\/serveiseducatius.xtec.cat\/castelldefels\/wp-json\/wp\/v2\/categories?post=3727"},{"taxonomy":"post_tag","embeddable":true,"href":"https:\/\/serveiseducatius.xtec.cat\/castelldefels\/wp-json\/wp\/v2\/tags?post=3727"}],"curies":[{"name":"wp","href":"https:\/\/api.w.org\/{rel}","templated":true}]}}