{"id":3700,"date":"2020-03-31T12:31:47","date_gmt":"2020-03-31T10:31:47","guid":{"rendered":"https:\/\/serveiseducatius.xtec.cat\/castelldefels\/?p=3700"},"modified":"2020-03-31T12:35:52","modified_gmt":"2020-03-31T10:35:52","slug":"el-departament-publica-criteris-sobre-avaluacio-i-seguiment-dalumnat-durant-el-confinament","status":"publish","type":"post","link":"https:\/\/serveiseducatius.xtec.cat\/castelldefels\/portada\/el-departament-publica-criteris-sobre-avaluacio-i-seguiment-dalumnat-durant-el-confinament\/","title":{"rendered":"Criteris sobre avaluaci\u00f3 i seguiment d&#8217;alumnat durant el confinament"},"content":{"rendered":"<p><a href=\"https:\/\/govern.cat\/govern\/docs\/2020\/03\/30\/16\/22\/8d2376dd-bc29-4d9a-a501-7195e39b10a4.pdf\" target=\"_blank\" rel=\"noopener noreferrer\"><img loading=\"lazy\" decoding=\"async\" class=\"aligncenter size-full wp-image-3701\" src=\"https:\/\/serveiseducatius.xtec.cat\/castelldefels\/wp-content\/uploads\/usu4\/2020\/03\/aval2.png\" alt=\"\" width=\"847\" height=\"299\" srcset=\"https:\/\/serveiseducatius.xtec.cat\/castelldefels\/wp-content\/uploads\/usu4\/2020\/03\/aval2.png 847w, https:\/\/serveiseducatius.xtec.cat\/castelldefels\/wp-content\/uploads\/usu4\/2020\/03\/aval2-300x106.png 300w, https:\/\/serveiseducatius.xtec.cat\/castelldefels\/wp-content\/uploads\/usu4\/2020\/03\/aval2-768x271.png 768w\" sizes=\"auto, (max-width: 847px) 100vw, 847px\" \/><\/a><\/p>\n<p>El Departament d&#8217;Educaci\u00f3 ha establert que les avaluacions d&#8217;aquest curs, alterat per la crisi del coronavirus, tindran en compte la situaci\u00f3 personalitzada de cada alumne. L&#8217;objectiu principal \u00e9s donar continu\u00eftat a l&#8217;activitat formativa per ajudar a mantenir els h\u00e0bits i el proc\u00e9s d&#8217;aprenentatge amb propostes educatives que arribin a tots els alumnes. El seguiment tutorial i el suport emocional a alumnes i fam\u00edlies prenen m\u00e9s import\u00e0ncia en aquest context.<\/p>\n<p>Quant a l&#8217;avaluaci\u00f3, el departament estableix que el segon trimestre s&#8217;ha d&#8217;avaluar fins el 12 de mar\u00e7, amb les observacions obtingudes fins llavors. Els informes per a alumnes i fam\u00edlies es podran lliurar quan s&#8217;hagin normalitzat l&#8217;activitat acad\u00e8mica, malgrat que alguns centres ja els han tram\u00e8s a les fam\u00edlies.<\/p>\n<p>Probablement, indica Educaci\u00f3, el tercer trimestre comen\u00e7ar\u00e0 en per\u00edode de confinament. Per aquest motiu, la doc\u00e8ncia haur\u00e0 de ser virtual. L&#8217;avaluaci\u00f3 ser\u00e0 qualificadora i personalitzada, tenint en compte les limitacions de cada alumne. Aix\u00f2 far\u00e0 que els tutors tinguin un paper cabdal en la comunicaci\u00f3 i el suport regular a alumnes i fam\u00edlies. Caldr\u00e0, doncs, revisar els criteris d&#8217;avaluaci\u00f3 formulats per cada centre a principi de curs i adaptar-los a les limitacions formatives i personals amb qu\u00e8 s&#8217;hagi trobat cada alumne. A partir del 13 d&#8217;abril el Departament d&#8217;Educaci\u00f3 establir\u00e0 noves orientacions.<\/p>\n<p>Educaci\u00f3 recorda que les activitats que s&#8217;organitzin han de seguir els par\u00e0metres de l&#8217;ensenyament per compet\u00e8ncies b\u00e0siques i defugir la necessitat i la pressi\u00f3 d&#8217;acabar els programes. Per exemple, es recomana de fer propostes setmanals, a partir d&#8217;\u00e0mbits curriculars diversos, amb calendari de lliurament i amb la possibilitat de fer un retorn de les activitats als alumnes.<\/p>\n<p>Podeu llegir aqu\u00ed \u00edntegrament els <a href=\"https:\/\/govern.cat\/govern\/docs\/2020\/03\/30\/16\/22\/8d2376dd-bc29-4d9a-a501-7195e39b10a4.pdf\" target=\"_blank\" rel=\"noopener noreferrer\"><strong>criteris sobre l&#8217;avaluaci\u00f3 i el seguiment de l&#8217;alumnat durant el per\u00edode de confinament a causa del Covid-19<\/strong><\/a>.<\/p>\n","protected":false},"excerpt":{"rendered":"<p>El Departament d&#8217;Educaci\u00f3 ha establert que les avaluacions d&#8217;aquest curs, alterat per la crisi del coronavirus, tindran en compte la situaci\u00f3 personalitzada de cada alumne. L&#8217;objectiu principal \u00e9s donar continu\u00eftat a l&#8217;activitat formativa per ajudar a mantenir els h\u00e0bits i el proc\u00e9s d&#8217;aprenentatge amb propostes educatives que arribin a tots els alumnes. El seguiment tutorial [&hellip;]<\/p>\n","protected":false},"author":1,"featured_media":3703,"comment_status":"open","ping_status":"closed","sticky":false,"template":"","format":"standard","meta":{"_bbp_topic_count":0,"_bbp_reply_count":0,"_bbp_total_topic_count":0,"_bbp_total_reply_count":0,"_bbp_voice_count":0,"_bbp_anonymous_reply_count":0,"_bbp_topic_count_hidden":0,"_bbp_reply_count_hidden":0,"_bbp_forum_subforum_count":0,"site-sidebar-layout":"default","site-content-layout":"","ast-site-content-layout":"","site-content-style":"default","site-sidebar-style":"default","ast-global-header-display":"","ast-banner-title-visibility":"","ast-main-header-display":"","ast-hfb-above-header-display":"","ast-hfb-below-header-display":"","ast-hfb-mobile-header-display":"","site-post-title":"","ast-breadcrumbs-content":"","ast-featured-img":"","footer-sml-layout":"","theme-transparent-header-meta":"","adv-header-id-meta":"","stick-header-meta":"","header-above-stick-meta":"","header-main-stick-meta":"","header-below-stick-meta":"","astra-migrate-meta-layouts":"default","ast-page-background-enabled":"default","ast-page-background-meta":{"desktop":{"background-color":"var(--ast-global-color-4)","background-image":"","background-repeat":"repeat","background-position":"center center","background-size":"auto","background-attachment":"scroll","background-type":"","background-media":"","overlay-type":"","overlay-color":"","overlay-opacity":"","overlay-gradient":""},"tablet":{"background-color":"","background-image":"","background-repeat":"repeat","background-position":"center center","background-size":"auto","background-attachment":"scroll","background-type":"","background-media":"","overlay-type":"","overlay-color":"","overlay-opacity":"","overlay-gradient":""},"mobile":{"background-color":"","background-image":"","background-repeat":"repeat","background-position":"center center","background-size":"auto","background-attachment":"scroll","background-type":"","background-media":"","overlay-type":"","overlay-color":"","overlay-opacity":"","overlay-gradient":""}},"ast-content-background-meta":{"desktop":{"background-color":"var(--ast-global-color-5)","background-image":"","background-repeat":"repeat","background-position":"center center","background-size":"auto","background-attachment":"scroll","background-type":"","background-media":"","overlay-type":"","overlay-color":"","overlay-opacity":"","overlay-gradient":""},"tablet":{"background-color":"var(--ast-global-color-5)","background-image":"","background-repeat":"repeat","background-position":"center center","background-size":"auto","background-attachment":"scroll","background-type":"","background-media":"","overlay-type":"","overlay-color":"","overlay-opacity":"","overlay-gradient":""},"mobile":{"background-color":"var(--ast-global-color-5)","background-image":"","background-repeat":"repeat","background-position":"center center","background-size":"auto","background-attachment":"scroll","background-type":"","background-media":"","overlay-type":"","overlay-color":"","overlay-opacity":"","overlay-gradient":""}},"footnotes":""},"categories":[65,29],"tags":[],"class_list":["post-3700","post","type-post","status-publish","format-standard","has-post-thumbnail","hentry","category-crp","category-portada"],"post_mailing_queue_ids":[],"_links":{"self":[{"href":"https:\/\/serveiseducatius.xtec.cat\/castelldefels\/wp-json\/wp\/v2\/posts\/3700","targetHints":{"allow":["GET"]}}],"collection":[{"href":"https:\/\/serveiseducatius.xtec.cat\/castelldefels\/wp-json\/wp\/v2\/posts"}],"about":[{"href":"https:\/\/serveiseducatius.xtec.cat\/castelldefels\/wp-json\/wp\/v2\/types\/post"}],"author":[{"embeddable":true,"href":"https:\/\/serveiseducatius.xtec.cat\/castelldefels\/wp-json\/wp\/v2\/users\/1"}],"replies":[{"embeddable":true,"href":"https:\/\/serveiseducatius.xtec.cat\/castelldefels\/wp-json\/wp\/v2\/comments?post=3700"}],"version-history":[{"count":2,"href":"https:\/\/serveiseducatius.xtec.cat\/castelldefels\/wp-json\/wp\/v2\/posts\/3700\/revisions"}],"predecessor-version":[{"id":3704,"href":"https:\/\/serveiseducatius.xtec.cat\/castelldefels\/wp-json\/wp\/v2\/posts\/3700\/revisions\/3704"}],"wp:featuredmedia":[{"embeddable":true,"href":"https:\/\/serveiseducatius.xtec.cat\/castelldefels\/wp-json\/wp\/v2\/media\/3703"}],"wp:attachment":[{"href":"https:\/\/serveiseducatius.xtec.cat\/castelldefels\/wp-json\/wp\/v2\/media?parent=3700"}],"wp:term":[{"taxonomy":"category","embeddable":true,"href":"https:\/\/serveiseducatius.xtec.cat\/castelldefels\/wp-json\/wp\/v2\/categories?post=3700"},{"taxonomy":"post_tag","embeddable":true,"href":"https:\/\/serveiseducatius.xtec.cat\/castelldefels\/wp-json\/wp\/v2\/tags?post=3700"}],"curies":[{"name":"wp","href":"https:\/\/api.w.org\/{rel}","templated":true}]}}